{"id":148057,"date":"2025-09-30T07:02:10","date_gmt":"2025-09-30T07:02:10","guid":{"rendered":"https:\/\/www.europesays.com\/es\/148057\/"},"modified":"2025-09-30T07:02:10","modified_gmt":"2025-09-30T07:02:10","slug":"que-gozada-que-este-la-calle-cerrada","status":"publish","type":"post","link":"https:\/\/www.europesays.com\/es\/148057\/","title":{"rendered":"\u00ab\u00a1Qu\u00e9 gozada que est\u00e9 la calle cerrada!\u00bb"},"content":{"rendered":"<p class=\"v-mdl-ath__p v-mdl-ath__p--2\">\nI\u00f1igo Aristizabal\n<\/p>\n<p class=\"v-mdl-ath__p v-mdl-ath__p--3\">\nHONDARRIBIA.\n<\/p>\n<p class=\"v-mdl-ath__p v-mdl-ath__p--6\">\nLunes, 29 de septiembre 2025, 20:49<\/p>\n<p class=\"v-p\"> El aplazamiento de la marcha ciclista de Balazta por mal tiempo y su reubicaci\u00f3n en una nueva fecha fueron una bendici\u00f3n y motivaron una participaci\u00f3n r\u00e9cord y una jornada festiva y de reivindicaci\u00f3n con muy buen tiempo.<\/p>\n<p class=\"v-p\">Esta marcha suele empezar con una foto de todos los participantes en Damarri, en la cuesta que lleva a la calle Mayor, pero fue pr\u00e1cticamente imposible realizarla debido al elevado n\u00famero de ciclistas que hab\u00edan acudido a la cita. Hubo que poner los m\u00f3viles en modo panor\u00e1mico para que entraran todos.<\/p>\n<p class=\"v-p\">Y despu\u00e9s vino la marcha, que fue por el paseo Bidasoa hasta el final del paseo Butr\u00f3n y volvi\u00f3 por la calle San Pedro para afrontar el \u00faltimo tramo por Kosta hasta Mendelu, donde la calle estaba cerrada al tr\u00e1fico.<\/p>\n<p class=\"v-p\">Y lo estaba desde las nueve de la ma\u00f1ana, para preparar los castillos hinchables y dem\u00e1s juegos. Ya a esa hora empez\u00f3 a escucharse un comentario que se repiti\u00f3 unas cu\u00e1ntas veces a lo largo de la ma\u00f1ana: \u00ab\u00a1Qu\u00e9 gozada que est\u00e9 la calle cerrada!\u00bb. Y lo disfrutaron sobre todo los peque\u00f1os con los juegos de Txiribuelta, la animaci\u00f3n de Mikeltxi y los hinchables Aupa Kultur Lanak.<\/p>\n<p class=\"v-p\">Hasta all\u00ed lleg\u00f3 tambi\u00e9n un gran bal\u00f3n con el lema &#8216;Irun eta Hondarribia bidegorriz lotu&#8217; (Unir Irun y Hondarribia con bidegorri). Desde Balazta se\u00f1alan que \u00abeste bal\u00f3n simboliza c\u00f3mo las instituciones se pasan la pelota unos a otros y as\u00ed llevamos a\u00f1os y a\u00f1os esperando un bidegorri que es s\u00faper necesario para unir las dos ciudades\u00bb.<\/p>\n<p>Comenta<\/p>\n<p>Reporta un error<\/p>\n","protected":false},"excerpt":{"rendered":"I\u00f1igo Aristizabal HONDARRIBIA. Lunes, 29 de septiembre 2025, 20:49 El aplazamiento de la marcha ciclista de Balazta por&hellip;\n","protected":false},"author":2,"featured_media":148058,"comment_status":"","ping_status":"","sticky":false,"template":"","format":"standard","meta":{"footnotes":""},"categories":[273],"tags":[10872,7473,313,312,168,25,24,45300,23,167],"class_list":{"0":"post-148057","1":"post","2":"type-post","3":"status-publish","4":"format-standard","5":"has-post-thumbnail","7":"category-ciclismo","8":"tag-calle","9":"tag-cerrada","10":"tag-ciclismo","11":"tag-cycling","12":"tag-deportes","13":"tag-es","14":"tag-espana","15":"tag-gozada","16":"tag-spain","17":"tag-sports"},"share_on_mastodon":{"url":"","error":""},"_links":{"self":[{"href":"https:\/\/www.europesays.com\/es\/wp-json\/wp\/v2\/posts\/148057","targetHints":{"allow":["GET"]}}],"collection":[{"href":"https:\/\/www.europesays.com\/es\/wp-json\/wp\/v2\/posts"}],"about":[{"href":"https:\/\/www.europesays.com\/es\/wp-json\/wp\/v2\/types\/post"}],"author":[{"embeddable":true,"href":"https:\/\/www.europesays.com\/es\/wp-json\/wp\/v2\/users\/2"}],"replies":[{"embeddable":true,"href":"https:\/\/www.europesays.com\/es\/wp-json\/wp\/v2\/comments?post=148057"}],"version-history":[{"count":0,"href":"https:\/\/www.europesays.com\/es\/wp-json\/wp\/v2\/posts\/148057\/revisions"}],"wp:featuredmedia":[{"embeddable":true,"href":"https:\/\/www.europesays.com\/es\/wp-json\/wp\/v2\/media\/148058"}],"wp:attachment":[{"href":"https:\/\/www.europesays.com\/es\/wp-json\/wp\/v2\/media?parent=148057"}],"wp:term":[{"taxonomy":"category","embeddable":true,"href":"https:\/\/www.europesays.com\/es\/wp-json\/wp\/v2\/categories?post=148057"},{"taxonomy":"post_tag","embeddable":true,"href":"https:\/\/www.europesays.com\/es\/wp-json\/wp\/v2\/tags?post=148057"}],"curies":[{"name":"wp","href":"https:\/\/api.w.org\/{rel}","templated":true}]}}