{"id":14806,"date":"2025-07-30T21:03:08","date_gmt":"2025-07-30T21:03:08","guid":{"rendered":"https:\/\/www.europesays.com\/es\/14806\/"},"modified":"2025-07-30T21:03:08","modified_gmt":"2025-07-30T21:03:08","slug":"las-primeras-investigaciones-apuntan-a-la-clara-intencionalidad-del-incendio-del-valle-del-tietar","status":"publish","type":"post","link":"https:\/\/www.europesays.com\/es\/14806\/","title":{"rendered":"Las primeras investigaciones apuntan a la \u00abclara intencionalidad\u00bb del incendio del Valle del Ti\u00e9tar"},"content":{"rendered":"<p><img decoding=\"async\" class=\"voc-author__img\" src=\"https:\/\/www.europesays.com\/es\/wp-content\/uploads\/2025\/07\/autor-1356-foto-9.jpeg\" alt=\"Isabel Jimeno\"\/><\/p>\n<p>30\/07\/2025<br \/>\n<br \/><strong><br \/>\nActualizado a las 18:24h.<br \/>\n<\/strong><\/p>\n<p class=\"voc-p\" style=\"\">La hora a la que comenzaba, sobre las 23.10, ya con la noche encima y sin posibilidad de actuaci\u00f3n para los medios a\u00e9reos; en un d\u00eda de calor y viento y en un lugar poco transitado y donde no hab\u00eda habido actividad humana ni de campamentos o trabajos, y sin que pudieran ser los rescoldos de un rayo latente de una tormenta seca que comenzase la ignici\u00f3n&#8230; Factores que, todos juntos, ya hac\u00edan saltar las<a href=\"https:\/\/www.abc.es\/espana\/castilla-leon\/impotencia-valle-tietar-gran-incendio-anos-despues-20250729213615-nt.html\" target=\"_self\" data-voc-vtm-id=\"in-text-traffic\" title=\" sospechas de que el incendio\" rel=\"nofollow noopener\"> sospechas de que el incendio<\/a> que desde el lunes 28 de julio avanza por el abulense Valle del Ti\u00e9tar era intencionado. Ahora, las <strong>primeras investigaciones \u00abconfirman\u00bb<\/strong> que esa suposici\u00f3n era la correcta y que hay \u00abclara intencionalidad\u00bb tras un fuego que casi 48 horas despu\u00e9s sigue sin estar controlado y ni siquiera con un per\u00edmetro estabilizado.<\/p>\n<p class=\"voc-p\" style=\"\">As\u00ed lo aseguraba este mi\u00e9rcoles el director general de Patrimonio Natural y Pol\u00edtica Forestal de la Junta de Castilla y Le\u00f3n, Jos\u00e9 \u00c1ngel Arranz, desde el Puesto de Mando Avanzado instalado para <strong>coordinar el amplio dispositivo conformado por m\u00e1s de 500 personas<\/strong> que por tierra y aire trata de frenar el avance de las llamas.<\/p>\n<p class=\"voc-p\" style=\"\">\u00abTodos los indicios apuntan a la clara intencionalidad del inicio\u00bb, ha recalcado Arranz sobre un fuego que todav\u00eda est\u00e1 en investigaci\u00f3n, de la mano con la Guardia Civil y el juzgado para<strong> tratar de \u00abesclarecer\u00bb y buscar a los \u00abculpables\u00bb<\/strong> de prender el monte que estaba regener\u00e1ndose despu\u00e9s de haber sufrido tambi\u00e9n otro incendio hace diecis\u00e9is a\u00f1os. El 28 de julio de 2009 tambi\u00e9n las llamas comenzaron a propagarse y consumieron cerca de 5.000 hect\u00e1reas.<\/p>\n<p class=\"voc-p\" style=\"\">Adem\u00e1s, Arranz advert\u00eda sobre lo \u00abpreocupante\u00bb que supone que en lo que va de a\u00f1o en la <strong>provincia de \u00c1vila ya se han declarado 19 incendios forestales intencionados<\/strong>, m\u00e1s del 46 por ciento de los 41 registrados -otros seis han sido por negligencias-. Y ha recordado que las penas por hacer arder el monte de forma voluntaria son elevadas, con hasta 20 a\u00f1os de c\u00e1rcel, adem\u00e1s de la indemnizaciones que se deben abonar por los da\u00f1os causados y los gastos de extinci\u00f3n.<\/p>\n<p class=\"voc-p\" style=\"\">Por este motivo, desde la Junta hacen un llamamiento a la ciudadan\u00eda pidiendo colaboraci\u00f3n con informaci\u00f3n que ayude a identificar a los incendiarios y que, por otro lado, extreme las medidas de prevenci\u00f3n. <\/p>\n<p class=\"voc-p\" style=\"\">El incendio del Valle del Ti\u00e9tar, que comenzaba en el t\u00e9rmino de Cuevas del Valle, se extiende por un amplio per\u00edmetro y la densa y elevada masa de matorrales, as\u00ed como pinos, a los que afecta elevan a varias de decenas de metros la columna de humo. Humareda y continua ca\u00edda de pavesas que tienen <a href=\"https:\/\/www.abc.es\/espana\/castilla-leon\/situacion-complicada-incendio-valle-tietar-obliga-confinar-20250730115631-nt.html\" target=\"_self\" data-voc-vtm-id=\"in-text-traffic\" title=\"confiados\" rel=\"nofollow noopener\">confiados<\/a> en sus casas desde este noche a los vecinos de El Arenal. Ya lo estuvieron tambi\u00e9n los de <strong>Mombeltr\u00e1n, que esta mi\u00e9rcoles por la tarde tienen que volver a recluirse<\/strong> en sus domicilios antes el humo y las llamas que provocar\u00e1 el \u00abataque t\u00e9cnico\u00bb previsto por el dispositivo. Son dos de los pueblos del Barranco de las Cinco Villas afectados por este gran incendio.<\/p>\n<p>Reportar un error<\/p>\n","protected":false},"excerpt":{"rendered":"30\/07\/2025 Actualizado a las 18:24h. La hora a la que comenzaba, sobre las 23.10, ya con la noche&hellip;\n","protected":false},"author":2,"featured_media":14807,"comment_status":"","ping_status":"","sticky":false,"template":"","format":"standard","meta":{"footnotes":""},"categories":[8],"tags":[5540,17,18,9837,25,24,13,14,11,48,9838,5537,19,20,9,10,15,16,1640,23,9839,12,21,22,2123],"class_list":{"0":"post-14806","1":"post","2":"type-post","3":"status-publish","4":"format-standard","5":"has-post-thumbnail","7":"category-espana","8":"tag-apuntan","9":"tag-breaking-news","10":"tag-breakingnews","11":"tag-clara","12":"tag-es","13":"tag-espana","14":"tag-featured-news","15":"tag-featurednews","16":"tag-headlines","17":"tag-incendio","18":"tag-intencionalidad","19":"tag-investigaciones","20":"tag-latest-news","21":"tag-latestnews","22":"tag-news","23":"tag-noticias","24":"tag-noticias-destacadas","25":"tag-noticiasdestacadas","26":"tag-primeras","27":"tag-spain","28":"tag-tietar","29":"tag-titulares","30":"tag-ultimas-noticias","31":"tag-ultimasnoticias","32":"tag-valle"},"share_on_mastodon":{"url":"","error":""},"_links":{"self":[{"href":"https:\/\/www.europesays.com\/es\/wp-json\/wp\/v2\/posts\/14806","targetHints":{"allow":["GET"]}}],"collection":[{"href":"https:\/\/www.europesays.com\/es\/wp-json\/wp\/v2\/posts"}],"about":[{"href":"https:\/\/www.europesays.com\/es\/wp-json\/wp\/v2\/types\/post"}],"author":[{"embeddable":true,"href":"https:\/\/www.europesays.com\/es\/wp-json\/wp\/v2\/users\/2"}],"replies":[{"embeddable":true,"href":"https:\/\/www.europesays.com\/es\/wp-json\/wp\/v2\/comments?post=14806"}],"version-history":[{"count":0,"href":"https:\/\/www.europesays.com\/es\/wp-json\/wp\/v2\/posts\/14806\/revisions"}],"wp:featuredmedia":[{"embeddable":true,"href":"https:\/\/www.europesays.com\/es\/wp-json\/wp\/v2\/media\/14807"}],"wp:attachment":[{"href":"https:\/\/www.europesays.com\/es\/wp-json\/wp\/v2\/media?parent=14806"}],"wp:term":[{"taxonomy":"category","embeddable":true,"href":"https:\/\/www.europesays.com\/es\/wp-json\/wp\/v2\/categories?post=14806"},{"taxonomy":"post_tag","embeddable":true,"href":"https:\/\/www.europesays.com\/es\/wp-json\/wp\/v2\/tags?post=14806"}],"curies":[{"name":"wp","href":"https:\/\/api.w.org\/{rel}","templated":true}]}}