{"id":148066,"date":"2025-09-30T07:08:09","date_gmt":"2025-09-30T07:08:09","guid":{"rendered":"https:\/\/www.europesays.com\/es\/148066\/"},"modified":"2025-09-30T07:08:09","modified_gmt":"2025-09-30T07:08:09","slug":"las-leyes-de-la-caza-de-pilar-fraile-su-verdadero-yo","status":"publish","type":"post","link":"https:\/\/www.europesays.com\/es\/148066\/","title":{"rendered":"&#8216;Las leyes de la caza&#8217;, de Pilar Fraile: su verdadero \u00abyo\u00bb"},"content":{"rendered":"<p style=\"\">Tengo una m\u00e1xima como cr\u00edtico a la que no suelo traicionar. Nunca escribo sobre libros que no me gustan, porque estimo que la mejor forma de analizarlos es el silencio, que no da propaganda a su contenido ni lesiona la autoestima de las personas que  &#8230; los han rubricado.<\/p>\n<p class=\"voc-p\" style=\"\">Solo una vez, har\u00e1 un lustro, mes arriba o abajo, falt\u00e9 a mi c\u00f3digo deontol\u00f3gico forense. Y fue con motivo de la concesi\u00f3n del premio de la Cr\u00edtica de Castilla y Le\u00f3n a Pilar Fraile por su novela &#8216;D\u00edas de euforia&#8217;. Entonces, indignado con el fallo del jurado, me despach\u00e9 a gusto contra la novela (y puede que tambi\u00e9n contra la autora), por mucho que mi impulso destazador me dejara luego un mal cuerpo que tard\u00f3 semanas en desaparecer, como el remordimiento por una mala acci\u00f3n que se niega a abandonar definitivamente una conciencia apesadumbrada.<\/p>\n<p class=\"voc-p\" style=\"\">Han pasado cinco a\u00f1os desde entonces y nunca me he sentido aliviado del todo por asestar aquel zarpazo anal\u00edtico, quiz\u00e1s porque soy m\u00e1s propenso a provocar sonrisas en los dem\u00e1s que rictus de tristeza en sus semblantes. Y ha tenido que ser la propia autora salmantina la que, con su nueva y conmovedora novela, ha devuelto las aguas al cauce de la normalidad.<\/p>\n<p><img decoding=\"async\" loading=\"lazy\" src=\"https:\/\/www.europesays.com\/es\/wp-content\/uploads\/2025\/09\/pilar-fraile2-U75744370646CUA-224x330@diario_abc.jpg\" width=\"224\" height=\"330\" alt=\"Imagen - Las leyes de la caza\" class=\"\"\/><\/p>\n<ul class=\"voc-d-c-review__list\">\n<li>\n<b>Pilar Fraile<\/b><br \/>\n224 p\u00e1ginas 19,90 euros\n<\/li>\n<\/ul>\n<p class=\"voc-p\" style=\"\">De la mano del convincente sello editorial Candaya, Fraile public\u00f3 en los albores del verano &#8216;Las leyes de la caza&#8217;, una novela profunda en su tem\u00e1tica, intensa en su contenido, f\u00e9rtil en su lenguaje. Nada que ver con aquella anterior que me pareci\u00f3 tan superficial y artificiosa y tan injustamente recompensada.<\/p>\n<p class=\"voc-p\" style=\"\">En &#8216;Las leyes de la caza&#8217; la poeta y narradora engancha desde el p\u00e1rrafo inicial, como si fuera un anzuelo que atrae a un pez nada m\u00e1s verlo resplandecer en el r\u00edo. Bastan unas pocas l\u00edneas para que la desaz\u00f3n por la desaparici\u00f3n del peque\u00f1o Oliver invada al lector. Luego vendr\u00e1n la intranquilidad, la inquietud, la intriga, el af\u00e1n por saber qu\u00e9 ha sido del peque\u00f1o. Y todo eso Pilar lo va administrando y dosificando no con una estructura lineal, sino con la aparici\u00f3n de una serie de personajes que, a trav\u00e9s de sus testimonios, de sus evocaciones y del lugar que juegan en la historia, van jalonando una serie de acontecimientos que no dejan de acrecentar el ritmo narrativo y la tensi\u00f3n emocional. As\u00ed surge Jana, la madre afligida y reci\u00e9n divorciada que busca su verdadera identidad en una comuna\/secta\/religi\u00f3n campestre, o la comisaria enganchada a un amante inconveniente y a vicios inconfesables o Jon\u00e1s, el polic\u00eda homosexual e incomprendido que fue n\u00famero uno de su promoci\u00f3n acad\u00e9mica, o el padre y la nueva novia del peque\u00f1o o los misteriosos compa\u00f1eros de \u00abla Comunidad\u00bb o El Manco, ese pescador furtivo que se convierte en el eslab\u00f3n m\u00e1s d\u00e9bil de la cadena.<\/p>\n<p class=\"voc-p\" style=\"\">Y, con todo, me parece que no son los personajes humanos los verdaderos protagonistas de la novela: el miedo que flota en un ambiente g\u00e9lido y neblinoso, la incertidumbre h\u00fameda que se filtra en los huesos, la quemaz\u00f3n por la p\u00e9rdida, la b\u00fasqueda (no solo del ni\u00f1o, sino de la aut\u00e9ntica identidad) y la denuncia encarnizada contra una sociedad devaluada y en conflicto, donde los pol\u00edticos se enfrentan y denigran sin ton ni son, donde lugare\u00f1os y animalistas no se ponen de acuerdo, donde los medios de comunicaci\u00f3n, como la propia polic\u00eda, no siempre (o casi nunca) hacen coincidir los hechos con la verdad y ofrecen una realidad sesgada y relatada a la medida de sus intereses. Incluso los mandos de las fuerzas de seguridad que tiran de los hilos urgen a sus subordinados para que eviten polvaredas y encuentren enseguida una cabeza de turco a la que encalomarle el muerto, si es que el cuerpo aparece. Porque el primer cad\u00e1ver que se descubre es el de un hombre atacado por una jaur\u00eda de perros, para que alguien incluya a los lobos en la ecuaci\u00f3n y el resultado cause la fricci\u00f3n entre los partidarios y los detractores de los c\u00e1nidos.<\/p>\n<p class=\"voc-p\" style=\"\">La novela crece en consistencia a merced que se van discerniendo los detalles, hasta llegar a un desenlace brutal (en todos los sentidos) y brillante, en el que la autora se convierte -metaf\u00f3ricamente hablando- en jueza que deja el caso visto para sentencia y debe ser el propio lector, convertido en jurado, el que, en funci\u00f3n de las pruebas y declaraciones recopiladas, adopte un veredicto particular, no solo sobre el caso, sino sobre este marem\u00e1gnum convivencial en el que nos toca resistir a nuestro pesar.<\/p>\n<p class=\"voc-p\" style=\"\">Tengo la sensaci\u00f3n de que Pilar Fraile alberga una visi\u00f3n pesimista y desesperanzada del mundo que habitamos. Quiz\u00e1s eso le haya servido para profundizar en sus emociones y ponerlas de manifiesto en una novela cuyas \u00fanicas fisuras residen en un exceso de erratas que la editorial deber\u00e1 remediar en una pr\u00f3xima edici\u00f3n.<\/p>\n<p class=\"voc-p\" style=\"\">Pero tambi\u00e9n tengo la seguridad de que, como Jana, la madre del peque\u00f1o Oliver, busca su verdadero \u00abyo\u00bb al integrarse en aquella extra\u00f1a comuna, los lectores hemos descubierto a la verdadera novelista, definitivamente plena, madura y convincente, que nos ha capturado, que nos ha hecho sufrir, disfrutar y recapacitar a lo largo de las doscientas p\u00e1ginas de una novela leg\u00edtimamente magn\u00edfica y que no malgasta un solo cartucho pegando tiros al aire.<\/p>\n","protected":false},"excerpt":{"rendered":"Tengo una m\u00e1xima como cr\u00edtico a la que no suelo traicionar. Nunca escribo sobre libros que no me&hellip;\n","protected":false},"author":2,"featured_media":148067,"comment_status":"","ping_status":"","sticky":false,"template":"","format":"standard","meta":{"footnotes":""},"categories":[172],"tags":[224,19446,146,147,25,24,45301,28880,225,8669,23,10346],"class_list":{"0":"post-148066","1":"post","2":"type-post","3":"status-publish","4":"format-standard","5":"has-post-thumbnail","7":"category-libros","8":"tag-books","9":"tag-caza","10":"tag-entertainment","11":"tag-entretenimiento","12":"tag-es","13":"tag-espana","14":"tag-fraile","15":"tag-leyes","16":"tag-libros","17":"tag-pilar","18":"tag-spain","19":"tag-verdadero"},"share_on_mastodon":{"url":"","error":""},"_links":{"self":[{"href":"https:\/\/www.europesays.com\/es\/wp-json\/wp\/v2\/posts\/148066","targetHints":{"allow":["GET"]}}],"collection":[{"href":"https:\/\/www.europesays.com\/es\/wp-json\/wp\/v2\/posts"}],"about":[{"href":"https:\/\/www.europesays.com\/es\/wp-json\/wp\/v2\/types\/post"}],"author":[{"embeddable":true,"href":"https:\/\/www.europesays.com\/es\/wp-json\/wp\/v2\/users\/2"}],"replies":[{"embeddable":true,"href":"https:\/\/www.europesays.com\/es\/wp-json\/wp\/v2\/comments?post=148066"}],"version-history":[{"count":0,"href":"https:\/\/www.europesays.com\/es\/wp-json\/wp\/v2\/posts\/148066\/revisions"}],"wp:featuredmedia":[{"embeddable":true,"href":"https:\/\/www.europesays.com\/es\/wp-json\/wp\/v2\/media\/148067"}],"wp:attachment":[{"href":"https:\/\/www.europesays.com\/es\/wp-json\/wp\/v2\/media?parent=148066"}],"wp:term":[{"taxonomy":"category","embeddable":true,"href":"https:\/\/www.europesays.com\/es\/wp-json\/wp\/v2\/categories?post=148066"},{"taxonomy":"post_tag","embeddable":true,"href":"https:\/\/www.europesays.com\/es\/wp-json\/wp\/v2\/tags?post=148066"}],"curies":[{"name":"wp","href":"https:\/\/api.w.org\/{rel}","templated":true}]}}