{"id":148070,"date":"2025-09-30T07:11:08","date_gmt":"2025-09-30T07:11:08","guid":{"rendered":"https:\/\/www.europesays.com\/es\/148070\/"},"modified":"2025-09-30T07:11:08","modified_gmt":"2025-09-30T07:11:08","slug":"nuevo-teaser-en-exclusiva-de-karmele-pelicula-de-asier-altuna-ambientada-en-los-primeros-anos-de-la-dictadura-franquista","status":"publish","type":"post","link":"https:\/\/www.europesays.com\/es\/148070\/","title":{"rendered":"Nuevo teaser en exclusiva de &#8216;Karmele&#8217;, pel\u00edcula de Asier Altuna ambientada en los primeros a\u00f1os de la dictadura franquista"},"content":{"rendered":"<p><img loading=\"lazy\" decoding=\"async\" class=\"v-a-img v-a-img--ph\" src=\"https:\/\/www.europesays.com\/es\/wp-content\/uploads\/2025\/09\/karmele-k89B-U2303223594895VRD-758x531@Diario Vasco.jpg\" alt=\"Teaser de la pel\u00edcula 'Karmele' de Asier Altuna.\" style=\"\" data-voc-video-player-container-img=\"\" width=\"758\" height=\"531\"\/><\/p>\n<p>Teaser de la pel\u00edcula &#8216;Karmele&#8217; de Asier Altuna.              <\/p>\n<p>La adaptaci\u00f3n de la novela &#8216;La hora de despertarnos juntos&#8217;, de Kirmen Uribe, se estrena en cines el pr\u00f3ximo 10 de octubre<\/p>\n<p class=\"v-mdl-ath__p v-mdl-ath__p--6\">\nMartes, 30 de septiembre 2025, 06:51<\/p>\n<p class=\"v-p\">Karmele&#8217;, la adaptaci\u00f3n que el director Asier Altuna ha realizado de la novela-ensayo &#8216;La hora de despertarnos juntos&#8217;, de Kirmen Uribe, ha presentado su nuevo teaser. Lo ha hecho con un clip de poco m\u00e1s de dos minutos de duraci\u00f3n y que refleja el clima que se viv\u00eda en los a\u00f1os posteriores a la Guerra Civil. El filme ha sido presentado recientemente en la Secci\u00f3n Oficial del Zinemaldia, concretamente en el marco de las proyecciones especiales del certamen.<\/p>\n<p class=\"v-p\">Pel\u00edcula y libro se basan en la historia real de Karmele Urresti y Txomin Letamendi, una pareja marcada por el exilio y el compromiso pol\u00edtico durante la Guerra Civil y los primeros a\u00f1os de la dictadura franquista. Jone Laspiur y Eneko Sagardoy interpretan a los protagonistas, acompa\u00f1ados por Nagore Aranburu y Javier Barandiaran. El estreno en cines de esta producci\u00f3n de Txinxua est\u00e1 previsto para el pr\u00f3ximo 10 de octubre.<\/p>\n<p class=\"v-p\">Altuna siti\u00f3 muy cercano el texto de Uribe porque \u00aben casa siempre hab\u00eda escuchado historias de la guerra\u00bb. Tambi\u00e9n le atrajo el reto de mostrar a unos personajes comprometidos en una traves\u00eda vital con mucho viaje y mucha m\u00fasica, porque ambos protagonistas participan de diferente forma en el grupo cultural, Eresoinka, una formaci\u00f3n que recorri\u00f3 parte de Europa \u00abevidenciando las democracias sobre los fascismos y denunciando el golpe de Estado\u00bb.<\/p>\n<p class=\"v-p\">Tras presentarse en Donostia, la pel\u00edcula empieza su recorrido y de momento va a viajar a festivales de Argelia y de Argentina. Para Altuna \u00abaunque contamos algo muy local y muy nuestro, es una historia universal y considero que s\u00ed puede ser atractiva para el espectador fuera del Pa\u00eds Vasco\u00bb.<\/p>\n<p>Comenta<\/p>\n<p>Reporta un error<\/p>\n","protected":false},"excerpt":{"rendered":"Teaser de la pel\u00edcula &#8216;Karmele&#8217; de Asier Altuna. La adaptaci\u00f3n de la novela &#8216;La hora de despertarnos juntos&#8217;,&hellip;\n","protected":false},"author":2,"featured_media":148071,"comment_status":"","ping_status":"","sticky":false,"template":"","format":"standard","meta":{"footnotes":""},"categories":[169],"tags":[24035,35195,988,24034,177,1471,146,147,25,24,4621,176,45302,24033,175,524,1257,566,23,25513],"class_list":{"0":"post-148070","1":"post","2":"type-post","3":"status-publish","4":"format-standard","5":"has-post-thumbnail","7":"category-cine","8":"tag-altuna","9":"tag-ambientada","10":"tag-anos","11":"tag-asier","12":"tag-cine","13":"tag-dictadura","14":"tag-entertainment","15":"tag-entretenimiento","16":"tag-es","17":"tag-espana","18":"tag-exclusiva","19":"tag-film","20":"tag-franquista","21":"tag-karmele","22":"tag-movies","23":"tag-nuevo","24":"tag-pelicula","25":"tag-primeros","26":"tag-spain","27":"tag-teaser"},"share_on_mastodon":{"url":"","error":""},"_links":{"self":[{"href":"https:\/\/www.europesays.com\/es\/wp-json\/wp\/v2\/posts\/148070","targetHints":{"allow":["GET"]}}],"collection":[{"href":"https:\/\/www.europesays.com\/es\/wp-json\/wp\/v2\/posts"}],"about":[{"href":"https:\/\/www.europesays.com\/es\/wp-json\/wp\/v2\/types\/post"}],"author":[{"embeddable":true,"href":"https:\/\/www.europesays.com\/es\/wp-json\/wp\/v2\/users\/2"}],"replies":[{"embeddable":true,"href":"https:\/\/www.europesays.com\/es\/wp-json\/wp\/v2\/comments?post=148070"}],"version-history":[{"count":0,"href":"https:\/\/www.europesays.com\/es\/wp-json\/wp\/v2\/posts\/148070\/revisions"}],"wp:featuredmedia":[{"embeddable":true,"href":"https:\/\/www.europesays.com\/es\/wp-json\/wp\/v2\/media\/148071"}],"wp:attachment":[{"href":"https:\/\/www.europesays.com\/es\/wp-json\/wp\/v2\/media?parent=148070"}],"wp:term":[{"taxonomy":"category","embeddable":true,"href":"https:\/\/www.europesays.com\/es\/wp-json\/wp\/v2\/categories?post=148070"},{"taxonomy":"post_tag","embeddable":true,"href":"https:\/\/www.europesays.com\/es\/wp-json\/wp\/v2\/tags?post=148070"}],"curies":[{"name":"wp","href":"https:\/\/api.w.org\/{rel}","templated":true}]}}