{"id":148072,"date":"2025-09-30T07:12:09","date_gmt":"2025-09-30T07:12:09","guid":{"rendered":"https:\/\/www.europesays.com\/es\/148072\/"},"modified":"2025-09-30T07:12:09","modified_gmt":"2025-09-30T07:12:09","slug":"koke-el-mago-del-tiempo","status":"publish","type":"post","link":"https:\/\/www.europesays.com\/es\/148072\/","title":{"rendered":"Koke, el mago del tiempo"},"content":{"rendered":"<p class=\"\">El Atl\u00e9tico volvi\u00f3 a jugar al son de su capit\u00e1n. Un Koke Resurrecci\u00f3n que, cuando parec\u00eda dar un paso atr\u00e1s preso de su edad (33 a\u00f1os), ha vuelto a demostrar que <b>su continuidad en el Atl\u00e9tico no es cuesti\u00f3n de nostalgia, es peso de su rendimiento<\/b>. Su reloj biol\u00f3gico batalla con un reloj mental que le permite leer los partidos mejor que nadie. <\/p>\n<p class=\"\">La arena cae m\u00e1s despacio en el cerebro del vallecano. Dominar los encuentros desde el orden, la posici\u00f3n y la velocidad de ideas m\u00e1s all\u00e1 del ritmo de las piernas. <a href=\"https:\/\/as.com\/futbol\/primera\/el-rayo-pica-la-arana-mata-n\/\" target=\"_self\" rel=\"nofollow noopener\" title=\"https:\/\/as.com\/futbol\/primera\/el-rayo-pica-la-arana-mata-n\/\"><b>Koke control\u00f3 en todo momento el ritmo del derbi,<\/b><\/a><b> permiti\u00f3 desplegarse a Barrios y utilizar a Simeone un equipo con vocaci\u00f3n ofensiva y filones en las bandas.<\/b> Si parec\u00eda un partido comprometido para el centro del campo colchonero, en n\u00famero y fuerza, Koke se comi\u00f3 a Tchouameni, Valverde y Bellingham. <\/p>\n<p class=\"\">Con el inconmensurable apoyo de Barrios. Dos canteranos, maestro y alumno, que comparten la pasi\u00f3n por el rojiblanco y el talento para gobernar la sala de m\u00e1quinas colchonera con la esperanza de que sea durante muchos a\u00f1os. <b>Barrios se empapa de Koke, que desde hace tiempo le design\u00f3 como sucesor<\/b>. Pero es el momento de que Simeone pueda maridarles a la par. Porque Barrios crece enormemente con un pivote a su lado que le permita desplegarse y mostrar su zancada en ataque. <b>Caer a banda, hacer coberturas, moverse libre.<\/b> Koke potencia al 8 mientras que muestra vivir en una segunda juventud. <\/p>\n<p>Noticias relacionadas<a href=\"https:\/\/as.com\/futbol\/primera\/cada-jugador-del-atletico-corrio-dos-kilometros-mas-que-los-del-madrid-n\/\" class=\"s_m_w\" title=\"Los jugadores del Real Madrid, de media, corrieron 7,8 kil\u00f3metros en el Metropolitano... y los del Atl\u00e9tico, 9,6. Es una diferencia de 1,8. El vestuario recalca la palabra \u201cactitud\u201d\" data-tb-link=\"\" rel=\"nofollow noopener\" target=\"_blank\"><img decoding=\"async\" src=\"https:\/\/www.europesays.com\/es\/wp-content\/uploads\/2025\/09\/DDTBLTTEHBPXDBNMGXRDE4XRMM.jpg\" alt=\"Cada jugador del Atl\u00e9tico corri\u00f3 dos kil\u00f3metros m\u00e1s que los del Madrid\" class=\"\" height=\"1\" width=\"1\"   loading=\"lazy\" data-tb-thumbnail=\"\"\/><\/a><a href=\"https:\/\/as.com\/futbol\/champions\/atletico-de-madrid-eintracht-cuando-es-horario-canal-tv-donde-y-como-ver-la-champions-league-n\/\" class=\"s_m_w\" title=\"Fecha, a qu\u00e9 hora es, c\u00f3mo ver en vivo y en directo en televisi\u00f3n y c\u00f3mo seguir online el Atl\u00e9tico de Madrid - Eintracht, partido de la fase liga de la Champions League.\" data-tb-link=\"\" rel=\"nofollow noopener\" target=\"_blank\"><img decoding=\"async\" src=\"https:\/\/www.europesays.com\/es\/wp-content\/uploads\/2025\/09\/G3TVPZCO3BIMJMR2GGRUOHWVM4.jpg\" alt=\"Atl\u00e9tico de Madrid - Eintracht: cu\u00e1ndo es, horario, canal TV, d\u00f3nde y c\u00f3mo ver la Champions League\" class=\"\" height=\"1\" width=\"1\"   loading=\"lazy\" data-tb-thumbnail=\"\"\/><\/a><\/p>\n<p class=\"\">Asistencia. En el derbi, adem\u00e1s de su criterio constante, particip\u00f3 en dos goles. En el primero, lanzando el bal\u00f3n largo para que Nico ganase por arriba y posteriormente Giuliano centrase para Le Normand. <b>Y en el segundo, con un centro que era un caramelo para que Sorloth lo cabecease a la red<\/b>. El jugador con m\u00e1s pases buenos del equipo (<b>43 de los 46 que intent\u00f3, un 93,5% de acierto<\/b>) y que pondr\u00e1 caro el puesto cuando Johnny Cardoso est\u00e9 disponible para pelearlo. El estadounidense lleg\u00f3 para situarse a los mandos del equipo y lo hizo de partida, <b>pero Simeone apost\u00f3 por Koke ante el Villarreal con una exhibici\u00f3n de su capit\u00e1n y perdi\u00f3 a Johnny en el entrenamiento posterior. <\/b>Una lesi\u00f3n de tobillo que le mantiene fuera. Y, mientras, Koke capitanea el juego del Atl\u00e9tico. Como en los viejos tiempos. <b>Ya son 691 partidos de rojiblanco<\/b>. Y los que restan. A este nivel, hay Koke para mucho rato.<\/p>\n<p class=\"\"><b>\u00a1Tus opiniones importan!<\/b> Comenta en los art\u00edculos y suscr\u00edbete gratis a nuestra <a href=\"https:\/\/asfan.as.com\/newsletters\/\" target=\"_blank\" rel=\"nofollow noopener\" title=\"https:\/\/asfan.as.com\/newsletters\/\">newsletter<\/a> y a las alertas informativas en la <a href=\"https:\/\/as.com\/aplicacion-de-as-n\/\" target=\"_blank\" rel=\"nofollow noopener\" title=\"https:\/\/as.com\/aplicacion-de-as-n\/\">App<\/a> o el canal de <a href=\"https:\/\/www.whatsapp.com\/channel\/0029VaAasdA7j6g745nz9M10\" target=\"_blank\" rel=\"nofollow noopener\" title=\"https:\/\/www.whatsapp.com\/channel\/0029VaAasdA7j6g745nz9M10\">WhatsApp<\/a>. \u00bfBuscas licenciar contenido? Haz clic <a href=\"https:\/\/profesional.elpais.com\/soluciones-sindicacion?utm_medium=interno&amp;utm_source=crosslinking&amp;utm_campaign=sindicacion_as_pie_articulos\" target=\"_blank\" rel=\"nofollow noopener\" title=\"https:\/\/profesional.elpais.com\/soluciones-sindicacion?utm_medium=interno&amp;utm_source=crosslinking&amp;utm_campaign=sindicacion_as_pie_articulos\">aqu\u00ed<\/a><\/p>\n","protected":false},"excerpt":{"rendered":"El Atl\u00e9tico volvi\u00f3 a jugar al son de su capit\u00e1n. Un Koke Resurrecci\u00f3n que, cuando parec\u00eda dar un&hellip;\n","protected":false},"author":2,"featured_media":148073,"comment_status":"","ping_status":"","sticky":false,"template":"","format":"standard","meta":{"footnotes":""},"categories":[93],"tags":[168,25,24,23,167],"class_list":{"0":"post-148072","1":"post","2":"type-post","3":"status-publish","4":"format-standard","5":"has-post-thumbnail","7":"category-deportes","8":"tag-deportes","9":"tag-es","10":"tag-espana","11":"tag-spain","12":"tag-sports"},"share_on_mastodon":{"url":"","error":""},"_links":{"self":[{"href":"https:\/\/www.europesays.com\/es\/wp-json\/wp\/v2\/posts\/148072","targetHints":{"allow":["GET"]}}],"collection":[{"href":"https:\/\/www.europesays.com\/es\/wp-json\/wp\/v2\/posts"}],"about":[{"href":"https:\/\/www.europesays.com\/es\/wp-json\/wp\/v2\/types\/post"}],"author":[{"embeddable":true,"href":"https:\/\/www.europesays.com\/es\/wp-json\/wp\/v2\/users\/2"}],"replies":[{"embeddable":true,"href":"https:\/\/www.europesays.com\/es\/wp-json\/wp\/v2\/comments?post=148072"}],"version-history":[{"count":0,"href":"https:\/\/www.europesays.com\/es\/wp-json\/wp\/v2\/posts\/148072\/revisions"}],"wp:featuredmedia":[{"embeddable":true,"href":"https:\/\/www.europesays.com\/es\/wp-json\/wp\/v2\/media\/148073"}],"wp:attachment":[{"href":"https:\/\/www.europesays.com\/es\/wp-json\/wp\/v2\/media?parent=148072"}],"wp:term":[{"taxonomy":"category","embeddable":true,"href":"https:\/\/www.europesays.com\/es\/wp-json\/wp\/v2\/categories?post=148072"},{"taxonomy":"post_tag","embeddable":true,"href":"https:\/\/www.europesays.com\/es\/wp-json\/wp\/v2\/tags?post=148072"}],"curies":[{"name":"wp","href":"https:\/\/api.w.org\/{rel}","templated":true}]}}