{"id":148078,"date":"2025-09-30T07:15:10","date_gmt":"2025-09-30T07:15:10","guid":{"rendered":"https:\/\/www.europesays.com\/es\/148078\/"},"modified":"2025-09-30T07:15:10","modified_gmt":"2025-09-30T07:15:10","slug":"apple-lanza-ios-26-0-1-ipados-26-0-1-y-macos-26-0-1-estas-son-sus-novedades-lifestyle-smartlife","status":"publish","type":"post","link":"https:\/\/www.europesays.com\/es\/148078\/","title":{"rendered":"Apple lanza iOS 26.0.1, iPadOS 26.0.1 y macOS 26.0.1, estas son sus novedades | Lifestyle | SmartLife"},"content":{"rendered":"<p class=\"\"><b>Apple<\/b> ha lanzado las actualizaciones <b>iOS 26.0.1, iPadOS 26.0.1 y macOS 26.0.1<\/b>, que incluyen diferentes parches que llegan <a href=\"https:\/\/cincodias.elpais.com\/smartlife\/smartphones\/2025-09-15\/ya-esta-disponible-ios-26-esta-es-la-lista-completa-de-los-iphone-que-no-seran-compatibles-con-la-actualizacion.html\" target=\"_self\" rel=\"nofollow noopener\" title=\"https:\/\/cincodias.elpais.com\/smartlife\/smartphones\/2025-09-15\/ya-esta-disponible-ios-26-esta-es-la-lista-completa-de-los-iphone-que-no-seran-compatibles-con-la-actualizacion.html\">apenas dos semanas despu\u00e9s<\/a> del lanzamiento oficial de las versiones iniciales de estos sistemas operativos. Estas actualizaciones no introducen nuevas funciones, pero s\u00ed corrigen errores importantes que afectaban a la experiencia de usuario en iPhone, iPad y Mac.<\/p>\n<p class=\"\">Si has notado comportamientos extra\u00f1os en tu dispositivo desde que actualizaste, es muy probable que estas versiones solucionen esos problemas. Te mostramos <b>lo m\u00e1s importante<\/b> que ofrece cada una de las iteraciones de las que hablamos.<\/p>\n<p>iOS 26.0.1: conectividad, accesibilidad y c\u00e1mara bajo revisi\u00f3n<\/p>\n<p class=\"\">La actualizaci\u00f3n iOS 26.0.1 (compilaci\u00f3n 23A355) est\u00e1 <b>disponible para todos los modelos compatibles<\/b> y se centra en resolver fallos detectados en los primeros d\u00edas tras el despliegue de iOS 26. En concreto, los usuarios de los iPhone 17, iPhone 17 Pro y iPhone Air han reportado <b>problemas con la conectividad WiFi y Bluetooth<\/b>, que se desconectaban de forma aleatoria.<\/p>\n<p><img alt=\"Llegada de la actualizaci\u00f3n iOS 26.0.1\" decoding=\"auto\" class=\"_re lazyload a_m-v\" height=\"782\"  width=\"414\"  src=\"https:\/\/www.europesays.com\/es\/wp-content\/uploads\/2025\/09\/W2WPDKMEBRDPZDBE56NY54LSZQ.jpg\" loading=\"lazy\"\/>Actualizaci\u00f3n iOS 26.0.1ghacks<\/p>\n<p class=\"\">Adem\u00e1s, algunos dispositivos perd\u00edan la conexi\u00f3n m\u00f3vil tras instalar iOS 26, lo que dejaba a los usuarios sin servicio. Otro fallo afectaba a la <b>c\u00e1mara<\/b>: las fotos tomadas bajo ciertas condiciones de luz mostraban artefactos inesperados, especialmente en los modelos m\u00e1s recientes. Tambi\u00e9n <b>se han corregido errores visuales<\/b> como los iconos de apps que aparec\u00edan en blanco tras aplicar un tinte personalizado, y un fallo que desactivaba VoiceOver para algunos usuarios, comprometiendo la accesibilidad.<\/p>\n<p>Fallos detectados en este sistema operativo<\/p>\n<p class=\"\">Aunque Apple ha reaccionado con <b>rapidez<\/b>, algunos usuarios han compartido sus experiencias negativas con iOS 26. Entre los errores que afectan a algunos propietarios de los iPhone se encuentran los siguientes:<\/p>\n<ul>\n<li>Carpetas de aplicaciones que parpadean al abrirse (especialmente durante los primeros d\u00edas tras la instalaci\u00f3n).<\/li>\n<li>Desbloqueo lento con Face ID o PIN.<\/li>\n<li>Botones que no responden dentro de las apps o en la barra de inicio.<\/li>\n<li>Transiciones entre apps m\u00e1s lentas.<\/li>\n<li>Conectividad de red inestable.<\/li>\n<li>Mayor consumo de bater\u00eda, incluso en reposo.<\/li>\n<\/ul>\n<p class=\"\">Algunos usuarios especulan que el nuevo sistema de animaciones, denominado Liquid Glass, podr\u00eda <b>estar sobrecargando el procesador<\/b>, lo que explicar\u00eda el aumento en el consumo energ\u00e9tico y la ralentizaci\u00f3n general del sistema.<\/p>\n<p>iPadOS 26.0.1: teclado flotante y accesibilidad<\/p>\n<p class=\"\">La versi\u00f3n para los tablets de la firma de Cupertino tambi\u00e9n ha recibido su correspondiente parche. iPadOS 26.0.1 (compilaci\u00f3n 23A355) <b>corrige el mismo problema de VoiceOver que afectaba a los iPhone<\/b>, adem\u00e1s de un error que provocaba que el teclado flotante cambiara de posici\u00f3n sin previo aviso. Aunque no se han reportado tantos fallos como en iOS, esta actualizaci\u00f3n es clave para mantener la estabilidad de los dispositivos.<\/p>\n<p><img decoding=\"auto\" class=\"_re lazyload a_m-h\" height=\"239\"  width=\"414\"  src=\"https:\/\/www.europesays.com\/es\/wp-content\/uploads\/2025\/09\/43YHILBQNFGRVAMSCKXNOCRGQ4.jpg\" loading=\"lazy\"\/>ipadOS 26macOS 26.0.1: soluci\u00f3n para Mac Studio y mejoras generales<\/p>\n<p class=\"\">En el caso de macOS, la versi\u00f3n 26.0.1 (compilaci\u00f3n 25A362) se centra en resolver un problema que imped\u00eda a algunos usuarios actualizar sus Mac Studio con chip M3 Ultra a macOS Tahoe. Esta correcci\u00f3n permite que los dispositivos afectados <b>puedan instalar la nueva versi\u00f3n sin errores<\/b>.<\/p>\n<p class=\"\">Adem\u00e1s, se han aplicado mejoras de seguridad y estabilidad, aunque Apple no ha detallado todos los cambios menores. Lo que s\u00ed se ha confirmado es la <b>inclusi\u00f3n de un parche para una vulnerabilidad cr\u00edtica<\/b> en el sistema de procesamiento de fuentes.<\/p>\n<p><img alt=\"Llegada de la actualizaci\u00f3n macOS 26.0.1 a un MacBook\" decoding=\"auto\" class=\"_re lazyload a_m-h\" height=\"227\"  width=\"414\"  src=\"https:\/\/www.europesays.com\/es\/wp-content\/uploads\/2025\/09\/2XIXLTPJXVHBVFMCGPNEIA5G2E.jpg\" loading=\"lazy\"\/>Llegada de la actualizaci\u00f3n macOS 26.0.1ghacksParche de seguridad CVE-2025-43400: una amenaza silenciosa<\/p>\n<p class=\"\">Todas las actualizaciones incluyen una correcci\u00f3n para una vulnerabilidad identificada como CVE-2025-43400, relacionada con FontParser. Este fallo <b>permit\u00eda que una fuente maliciosa provocara el cierre inesperado de aplicaciones o la corrupci\u00f3n de la memoria del proceso<\/b>. Apple ha solucionado el problema mediante una mejora en la verificaci\u00f3n de l\u00edmites de escritura fuera de rango.<\/p>\n<p class=\"\">Este parche tambi\u00e9n se ha incorporado en <b>versiones anteriores<\/b> del sistema para dispositivos no compatibles con iOS 26, como iOS 18.7.1 para iPhone XS y posteriores (y, tambi\u00e9n, para iPadOS 18.7.1 con modelos como el iPad Pro de 13 pulgadas, el iPad Air de tercera generaci\u00f3n y el iPad mini de quinta generaci\u00f3n).<\/p>\n<p>\u00bfDeber\u00edas actualizar?<\/p>\n<p class=\"\">La respuesta en este caso es clara: s\u00ed. Las versiones 26.0.1 de iOS, iPadOS y macOS no introducen nuevas funciones, pero s\u00ed corrigen fallos que afectaban a la conectividad, la accesibilidad, la c\u00e1mara y la seguridad. Si a\u00fan no has actualizado, es recomendable hacerlo cuanto antes para <b>disfrutar de una experiencia m\u00e1s estable<\/b>.<\/p>\n<p class=\"\">Para instalar la actualizaci\u00f3n elegida, aseg\u00farate de tener al menos un 50 % de bater\u00eda o conecta tu dispositivo a la corriente. Ve a <b>Ajustes &gt; General &gt; Actualizaci\u00f3n de software<\/b> y pulsa en Descargar e instalar. No olvides hacer una copia de seguridad en iCloud o en tu ordenador antes de comenzar, por lo que pueda pasar.<\/p>\n","protected":false},"excerpt":{"rendered":"Apple ha lanzado las actualizaciones iOS 26.0.1, iPadOS 26.0.1 y macOS 26.0.1, que incluyen diferentes parches que llegan&hellip;\n","protected":false},"author":2,"featured_media":148079,"comment_status":"","ping_status":"","sticky":false,"template":"","format":"standard","meta":{"footnotes":""},"categories":[81],"tags":[2823,119,123,124,25,24,7181,2824,9715,2822,9716,117,121,122,8034,23,118,120],"class_list":{"0":"post-148078","1":"post","2":"type-post","3":"status-publish","4":"format-standard","5":"has-post-thumbnail","7":"category-ciencia-y-tecnologia","8":"tag-apple","9":"tag-ciencia","10":"tag-ciencia-y-tecnologia","11":"tag-cienciaytecnologia","12":"tag-es","13":"tag-espana","14":"tag-estilo-vida","15":"tag-ios","16":"tag-ipad","17":"tag-iphone","18":"tag-macbook","19":"tag-science","20":"tag-science-and-technology","21":"tag-scienceandtechnology","22":"tag-software","23":"tag-spain","24":"tag-technology","25":"tag-tecnologia"},"share_on_mastodon":{"url":"","error":""},"_links":{"self":[{"href":"https:\/\/www.europesays.com\/es\/wp-json\/wp\/v2\/posts\/148078","targetHints":{"allow":["GET"]}}],"collection":[{"href":"https:\/\/www.europesays.com\/es\/wp-json\/wp\/v2\/posts"}],"about":[{"href":"https:\/\/www.europesays.com\/es\/wp-json\/wp\/v2\/types\/post"}],"author":[{"embeddable":true,"href":"https:\/\/www.europesays.com\/es\/wp-json\/wp\/v2\/users\/2"}],"replies":[{"embeddable":true,"href":"https:\/\/www.europesays.com\/es\/wp-json\/wp\/v2\/comments?post=148078"}],"version-history":[{"count":0,"href":"https:\/\/www.europesays.com\/es\/wp-json\/wp\/v2\/posts\/148078\/revisions"}],"wp:featuredmedia":[{"embeddable":true,"href":"https:\/\/www.europesays.com\/es\/wp-json\/wp\/v2\/media\/148079"}],"wp:attachment":[{"href":"https:\/\/www.europesays.com\/es\/wp-json\/wp\/v2\/media?parent=148078"}],"wp:term":[{"taxonomy":"category","embeddable":true,"href":"https:\/\/www.europesays.com\/es\/wp-json\/wp\/v2\/categories?post=148078"},{"taxonomy":"post_tag","embeddable":true,"href":"https:\/\/www.europesays.com\/es\/wp-json\/wp\/v2\/tags?post=148078"}],"curies":[{"name":"wp","href":"https:\/\/api.w.org\/{rel}","templated":true}]}}