{"id":148088,"date":"2025-09-30T07:21:07","date_gmt":"2025-09-30T07:21:07","guid":{"rendered":"https:\/\/www.europesays.com\/es\/148088\/"},"modified":"2025-09-30T07:21:07","modified_gmt":"2025-09-30T07:21:07","slug":"fallece-diego-valderrama-fotografo-taurino-y-padre-del-torero-domingo-valderrama","status":"publish","type":"post","link":"https:\/\/www.europesays.com\/es\/148088\/","title":{"rendered":"Fallece Diego Valderrama, fot\u00f3grafo taurino y padre del torero Domingo Valderrama"},"content":{"rendered":"<p>El fot\u00f3grafo taurino Diego Valderrama, padre del torero utrerano Domingo Valderrama, falleci\u00f3 este jueves 25 de septiembre en su domicilio de <a data-external=\"0\" data-intl-links-es=\"https:\/\/www.lavozdelsur.es\/ediciones\/sevilla\/aqui-hay-tomate-primera-vez-presidente-junta-visita-ayuntamiento-palacios-es-pp_342426_102.html\" href=\"https:\/\/www.lavozdelsur.es\/ediciones\/sevilla\/aqui-hay-tomate-primera-vez-presidente-junta-visita-ayuntamiento-palacios-es-pp_342426_102.html\" rel=\"follow nofollow noopener\" target=\"_self\" title=\"Aqu\u00ed hay tomate: la primera vez que un presidente de la Junta visita el Ayuntamiento de Los Palacios, y es del PP\">Los Palacios<\/a>, seg\u00fan ha publicado la\u00a0Cadena Cope de Utrera. Reconocido en los c\u00edrculos ligados a la tauromaquia, dedic\u00f3 gran parte de su vida a retratar el mundo del toro, \u00e1mbito por el que sinti\u00f3 inter\u00e9s desde la juventud, cuando incluso lleg\u00f3 a participar en novilladas antes de optar definitivamente por la fotograf\u00eda.<\/p>\n<p>Su trayectoria estuvo marcada por una constante vinculaci\u00f3n con la fiesta taurina, <strong>primero como aficionado y despu\u00e9s como reportero<\/strong> gr\u00e1fico. Su trabajo le permiti\u00f3 colaborar con cabeceras como ABC Sevilla y con la revista El Mundo de los Toros, medios en los que ejerci\u00f3 de corresponsal.<\/p>\n<p>Dedicaci\u00f3n a la trayectoria de su hijo<\/p>\n<p>Pese a su trayectoria en medios,\u00a0su mayor dedicaci\u00f3n estuvo centrada en documentar la carrera profesional de su hijo Domingo, a quien sigui\u00f3 durante a\u00f1os a trav\u00e9s de im\u00e1genes y grabaciones que se convirtieron en testimonio de su evoluci\u00f3n en los ruedos.<\/p>\n<p><strong>El archivo gr\u00e1fico que dej\u00f3 Valderrama constituye un amplio retrato de la tauromaquia andaluza <\/strong>de las \u00faltimas d\u00e9cadas. Una parte significativa de su obra se dio a conocer en la Casa de la Cultura de Los Palacios, donde organiz\u00f3 una exposici\u00f3n bajo el t\u00edtulo Tauromagia. La muestra, compuesta por m\u00e1s de 200 fotograf\u00edas tomadas principalmente en la Plaza de Toros de Sevilla entre los a\u00f1os 1980 y 1990, atrajo a un notable n\u00famero de visitantes y fue valorada como una contribuci\u00f3n relevante a la memoria colectiva de la afici\u00f3n.<\/p>\n","protected":false},"excerpt":{"rendered":"El fot\u00f3grafo taurino Diego Valderrama, padre del torero utrerano Domingo Valderrama, falleci\u00f3 este jueves 25 de septiembre en&hellip;\n","protected":false},"author":2,"featured_media":148089,"comment_status":"","ping_status":"","sticky":false,"template":"","format":"standard","meta":{"footnotes":""},"categories":[277],"tags":[373,168,25,24,23,167,374],"class_list":{"0":"post-148088","1":"post","2":"type-post","3":"status-publish","4":"format-standard","5":"has-post-thumbnail","7":"category-toreo","8":"tag-bullfighting","9":"tag-deportes","10":"tag-es","11":"tag-espana","12":"tag-spain","13":"tag-sports","14":"tag-toreo"},"share_on_mastodon":{"url":"","error":""},"_links":{"self":[{"href":"https:\/\/www.europesays.com\/es\/wp-json\/wp\/v2\/posts\/148088","targetHints":{"allow":["GET"]}}],"collection":[{"href":"https:\/\/www.europesays.com\/es\/wp-json\/wp\/v2\/posts"}],"about":[{"href":"https:\/\/www.europesays.com\/es\/wp-json\/wp\/v2\/types\/post"}],"author":[{"embeddable":true,"href":"https:\/\/www.europesays.com\/es\/wp-json\/wp\/v2\/users\/2"}],"replies":[{"embeddable":true,"href":"https:\/\/www.europesays.com\/es\/wp-json\/wp\/v2\/comments?post=148088"}],"version-history":[{"count":0,"href":"https:\/\/www.europesays.com\/es\/wp-json\/wp\/v2\/posts\/148088\/revisions"}],"wp:featuredmedia":[{"embeddable":true,"href":"https:\/\/www.europesays.com\/es\/wp-json\/wp\/v2\/media\/148089"}],"wp:attachment":[{"href":"https:\/\/www.europesays.com\/es\/wp-json\/wp\/v2\/media?parent=148088"}],"wp:term":[{"taxonomy":"category","embeddable":true,"href":"https:\/\/www.europesays.com\/es\/wp-json\/wp\/v2\/categories?post=148088"},{"taxonomy":"post_tag","embeddable":true,"href":"https:\/\/www.europesays.com\/es\/wp-json\/wp\/v2\/tags?post=148088"}],"curies":[{"name":"wp","href":"https:\/\/api.w.org\/{rel}","templated":true}]}}