{"id":148110,"date":"2025-09-30T07:38:09","date_gmt":"2025-09-30T07:38:09","guid":{"rendered":"https:\/\/www.europesays.com\/es\/148110\/"},"modified":"2025-09-30T07:38:09","modified_gmt":"2025-09-30T07:38:09","slug":"un-pueblo-de-cuento-navideno","status":"publish","type":"post","link":"https:\/\/www.europesays.com\/es\/148110\/","title":{"rendered":"Un pueblo de cuento navide\u00f1o"},"content":{"rendered":"<p class=\"description\"><b>Oferta especial<\/b>: Suscr\u00edbete por solo 1\u20ac al mes a la revista National Geographic. <b>-76% de descuento. \u00a1\u00daltimos d\u00edas!<\/b><\/p>\n<p class=\"description\"><b>\u00a1NOVEDAD!<\/b> Ya disponible la edici\u00f3n especial <b>El cerebro infantil<\/b> de la colecci\u00f3n Los Secretos del Cerebro de National Geographic.<\/p>\n<p class=\"western\" style=\"text-align:left\">En el coraz\u00f3n del Oberland Bern\u00e9s, Grindelwald parece sacado de las p\u00e1ginas de un cuento invernal. <strong>A los pies de colosos como el imponente Wetterhorn<\/strong>, que se alza a casi 3.700 metros, este peque\u00f1o pueblo suizo combina praderas alpinas, casas de madera y un paisaje monta\u00f1oso que se ti\u00f1e de blanco en cuanto llega la nieve. Su ubicaci\u00f3n privilegiada, en plena regi\u00f3n de la Jungfrau, lo ha convertido en un destino so\u00f1ado tanto para senderistas en verano como para amantes de los deportes de invierno.<\/p>\n<p class=\"western\" style=\"text-align:left\">La atm\u00f3sfera del lugar, con sus chal\u00e9s de monta\u00f1a y el tel\u00f3n de fondo de los Alpes, ha inspirado a viajeros y artistas durante siglos. Las hileras de luces brillando en la noche transmiten <strong>esa mezcla de calma y grandeza que caracteriza a los paisajes alpinos<\/strong>. La estampa resulta tan acogedora como majestuosa: el pueblo, brillando a los pies de la monta\u00f1a y rodeado de cumbres nevadas, parece sacado de una de las bolas de cristal con nieve que venden en las tiendas de recuerdos.<\/p>\n","protected":false},"excerpt":{"rendered":"Oferta especial: Suscr\u00edbete por solo 1\u20ac al mes a la revista National Geographic. -76% de descuento. \u00a1\u00daltimos d\u00edas!&hellip;\n","protected":false},"author":2,"featured_media":148111,"comment_status":"","ping_status":"","sticky":false,"template":"","format":"standard","meta":{"footnotes":""},"categories":[81],"tags":[119,123,124,25,24,1408,448,1407,1409,117,121,122,23,118,120,226],"class_list":{"0":"post-148110","1":"post","2":"type-post","3":"status-publish","4":"format-standard","5":"has-post-thumbnail","7":"category-ciencia-y-tecnologia","8":"tag-ciencia","9":"tag-ciencia-y-tecnologia","10":"tag-cienciaytecnologia","11":"tag-es","12":"tag-espana","13":"tag-geographic","14":"tag-historia","15":"tag-national","16":"tag-naturaleza","17":"tag-science","18":"tag-science-and-technology","19":"tag-scienceandtechnology","20":"tag-spain","21":"tag-technology","22":"tag-tecnologia","23":"tag-viajes"},"share_on_mastodon":{"url":"","error":""},"_links":{"self":[{"href":"https:\/\/www.europesays.com\/es\/wp-json\/wp\/v2\/posts\/148110","targetHints":{"allow":["GET"]}}],"collection":[{"href":"https:\/\/www.europesays.com\/es\/wp-json\/wp\/v2\/posts"}],"about":[{"href":"https:\/\/www.europesays.com\/es\/wp-json\/wp\/v2\/types\/post"}],"author":[{"embeddable":true,"href":"https:\/\/www.europesays.com\/es\/wp-json\/wp\/v2\/users\/2"}],"replies":[{"embeddable":true,"href":"https:\/\/www.europesays.com\/es\/wp-json\/wp\/v2\/comments?post=148110"}],"version-history":[{"count":0,"href":"https:\/\/www.europesays.com\/es\/wp-json\/wp\/v2\/posts\/148110\/revisions"}],"wp:featuredmedia":[{"embeddable":true,"href":"https:\/\/www.europesays.com\/es\/wp-json\/wp\/v2\/media\/148111"}],"wp:attachment":[{"href":"https:\/\/www.europesays.com\/es\/wp-json\/wp\/v2\/media?parent=148110"}],"wp:term":[{"taxonomy":"category","embeddable":true,"href":"https:\/\/www.europesays.com\/es\/wp-json\/wp\/v2\/categories?post=148110"},{"taxonomy":"post_tag","embeddable":true,"href":"https:\/\/www.europesays.com\/es\/wp-json\/wp\/v2\/tags?post=148110"}],"curies":[{"name":"wp","href":"https:\/\/api.w.org\/{rel}","templated":true}]}}