{"id":148112,"date":"2025-09-30T07:39:09","date_gmt":"2025-09-30T07:39:09","guid":{"rendered":"https:\/\/www.europesays.com\/es\/148112\/"},"modified":"2025-09-30T07:39:09","modified_gmt":"2025-09-30T07:39:09","slug":"fechas-e-importe-del-cobro","status":"publish","type":"post","link":"https:\/\/www.europesays.com\/es\/148112\/","title":{"rendered":"fechas e importe del cobro"},"content":{"rendered":"<p>    <img fetchpriority=\"high\" decoding=\"async\" src=\"data:image\/gif;base64,R0lGODlhAQABAIAAAAAAAP\/\/\/ywAAAAAAQABAAACAUwAOw==\" alt=\"BBVA dispara su dividendo y lo condiciona a la OPA sobre Sabadell: fechas e importe del cobro\" loading=\"eager\" height=\"523\" width=\"935\" class=\"yf-1gfnohs loader\"\/> BBVA dispara su dividendo y lo condiciona a la OPA sobre Sabadell: fechas e importe del cobro      <\/p>\n<p class=\"yf-1090901\"><a class=\"link \" href=\"https:\/\/www.estrategiasdeinversion.com\/cotizaciones\/indices\/mercado-continuo\/bbva\" rel=\"nofollow noopener\" target=\"_blank\" data-ylk=\"slk:BBVA;elm:context_link;itc:0;sec:content-canvas\">BBVA<\/a>\u00a0vuelve a mover ficha. Su consejo de administraci\u00f3n ha aprobado el pago de un <strong>dividendo a cuenta de 2025 de<\/strong> <strong>0,32 euros brutos por acci\u00f3n en efectivo<\/strong>, lo que supone un salto del <strong>10,3% respecto al a\u00f1o pasado<\/strong>. La fecha marcada en rojo en el calendario es el <strong>7 de noviembre<\/strong>, d\u00eda en que el banco premiar\u00e1 a sus accionistas con este incremento.<\/p>\n<p class=\"yf-1090901\">Pero hay un matiz que a\u00f1ade suspense a la jugada. El pago depender\u00e1 del desenlace de la <strong>OPA lanzada sobre el Banco Sabadell<\/strong>. Si la operaci\u00f3n se culmina antes del 4 de noviembre pero todav\u00eda no est\u00e1 liquidada, la recompensa no llegar\u00e1 el d\u00eda 7, sino tres sesiones burs\u00e1tiles m\u00e1s tarde, justo tras la liquidaci\u00f3n definitiva.<\/p>\n<p class=\"yf-1090901\">Con este movimiento, la entidad presidida por Carlos Torres busca garantizar que <strong>los nuevos accionistas que entren en el capital de BBVA tras la OPA tambi\u00e9n se beneficien del dividendo<\/strong>.<\/p>\n<ul class=\"yf-1woyvo2\">\n<li class=\"yf-1woyvo2\">\n<p class=\"yf-1090901\">Importe bruto por acci\u00f3n: 0,32 euros<\/p>\n<\/li>\n<li class=\"yf-1woyvo2\">\n<p class=\"yf-1090901\">Importe neto por acci\u00f3n: 0,2592 euros (retenci\u00f3n a cuenta del 19%)<\/p>\n<\/li>\n<li class=\"yf-1woyvo2\">\n<p class=\"yf-1090901\">\u00daltimo d\u00eda de negociaci\u00f3n de las acciones de BBVA con derecho a participar en el reparto (last trading date): 4 de noviembre de 2025<\/p>\n<\/li>\n<li class=\"yf-1woyvo2\">\n<p class=\"yf-1090901\">Primer d\u00eda de negociaci\u00f3n de las acciones de BBVA sin derecho a participar en el reparto (ex-dividend date): 5 de noviembre de 2025<\/p>\n<\/li>\n<li class=\"yf-1woyvo2\">\n<p class=\"yf-1090901\">Fecha de registro (record date): 6 de noviembre de 2025<\/p>\n<\/li>\n<li class=\"yf-1woyvo2\">\n<p class=\"yf-1090901\">Fecha de pago: 7 de noviembre de 2025, conforme a las disposiciones vigentes aplicables a las entidades depositarias y utilizando los medios que IBERCLEAR pone a su disposici\u00f3n.<\/p>\n<\/li>\n<\/ul>\n","protected":false},"excerpt":{"rendered":"BBVA dispara su dividendo y lo condiciona a la OPA sobre Sabadell: fechas e importe del cobro BBVA\u00a0vuelve&hellip;\n","protected":false},"author":2,"featured_media":148113,"comment_status":"","ping_status":"","sticky":false,"template":"","format":"standard","meta":{"footnotes":""},"categories":[80],"tags":[3287,3285,82,33674,10372,95,94,25,24,3284,23],"class_list":{"0":"post-148112","1":"post","2":"type-post","3":"status-publish","4":"format-standard","5":"has-post-thumbnail","7":"category-economia","8":"tag-banco-sabadell","9":"tag-bbva","10":"tag-business","11":"tag-carlos-torres","12":"tag-consejo-de-administracion","13":"tag-economia","14":"tag-economy","15":"tag-es","16":"tag-espana","17":"tag-opa","18":"tag-spain"},"share_on_mastodon":{"url":"","error":""},"_links":{"self":[{"href":"https:\/\/www.europesays.com\/es\/wp-json\/wp\/v2\/posts\/148112","targetHints":{"allow":["GET"]}}],"collection":[{"href":"https:\/\/www.europesays.com\/es\/wp-json\/wp\/v2\/posts"}],"about":[{"href":"https:\/\/www.europesays.com\/es\/wp-json\/wp\/v2\/types\/post"}],"author":[{"embeddable":true,"href":"https:\/\/www.europesays.com\/es\/wp-json\/wp\/v2\/users\/2"}],"replies":[{"embeddable":true,"href":"https:\/\/www.europesays.com\/es\/wp-json\/wp\/v2\/comments?post=148112"}],"version-history":[{"count":0,"href":"https:\/\/www.europesays.com\/es\/wp-json\/wp\/v2\/posts\/148112\/revisions"}],"wp:featuredmedia":[{"embeddable":true,"href":"https:\/\/www.europesays.com\/es\/wp-json\/wp\/v2\/media\/148113"}],"wp:attachment":[{"href":"https:\/\/www.europesays.com\/es\/wp-json\/wp\/v2\/media?parent=148112"}],"wp:term":[{"taxonomy":"category","embeddable":true,"href":"https:\/\/www.europesays.com\/es\/wp-json\/wp\/v2\/categories?post=148112"},{"taxonomy":"post_tag","embeddable":true,"href":"https:\/\/www.europesays.com\/es\/wp-json\/wp\/v2\/tags?post=148112"}],"curies":[{"name":"wp","href":"https:\/\/api.w.org\/{rel}","templated":true}]}}