{"id":148156,"date":"2025-09-30T08:05:27","date_gmt":"2025-09-30T08:05:27","guid":{"rendered":"https:\/\/www.europesays.com\/es\/148156\/"},"modified":"2025-09-30T08:05:27","modified_gmt":"2025-09-30T08:05:27","slug":"el-ayuntamiento-inicia-manana-los-trabajos-de-derribo-de-los-numeros-9-y-13-de-la-calle-alta","status":"publish","type":"post","link":"https:\/\/www.europesays.com\/es\/148156\/","title":{"rendered":"El Ayuntamiento inicia ma\u00f1ana los trabajos de derribo de los n\u00fameros 9 y 13 de la calle Alta"},"content":{"rendered":"<p>\t\t\t\t\t\tVisita a los edificios que ser\u00e1n derribados\t\t\t\t\t<\/p>\n<tr>\n<td>\n\t\t\t\t\t\t<img decoding=\"async\" src=\"https:\/\/www.europesays.com\/es\/wp-content\/uploads\/2025\/09\/previa_derribo_edificios_9_y_13_calle_alta_cabildo.jpg\" alt=\"noticias\/imagen-asociada\/2025\/09\/previa_derribo_edificios_9_y_13_calle_alta_cabildo.jpg\" class=\"col-xs-12 col-md-12 img-responsive img-left\"\/>\n\t\t\t\t\t<\/td>\n<\/tr>\n<p class=\"lead\">\n\t\t\t\tGema Igual asegura que esta actuaci\u00f3n permite avanzar en base a la l\u00ednea estrat\u00e9gica acordada en la Comisi\u00f3n Mixta del Cabildo de Arriba y recuerda que Gesvican iniciar\u00e1 en este espacio la construcci\u00f3n de viviendas asequibles para los santanderinos.\t\t\t<\/p>\n<p style=\"text-align: justify;\">El Ayuntamiento de Santander iniciar\u00e1 ma\u00f1ana mi\u00e9rcoles, 1 de octubre, los trabajos necesarios para proceder a la demolici\u00f3n de los n\u00fameros 9 y 13 de la calle Alta, un proyecto adjudicado a la empresa Palomera Obras y Proyectos SL, por importe de 252.890 euros y un plazo de ejecuci\u00f3n previsto de tres 3 meses.<\/p>\n<p style=\"text-align: justify;\">As\u00ed lo ha dado a conocer la alcaldesa, Gema Igual, quien ha destacado que este proyecto supone un importante avance en base a la l\u00ednea estrat\u00e9gica acordada en la Comisi\u00f3n Mixta del Cabildo de Arriba. Como ha recordado, el ejecutivo c\u00e1ntabro, a trav\u00e9s de Gesvican, prev\u00e9 construir vivienda asequible para los santanderinos en el espacio que ahora ocupan estos edificios, junto al n\u00famero 11 que ya fue demolido.<\/p>\n<p style=\"text-align: justify;\">Igual ha remarcado que existe un compromiso firme para mejorar la calidad de vida de los vecinos de esta zona de la ciudad, y ha puesto en valor el trabajo realizado por el Ayuntamiento para ir adquiriendo viviendas -sin \u00e1nimo de especulaci\u00f3n, sino para poder tener la capacidad de decisi\u00f3n sobre los inmuebles- con m\u00e1s de 500.000 euros invertidos en la compra de estos pisos.<\/p>\n<p style=\"text-align: justify;\">El proyecto de demolici\u00f3n se va a ejecutar de forma subsidiaria tras haber expirado el plazo dado a los propietarios y la mayor\u00eda de las viviendas de los n\u00famero 9 y 13 son propiedad municipal tras la adquisici\u00f3n por parte del Consistorio.<\/p>\n<p style=\"text-align: justify;\">\u201cContinuamos dando pasos en el Cabildo dentro del trabajo conjunto que llevamos a cabo la administraci\u00f3n local y regional y con la que vamos a abordar la regeneraci\u00f3n de este barrio c\u00e9ntrico y emblem\u00e1tico de Santander\u201d, ha a\u00f1adido.<\/p>\n<p style=\"text-align: justify;\">Tambi\u00e9n ha recordado actuaciones municipales en la zona para la regeneraci\u00f3n de calles o la mejora de la movilidad, con el nuevo ascensor del Pasaje de Pe\u00f1a; la construcci\u00f3n de vivienda protegida, con la promoci\u00f3n de las 66 VPO de Tabacalera; la mejora de la plaza Juan Jos\u00e9 Ruano o las instalaciones de servicios municipales como el Espacio Joven.<\/p>\n<p style=\"text-align: justify;\"><strong>Detalle de los trabajos y afecciones<\/strong><\/p>\n<p style=\"text-align: justify;\">La obra comenzar\u00e1 ma\u00f1ana con el vallado y el andamiaje con marquesina de protecci\u00f3n que ocupar\u00e1 la totalidad de la acera, as\u00ed como parte de la calzada.<\/p>\n<p style=\"text-align: justify;\">En la fachada sur se colocar\u00e1 otro andamio o plataforma elevadora, quedando en cualquier caso la obra cerrada al acceso de terceros.<\/p>\n<p style=\"text-align: justify;\">Se extraer\u00e1n de forma manual todos los muebles y enseres situados en el interior y se proceder\u00e1 al apuntalamiento de las zonas m\u00e1s vulnerables para evitar derrumbes parciales.<\/p>\n<p style=\"text-align: justify;\">En momentos puntuales ser\u00e1 necesaria la utilizaci\u00f3n del vial de la calle Alta y se precisar\u00e1 acceso con maquinaria pesada y colocaci\u00f3n de contenedores para la retirada de escombro.<\/p>\n<p style=\"text-align: justify;\">Los derribos se iniciar\u00e1n a partir de este jueves y se efectuar\u00e1n a mano, ya que no es posible utilizar maquinaria por la delicada situaci\u00f3n de las medianeras, con especial precauci\u00f3n con los elementos estructurales como vigas, forjados o paredes.<\/p>\n<p style=\"text-align: justify;\">Se utilizar\u00e1n dispositivos cortapolvo, seg\u00fan establece el proyecto de derribo aprobado, y se eliminar\u00e1n elementos situados en los balcones, voladizos o aleros, as\u00ed como cualquier elemento inestable que pueda amenazar con ca\u00edda.<\/p>\n<p style=\"text-align: justify;\">En cuanto a las fachadas medianeras resultantes, quedar\u00e1n perfectamente consolidadas, estando prevista la ejecuci\u00f3n de estructuras met\u00e1licas de atado con cimentaci\u00f3n, proyectando espuma de poliuretano sobre la pared que quedar\u00e1 recubierta con una chapa prelacada sobre rastreles que garantice la seguridad, impermeabilidad y aislamiento t\u00e9rmico.<\/p>\n<p style=\"text-align: justify;\">Tras el derribo, se ejecutar\u00e1 una solera en la colindancia con el portal 7 con pendiente para favorecer la evacuaci\u00f3n del agua de lluvia. Por \u00faltimo, se proceder\u00e1 al extendido de zahorra sobre la finca limpia y los cierres se realizar\u00e1n mediante malla a simple torsi\u00f3n de 2 metros de altura.<\/p>\n<p style=\"text-align: justify;\"><strong>Sobre los edificios 9 y 13<\/strong><\/p>\n<p style=\"text-align: justify;\">Los dos bloques de la calle Alta 9 y 13 se declararon en ruina econ\u00f3mica y se oblig\u00f3 a los propietarios a demoler sus edificios y acondicionar los solares resultantes, limpios de escombros y vallados.<\/p>\n<p style=\"text-align: justify;\">Revisados los expedientes administrativos, se inform\u00f3 que los proyectos de demolici\u00f3n no hab\u00edan sido presentados y una vez girada visita de inspecci\u00f3n, en mayo de 2024, se comprob\u00f3 que no se hab\u00eda realizado.<\/p>\n<p style=\"text-align: justify;\">Transcurrido el plazo concedido, sin haber sido atendido por la propiedad y de acuerdo a la Ley 5\/2022 de Ordenaci\u00f3n Territorial y R\u00e9gimen Urban\u00edstico del Suelo de Cantabria, el Ayuntamiento proceder\u00e1 a la demolici\u00f3n de ambas edificaciones y al acondicionamiento de las parcelas.<\/p>\n","protected":false},"excerpt":{"rendered":"Visita a los edificios que ser\u00e1n derribados Gema Igual asegura que esta actuaci\u00f3n permite avanzar en base a&hellip;\n","protected":false},"author":2,"featured_media":148157,"comment_status":"","ping_status":"","sticky":false,"template":"","format":"standard","meta":{"footnotes":""},"categories":[5],"tags":[17,18,25,24,13,14,11,19,20,9,10,15,16,23,12,21,22],"class_list":{"0":"post-148156","1":"post","2":"type-post","3":"status-publish","4":"format-standard","5":"has-post-thumbnail","7":"category-titulares","8":"tag-breaking-news","9":"tag-breakingnews","10":"tag-es","11":"tag-espana","12":"tag-featured-news","13":"tag-featurednews","14":"tag-headlines","15":"tag-latest-news","16":"tag-latestnews","17":"tag-news","18":"tag-noticias","19":"tag-noticias-destacadas","20":"tag-noticiasdestacadas","21":"tag-spain","22":"tag-titulares","23":"tag-ultimas-noticias","24":"tag-ultimasnoticias"},"share_on_mastodon":{"url":"","error":""},"_links":{"self":[{"href":"https:\/\/www.europesays.com\/es\/wp-json\/wp\/v2\/posts\/148156","targetHints":{"allow":["GET"]}}],"collection":[{"href":"https:\/\/www.europesays.com\/es\/wp-json\/wp\/v2\/posts"}],"about":[{"href":"https:\/\/www.europesays.com\/es\/wp-json\/wp\/v2\/types\/post"}],"author":[{"embeddable":true,"href":"https:\/\/www.europesays.com\/es\/wp-json\/wp\/v2\/users\/2"}],"replies":[{"embeddable":true,"href":"https:\/\/www.europesays.com\/es\/wp-json\/wp\/v2\/comments?post=148156"}],"version-history":[{"count":0,"href":"https:\/\/www.europesays.com\/es\/wp-json\/wp\/v2\/posts\/148156\/revisions"}],"wp:featuredmedia":[{"embeddable":true,"href":"https:\/\/www.europesays.com\/es\/wp-json\/wp\/v2\/media\/148157"}],"wp:attachment":[{"href":"https:\/\/www.europesays.com\/es\/wp-json\/wp\/v2\/media?parent=148156"}],"wp:term":[{"taxonomy":"category","embeddable":true,"href":"https:\/\/www.europesays.com\/es\/wp-json\/wp\/v2\/categories?post=148156"},{"taxonomy":"post_tag","embeddable":true,"href":"https:\/\/www.europesays.com\/es\/wp-json\/wp\/v2\/tags?post=148156"}],"curies":[{"name":"wp","href":"https:\/\/api.w.org\/{rel}","templated":true}]}}