{"id":148168,"date":"2025-09-30T08:15:04","date_gmt":"2025-09-30T08:15:04","guid":{"rendered":"https:\/\/www.europesays.com\/es\/148168\/"},"modified":"2025-09-30T08:15:04","modified_gmt":"2025-09-30T08:15:04","slug":"nadie-daba-un-duro-por-ver-este-selfi-que-ha-subido-aitana-a-instagram-pero-es-real","status":"publish","type":"post","link":"https:\/\/www.europesays.com\/es\/148168\/","title":{"rendered":"Nadie daba un duro por ver este selfi que ha subido Aitana a Instagram\u2026 pero es real"},"content":{"rendered":"<p>De todas las im\u00e1genes que puede dejar una entrega de premios a la que acuden pol\u00edticos, empresarios y artistas, nadie esperaba ver la que ya recorre las redes sociales como si se tratara de patrimonio nacional: <b><a href=\"https:\/\/www.huffingtonpost.es\/life\/aitana-abre-album-fotos-publica-felicitacion-plex-mas-emotiva-feliz-cumple-daniel.html\" title=\"Aitana abre su \u00e1lbum de fotos y publica una felicitaci\u00f3n a Plex de lo m\u00e1s emotiva: \" feliz=\"\" cumple=\"\" daniel=\"\" rel=\"nofollow noopener\" target=\"_blank\">Aitana<\/a><\/b>, m\u00f3vil en mano, haci\u00e9ndose un selfie con Felipe VI tan improbable como hist\u00f3rico, como si fueran compa\u00f1eros de clase.\u00a0<\/p>\n<p>A pesar de que Aitana hab\u00eda acudido a Barcelona este lunes para recoger un premio que reconoce su (cort\u00edsima) trayectoria musical, de lo que de verdad se va a acordar la gente, lo que se ha convertido en lo m\u00e1s valioso de la gala, de lo que todo el mundo va hablar y que se va difundir como si hubiera ma\u00f1ana&#8230; es <a href=\"https:\/\/www.instagram.com\/p\/DPMxCtBgob7\/?img_index=6\" target=\"_blank\" rel=\"nofollow noopener\">la foto junto al rey Felipe VI.<\/a>\u00a0<\/p>\n<p>\u201c\u00a1Por cierto he conocido al rey por primera vez! \u00a1Qu\u00e9 maj\u00edssssimo!\u201d, escrib\u00eda la extriunfita en su cuenta de Instagram, donde acababa de compartir un carrusel de posados luciendo el vestido con el que ha acudido a la gala. Entre fotograf\u00edas de su look y agradecimientos, con la naturalidad de quien se encuentra un famoso en el s\u00faper, se colaba el autorretrato. \u201cS\u00ed, lo admito. le he pedido un selfie al rey\u00bb, confesaba en &#8216;X&#8217;, con otras im\u00e1genes.<\/p>\n<p>Porque si el selfie en el que se ve a una sonriente Aitana junto el rey Felipe VI, inclinado para entrar en el encuadre de la fotograf\u00eda, fue el primero en ver la luz, minutos despu\u00e9s, la Casa Real\u00a0difund\u00eda en su cuenta de Instagram el making of de una imagen tan hist\u00f3rica como sorprendente, propia del backstage de un festival y no de un acto institucional.<\/p>\n<p>Como cab\u00eda esperar, el selfi se propag\u00f3 de inmediato por las redes sociales, donde se ha puesto en tela de juicio la autenticidad de la fotograf\u00eda y bromearon, incluso, con que era un montaje de Photoshop. La expresi\u00f3n de Aitana (mitad nerviosa, mitad euf\u00f3rica) y la naturalidad del gesto del rey confirmaron lo contrario:\u00a0 era tan real como la vida misma.<\/p>\n<p>El estilismo que ha elegido Aitana para asistir a la entrega de premios tampoco ha pasado desapercibido entre sus seguidores. La cantante ha escogido un crop top de color negro que dejaba los hombros al descubierto, al que ha acompa\u00f1ado con una falda fruncida con forma de rosa, que ha combinado con medias oscuras y tacones de aguja. Un look juvenil y sofisticado con el que deslumbr\u00f3\u00a0al Palacio de Congresos de Catalu\u00f1a, en Barcelona.<\/p>\n<p>Adem\u00e1s de Aitana, en la ceremonia tambi\u00e9n se ha reconocido el trabajo de la Cruz Roja y C\u00e1ritas durante la DANA en Valencia; al empresario <b>Demetrio Carceller<\/b>; al historiador <b>Timothy Garton Ash<\/b>; a la oftalm\u00f3loga <b>Elena Barraquer\u00a0<\/b>y a Caroline Darian, hija de <a href=\"https:\/\/www.huffingtonpost.es\/global\/gisele-pelicot-valor-victima-convertida-icono-feministabr.html\" title=\"Gis\u00e8le Pelicot, el valor de una v\u00edctima convertida en icono feminista\" rel=\"nofollow noopener\" target=\"_blank\">Gis\u00e8le Pelicot<\/a>. Tambi\u00e9n se entregaron galardones al <b>Hospital Sant Joan de D\u00e9u<\/b>, a <b>Airbus<\/b>, a la Sagrada Familia y, a t\u00edtulo p\u00f3stumo, al arquitecto <b>Ricardo Bofill.<\/b> Pero nada de eso logr\u00f3 eclipsar la imagen que se guardar\u00e1 en la memoria colectiva: la de Aitana sacando el m\u00f3vil y firmando el selfi que nadie daba un duro por ver\u2026 y que ya es historia pop.<\/p>\n<p><script async src=\"\/\/www.instagram.com\/embed.js\"><\/script><\/p>\n","protected":false},"excerpt":{"rendered":"De todas las im\u00e1genes que puede dejar una entrega de premios a la que acuden pol\u00edticos, empresarios y&hellip;\n","protected":false},"author":2,"featured_media":148169,"comment_status":"","ping_status":"","sticky":false,"template":"","format":"standard","meta":{"footnotes":""},"categories":[174],"tags":[3519,210,255,146,147,25,24,256,11439,45319,2183,4536,1027,1922,45318,23,15792],"class_list":{"0":"post-148168","1":"post","2":"type-post","3":"status-publish","4":"format-standard","5":"has-post-thumbnail","7":"category-famosos","8":"tag-aitana","9":"tag-barcelona","10":"tag-celebrities","11":"tag-entertainment","12":"tag-entretenimiento","13":"tag-es","14":"tag-espana","15":"tag-famosos","16":"tag-felipe-vi","17":"tag-gala-de-premios","18":"tag-influencers","19":"tag-instagram","20":"tag-realeza","21":"tag-redes-sociales","22":"tag-selfi","23":"tag-spain","24":"tag-x"},"share_on_mastodon":{"url":"","error":""},"_links":{"self":[{"href":"https:\/\/www.europesays.com\/es\/wp-json\/wp\/v2\/posts\/148168","targetHints":{"allow":["GET"]}}],"collection":[{"href":"https:\/\/www.europesays.com\/es\/wp-json\/wp\/v2\/posts"}],"about":[{"href":"https:\/\/www.europesays.com\/es\/wp-json\/wp\/v2\/types\/post"}],"author":[{"embeddable":true,"href":"https:\/\/www.europesays.com\/es\/wp-json\/wp\/v2\/users\/2"}],"replies":[{"embeddable":true,"href":"https:\/\/www.europesays.com\/es\/wp-json\/wp\/v2\/comments?post=148168"}],"version-history":[{"count":0,"href":"https:\/\/www.europesays.com\/es\/wp-json\/wp\/v2\/posts\/148168\/revisions"}],"wp:featuredmedia":[{"embeddable":true,"href":"https:\/\/www.europesays.com\/es\/wp-json\/wp\/v2\/media\/148169"}],"wp:attachment":[{"href":"https:\/\/www.europesays.com\/es\/wp-json\/wp\/v2\/media?parent=148168"}],"wp:term":[{"taxonomy":"category","embeddable":true,"href":"https:\/\/www.europesays.com\/es\/wp-json\/wp\/v2\/categories?post=148168"},{"taxonomy":"post_tag","embeddable":true,"href":"https:\/\/www.europesays.com\/es\/wp-json\/wp\/v2\/tags?post=148168"}],"curies":[{"name":"wp","href":"https:\/\/api.w.org\/{rel}","templated":true}]}}