{"id":148188,"date":"2025-09-30T08:27:07","date_gmt":"2025-09-30T08:27:07","guid":{"rendered":"https:\/\/www.europesays.com\/es\/148188\/"},"modified":"2025-09-30T08:27:07","modified_gmt":"2025-09-30T08:27:07","slug":"pradales-reprocha-a-ayuso-que-manipule-sus-palabras","status":"publish","type":"post","link":"https:\/\/www.europesays.com\/es\/148188\/","title":{"rendered":"Pradales reprocha a Ayuso que \u00abmanipule\u00bb sus palabras"},"content":{"rendered":"<p>El lehendakari,<strong> Imanol Pradales<\/strong>, ve \u00abindignante e inaceptable\u00bb que la presidenta de la Comunidad de Madrid, <strong>Isabel D\u00edaz Ayuso<\/strong>, haya \u00abmanipulado burdamente\u00bb sus palabras para acusarle de \u00abamenazarla\u00bb.<\/p>\n<p>Se ha referido a las declaraciones de Ayuso este lunes en una entrevista en Telecinco. La presidenta madrile\u00f1a<strong> asegur\u00f3 que Pradales le hab\u00eda dicho \u00abAyuso entzun, pim, pam, pum\u00bb<\/strong> el pasado domingo durante un mitin, lanzando consignas contra ella como en su tiempo hac\u00eda el entorno de ETA como se\u00f1alamiento a personas, cuando <strong>en realidad el lehendakari dijo \u00abAyuso entzun, Euskadi euskaldun<\/strong> (Ayuso escucha, Euskadi es vasca)\u00bb, en referencia a que la Comunidad Aut\u00f3noma es vasc\u00f3fona. <\/p>\n<p>Las referencia de Pradales a Ayuso el pasado domingo respond\u00eda a<strong> la actitud de \u00e9sta en la \u00faltima conferencia de presidentes auton\u00f3micos <\/strong>en Barcelona, cuando decidi\u00f3 abandonar la misma cada vez que un regidor de una comunidad hablaba en una lengua cooficial distinta al espa\u00f1ol. <\/p>\n<p>\u00ab<strong>Yo estaba haciendo una defensa del euskera<\/strong> y una petici\u00f3n p\u00fablica de respeto hacia nuestra lengua y, sinceramente, si le incomod\u00f3, lo siento. Ahora bien, <strong>en pol\u00edtica no todo vale<\/strong>, en la vida no todo vale. Yo creo que lo que escuchamos ayer en boca de la se\u00f1ora Ayuso en esa entrevista, lo primero es muy triste, porque es una forma de entender la pol\u00edtica que yo no comparto en absoluto\u00bb, ha asegurado Pradales en una entrevista en Radio Popular-Herri Irratia. <\/p>\n<p>Tambi\u00e9n ha mostrado su indignaci\u00f3n por<strong> \u00abc\u00f3mo se manipulan burdamente\u00bb <\/strong>sus palabras, \u00abc\u00f3mo se banaliza el uso de la violencia, c\u00f3mo <strong>se banaliza a ETA <\/strong>y c\u00f3mo <strong>se apunta a una amenaza <\/strong>por mi parte\u00bb. \u00abCreo que esto es indignante y es inaceptable, y creo que le califica a la se\u00f1ora Ayuso, la retrata y deja en evidencia el tipo de pol\u00edtica que pretende ejercer\u00bb, ha destacado. <\/p>\n<p>A su juicio, se trata de \u00ab<strong>la aplicaci\u00f3n del manual de la antipol\u00edtica<\/strong>, no de la pol\u00edtica con may\u00fasculas\u00bb, que es en la que \u00e9l cree. \u00abEs algo que creo que no compartimos en este pa\u00eds, creo que la inmensa mayor\u00eda de la sociedad vasca no quiere que ese tipo de pol\u00edtica llegue a Euskadi, no es mi estilo y, desde luego, yo no voy a caer en esa trampa, a pesar de la provocaci\u00f3n\u00bb, ha asegurado. <\/p>\n<p>Le reprocha su \u00abfalta de respeto\u00bb al euskera<\/p>\n<p>No obstante, considera \u00abmuy preocupante y grave\u00bb porque, \u00abuna vez m\u00e1s\u00bb, lo que demuestran las manifestaciones de la presidenta de la Comunidad de Madrid \u00abes una falta de respeto absoluta con el euskera\u00bb. <strong>\u00abEs un desprecio nuevamente hacia nuestra identidad<\/strong> y es algo que desde luego no podemos tolerar\u00bb, ha a\u00f1adido. <\/p>\n<p>Por ello, ha advertido que \u00e9l seguir\u00e1 \u00abalzando la voz cada vez que no se respete el euskera o la singularidad y la identidad vasca\u00bb. \u00abPorque soy el lehendakari de Euskadi y represento a un pueblo que tiene una identidad, que tiene una lengua, que lo \u00fanico que queremos es que sea respetada y nunca menospreciada o despreciada\u00bb, ha se\u00f1alado. <\/p>\n<p>El lehendakari ha precisado que, \u00abpor supuesto,<strong> nadie ha pedido disculpas\u00bb<\/strong> por lo ocurrido el d\u00eda anterior. \u00abY esa es la desgracia de lo que estamos viendo en un determinado modo de hacer mala pol\u00edtica. Por eso, es triste ver que alguien haga pol\u00edtica de esa manera, y me indigna c\u00f3mo se manipulan burdamente mis palabras\u00bb, ha declarado. <\/p>\n<p>Imanol Pradales ha exigido \u00abrespeto a Euskadi, a la sociedad vasca, respeto a nuestros valores, a nuestra lengua, a nuestra identidad\u00bb. \u00ab<strong>La lengua es un veh\u00edculo para la comunicaci\u00f3n, no son para la confrontaci\u00f3n<\/strong>. \u00bfQui\u00e9n utiliza la lengua para la confrontaci\u00f3n que es lo que busca?\u00bb, se ha preguntado. Tras indicar que no hay que \u00abcaer en esas trampas\u00bb, ha aseverado que hay que \u00abmantener la defensa de esta pueblo y su identidad\u00bb. <\/p>\n<p>Por \u00faltimo, el lehendakari ha insistido en que \u00abvienen tiempos dif\u00edciles\u00bb por el entorno internacional \u00abque est\u00e1 muy complicado\u00bb, pero tambi\u00e9n por \u00ablo que puede venir a nivel del Estado en un determinado momento si cambia el ciclo pol\u00edtico y si hubiera un potencial gobierno en el que participara Vox\u00bb. Y ha lamentado \u00abc\u00f3mo est\u00e1 la pol\u00edtica espa\u00f1ola,<strong> especialmente el gallinero madrile\u00f1o<\/strong>\u00ab. \u00abA m\u00ed, sinceramente, me genera muchas veces verg\u00fcenza ajena ver y escuchar lo que escuchas\u00bb, ha subrayado.<\/p>\n","protected":false},"excerpt":{"rendered":"El lehendakari, Imanol Pradales, ve \u00abindignante e inaceptable\u00bb que la presidenta de la Comunidad de Madrid, Isabel D\u00edaz&hellip;\n","protected":false},"author":2,"featured_media":148189,"comment_status":"","ping_status":"","sticky":false,"template":"","format":"standard","meta":{"footnotes":""},"categories":[8],"tags":[17,18,25,24,13,14,11,19,20,9,10,15,16,23,12,21,22],"class_list":{"0":"post-148188","1":"post","2":"type-post","3":"status-publish","4":"format-standard","5":"has-post-thumbnail","7":"category-espana","8":"tag-breaking-news","9":"tag-breakingnews","10":"tag-es","11":"tag-espana","12":"tag-featured-news","13":"tag-featurednews","14":"tag-headlines","15":"tag-latest-news","16":"tag-latestnews","17":"tag-news","18":"tag-noticias","19":"tag-noticias-destacadas","20":"tag-noticiasdestacadas","21":"tag-spain","22":"tag-titulares","23":"tag-ultimas-noticias","24":"tag-ultimasnoticias"},"share_on_mastodon":{"url":"","error":""},"_links":{"self":[{"href":"https:\/\/www.europesays.com\/es\/wp-json\/wp\/v2\/posts\/148188","targetHints":{"allow":["GET"]}}],"collection":[{"href":"https:\/\/www.europesays.com\/es\/wp-json\/wp\/v2\/posts"}],"about":[{"href":"https:\/\/www.europesays.com\/es\/wp-json\/wp\/v2\/types\/post"}],"author":[{"embeddable":true,"href":"https:\/\/www.europesays.com\/es\/wp-json\/wp\/v2\/users\/2"}],"replies":[{"embeddable":true,"href":"https:\/\/www.europesays.com\/es\/wp-json\/wp\/v2\/comments?post=148188"}],"version-history":[{"count":0,"href":"https:\/\/www.europesays.com\/es\/wp-json\/wp\/v2\/posts\/148188\/revisions"}],"wp:featuredmedia":[{"embeddable":true,"href":"https:\/\/www.europesays.com\/es\/wp-json\/wp\/v2\/media\/148189"}],"wp:attachment":[{"href":"https:\/\/www.europesays.com\/es\/wp-json\/wp\/v2\/media?parent=148188"}],"wp:term":[{"taxonomy":"category","embeddable":true,"href":"https:\/\/www.europesays.com\/es\/wp-json\/wp\/v2\/categories?post=148188"},{"taxonomy":"post_tag","embeddable":true,"href":"https:\/\/www.europesays.com\/es\/wp-json\/wp\/v2\/tags?post=148188"}],"curies":[{"name":"wp","href":"https:\/\/api.w.org\/{rel}","templated":true}]}}