{"id":148211,"date":"2025-09-30T08:46:06","date_gmt":"2025-09-30T08:46:06","guid":{"rendered":"https:\/\/www.europesays.com\/es\/148211\/"},"modified":"2025-09-30T08:46:06","modified_gmt":"2025-09-30T08:46:06","slug":"iberseries-platino-industria-regresa-con-estrenos-e-innovacion","status":"publish","type":"post","link":"https:\/\/www.europesays.com\/es\/148211\/","title":{"rendered":"Iberseries &#038; Platino Industria regresa con estrenos e innovaci\u00f3n"},"content":{"rendered":"<p><a href=\"https:\/\/www.panoramaaudiovisual.com\/wp-content\/uploads\/2025\/09\/Inauguracion-lberseries-Platino-Industria-2025.jpg\" rel=\"nofollow noopener\" target=\"_blank\"><img fetchpriority=\"high\" decoding=\"async\" class=\"aligncenter size-large wp-image-256092\" src=\"https:\/\/www.europesays.com\/es\/wp-content\/uploads\/2025\/09\/Inauguracion-lberseries-Platino-Industria-2025-605x343.jpg\" alt=\"Inauguraci\u00f3n lberseries Platino Industria 2025\" width=\"605\" height=\"343\"  \/><\/a><br \/>\nM\u00e1s de 2.300 profesionales acreditados de 50 pa\u00edses formar\u00e1n parte de <a href=\"https:\/\/iberseriesplatinoindustria.com\/\" target=\"_blank\" rel=\"noopener nofollow\">Iberseries &amp; Platino Industria<\/a> (<a href=\"https:\/\/www.egeda.es\/\" target=\"_blank\" rel=\"noopener nofollow\">EGEDA<\/a>, <a href=\"https:\/\/www.fundacionsecuoya.org\/\" target=\"_blank\" rel=\"noopener nofollow\">Fundaci\u00f3n Secuoya<\/a>, <a href=\"https:\/\/www.fipca.org\/\" target=\"_blank\" rel=\"noopener nofollow\">FIPCA<\/a>), cita que en su 5\u00aa edici\u00f3n ofrecer\u00e1 m\u00e1s de 130 actividades incluyendo 20 screenings de estrenos exclusivos y 60 paneles de alto nivel con la participaci\u00f3n de m\u00e1s de 200 ponentes.<\/p>\n<p>Del 30 de septiembre al 3 de octubre, ejecutivos, creadores, productores, distribuidores, cadenas de televisi\u00f3n, plataformas, estudios, financieros y compradores internacionales se dar\u00e1n cita en la capital para impulsar la colaboraci\u00f3n y el desarrollo de la industria de contenidos en espa\u00f1ol y portugu\u00e9s a nivel global. La mitad de los profesionales acreditados, <strong>casi el 50% proceden de fuera de Espa\u00f1a<\/strong>, lo que demuestra el car\u00e1cter internacional de esta cita:<strong> M\u00e9xico, Argentina, Estados Unidos, Colombia, Chile, Per\u00fa, Uruguay, Brasil, Corea del Sur, Italia, Alemania, Portugal, Turqu\u00eda,<\/strong> <strong>Ecuador<\/strong>\u2026 Asimismo, estar\u00e1n representados profesionales de Francia, India, Puerto Rico, Reino Unido, Panam\u00e1, B\u00e9lgica, Suiza, Rep\u00fablica Dominicana, Guatemala, Jap\u00f3n, Rep\u00fablica Checa, Andorra, Canad\u00e1, Costa Rica, Finlandia, Hungr\u00eda, Letonia, Macedonia, Pa\u00edses Bajos, Paraguay, Polonia, Suecia, Venezuela, Bolivia, China, Croacia, Dinamarca, Grecia, Honduras, Irlanda, Islandia, Marruecos y M\u00f3naco.<\/p>\n<p>En total, participar\u00e1n <strong>1.300 empresas<\/strong> de todo el mundo, lo que supone un <strong>incremento del 30%<\/strong> respecto a la edici\u00f3n anterior. Se presentar\u00e1n <strong>m\u00e1s de 130 proyectos<\/strong> en las sesiones de <strong>Pitch con Plataformas y Productoras<\/strong>, en el <strong>Foro de Coproducci\u00f3n y Financiaci\u00f3n<\/strong>, en el<strong> Taller de Showrunners <\/strong>y en la convocatoria <strong>Methos Media<\/strong>, entre otras acciones de formaci\u00f3n y networking, con la participaci\u00f3n de <strong>cerca de 170 compradores internacionales<\/strong> y m\u00e1s de <strong>40 expositores<\/strong> en el \u00e1rea de mercado <strong>MAI<\/strong> y <strong>Plaza Matadero<\/strong>.<\/p>\n<p><a href=\"https:\/\/www.panoramaaudiovisual.com\/wp-content\/uploads\/2025\/09\/Inauguracion-lberseries-Platino-Industria-2025-Foto-Juan-Carlos-Lucas.jpg\" rel=\"nofollow noopener\" target=\"_blank\"><img loading=\"lazy\" decoding=\"async\" class=\"aligncenter size-large wp-image-256093\" src=\"https:\/\/www.europesays.com\/es\/wp-content\/uploads\/2025\/09\/Inauguracion-lberseries-Platino-Industria-2025-Foto-Juan-Carlos-Lucas-605x317.jpg\" alt=\"Inauguraci\u00f3n lberseries Platino Industria 2025 (Foto: Juan Carlos Lucas)\" width=\"605\" height=\"317\"  \/><\/a><br \/>\n29 y 30 de septiembre: apertura y primera jornada<\/p>\n<p>El Auditorio de la Casa del Lector de<strong> Matadero Madrid <\/strong>acogi\u00f3 la inauguraci\u00f3n oficial de <strong>Iberseries &amp; Platino Industria, <\/strong>celebrando los cinco a\u00f1os de \u00e9xitos del evento y lo que ha supuesto en impacto en el audiovisual iberoamericano e internacional. Participaron en el acto <strong>Enrique Cerezo<\/strong>, presidente de <strong>EGEDA<\/strong> y de <strong>Platino Industria<\/strong>; <strong>Ra\u00fal Berdon\u00e9s<\/strong>, presidente de <strong>Fundaci\u00f3n<\/strong> <strong>Secuoya<\/strong>; <strong>Ignacio Rey<\/strong>, presidente de <strong>FIPCA<\/strong>; <strong>Luis Fernando Mart\u00edn<\/strong>, viceconsejero de Cultura, Turismo y Deporte de la <strong>Comunidad de Madrid<\/strong>; y <strong>Almudena Ma\u00edllo<\/strong>, concejala delegada de Turismo del <strong>Ayuntamiento de Madrid<\/strong>. La ceremonia ha estado presentada por <strong>Yolanda Flores<\/strong> y ha contado con la presencia de destacadas personalidades e instituciones.<\/p>\n<p>El d\u00eda 30 da inicio la <strong>primera jornada<\/strong> de la quinta edici\u00f3n. Entre los temas m\u00e1s se\u00f1alados del d\u00eda figuran las nuevas corrientes globales del audiovisual, las estrategias de plataformas y estudios, la financiaci\u00f3n de contenidos, la transformaci\u00f3n tecnol\u00f3gica, el papel de los territorios como polos de atracci\u00f3n y el talento creativo internacional:<\/p>\n<ul>\n<li><strong>Tendencias de mercado y negocio<\/strong>: an\u00e1lisis de la evoluci\u00f3n del ecosistema europeo (<strong>Teleformat \u2013 GECA<\/strong>), la estrategia global de <strong>Beta Film, Secuoya Studios, Banijay, Telemundo, HBO Max<\/strong> y <strong>Disney<\/strong>+.<\/li>\n<li><strong>Keynotes internacionales<\/strong>: <strong>Nicolas Atlan<\/strong> (Gaumont), <strong>Sof\u00eda F\u00e1bregas<\/strong> (Disney+), <strong>Luisana Lopilato<\/strong> (actriz y productora).<\/li>\n<li><strong>Resultados del Plan Spain Audiovisual Hub<\/strong>: medici\u00f3n del impacto del sector audiovisual en los distintos territorios, seg\u00fan la estrategia de <strong>Madrid Film Office<\/strong>.<\/li>\n<li><strong>Creatividad y talento<\/strong>: panel sobre ficci\u00f3n documentada y talleres de showrunners y de legal &amp; business affairs.<\/li>\n<li><strong>Focus Pa\u00eds y Territorio<\/strong>: M\u00e9xico como hub audiovisual, la estrategia regional de <strong>Film Madrid Region<\/strong> y el programa <strong>AMEA<\/strong>, presentaci\u00f3n del ecosistema audiovisual de Zaragoza (<strong>Distrito 7<\/strong>).<\/li>\n<li><strong>Innovaci\u00f3n y tecnolog\u00eda<\/strong>: drones en el rodaje, aplicaci\u00f3n <strong>FIPCA Conecta<\/strong>, nuevas m\u00e9tricas de impacto de <strong>SPLATAM (<\/strong>Parrot Analytics).<\/li>\n<li><strong>Financiaci\u00f3n y negocio<\/strong>: paneles sobre capital riesgo, atracci\u00f3n de inversores y los 20 a\u00f1os de <strong>CREA SGR<\/strong> apoyando el cine espa\u00f1ol.<\/li>\n<li><strong>Del guion a la pantalla: Negociar, colaborar, proteger<\/strong>: Taller pr\u00e1ctico de Legal &amp; Business Affairs para productores y creadores.<\/li>\n<\/ul>\n<p><strong>Iberscreenings<\/strong> contar\u00e1 con m\u00faltiples ventanas de estrenos y proyecciones exclusivas de <strong>Atresmedia<\/strong>, incluyendo t\u00edtulos como Las hijas de la criada, 33 d\u00edas, A qu\u00e9 est\u00e1s esperando y La ruta VOL.2: Ibiza, presentados asimismo en sesiones de mercado junto a sus equipos creativos y ejecutivos.<\/p>\n<p>Las actividades se completan con encuentros sectoriales y espacios de intercambio profesional, impulsando la colaboraci\u00f3n cultural y audiovisual entre entre los distintos territorios participantes.<\/p>\n<p><a href=\"https:\/\/www.panoramaaudiovisual.com\/wp-content\/uploads\/2025\/09\/lberseries-Platino-Industria-2024.jpg\" rel=\"nofollow noopener\" target=\"_blank\"><img loading=\"lazy\" decoding=\"async\" class=\"aligncenter size-large wp-image-256091\" src=\"https:\/\/www.europesays.com\/es\/wp-content\/uploads\/2025\/09\/lberseries-Platino-Industria-2024-605x329.jpg\" alt=\"lberseries Platino Industria - 2024\" width=\"605\" height=\"329\"  \/><\/a><br \/>\n1 de octubre: visi\u00f3n creativa, innovaci\u00f3n y coproducci\u00f3n<\/p>\n<p>El mi\u00e9rcoles 1 de octubre, Madrid se convierte de nuevo en epicentro del audiovisual iberoamericano con sesiones privadas de networking con ejecutivos de <strong>RTVE, M\u00e9xico, Chile, Argentina, Italia, KOCCA <\/strong>(Corea) y<strong> Grupo iZen<\/strong>, adem\u00e1s de desayunos sectoriales como el de <strong>OMMA<\/strong> sobre financiaci\u00f3n. Entre las ponencias destacan:<\/p>\n<ul>\n<li><strong>Kai Finke<\/strong>, Chief Content Officer de <strong>SkyShowtime<\/strong>, sobre estrategia paneuropea y el rol de Espa\u00f1a en el ecosistema internacional.<\/li>\n<li><strong>Spotlight Atresmedia<\/strong> sobre su estrategia de \u00e9xito en ficci\u00f3n y entretenimiento.<\/li>\n<li>Debates sobre coproducci\u00f3n y distribuci\u00f3n en Europa con <strong>Fremantle, RAI, Secuoya Content Group<\/strong> y Grupo<strong> iZen<\/strong>.<\/li>\n<li><strong>John Altschuler<\/strong>, showrunner de <strong>Silicon Valley<\/strong>, y la clase magistral de dise\u00f1o de producci\u00f3n de <strong>Cien a\u00f1os de soledad <\/strong>con <strong>Eugenio Caballero<\/strong> y <strong>B\u00e1rbara Enr\u00edquez<\/strong>.<\/li>\n<li>Presentaci\u00f3n de ocho producciones coreanas en <strong>Series on Board<\/strong> y panel de <strong>HBO Max <\/strong>paraAm\u00e9rica Latina sobre adaptaci\u00f3n de grandes IPs.<\/li>\n<li><strong>Coproducci\u00f3n en la ficci\u00f3n europea<\/strong>: uniendo fuerzas para el futuro, patrocinada por <strong>Madrid Film Office<\/strong>.<\/li>\n<li><strong>Focus Italia<\/strong>: Retos y tendencias del audiovisual, sesi\u00f3n patrocinada por <strong>Film Madrid Region<\/strong>.<\/li>\n<li><strong>Caso de \u00e9xito<\/strong>: producci\u00f3n (m\u00e1s) responsable y competitiva en la Comunidad de Madrid, en colaboraci\u00f3n con <strong>Film Madrid Region<\/strong>.<\/li>\n<li>Sesi\u00f3n<strong> Taller de<\/strong> <strong>Inteligencia Artificial aplicada al audiovisual<\/strong>, organizado pro el <strong>Cl\u00faster Audiovisual de Madrid<\/strong>.<\/li>\n<\/ul>\n<p>Estrenos y proyecciones para compradores en <strong>Iberscreenings<\/strong>: nuevos t\u00edtulos de <strong>RTVE<\/strong> (La frontera, Sin gluten), <strong>Prime Video Brasil<\/strong> (primer cap\u00edtulo de Trememb\u00e9), <strong>The Mediapro Studio <\/strong>y <strong>Wild Sheep Content<\/strong> (Raza Brava), <strong>Movistar Plus+<\/strong> (Los sin nombre y La canci\u00f3n), <strong>Mediterr\u00e1neo Mediaset <\/strong>(La agencia) y la segunda temporada de Es amor?, entre otros.<\/p>\n<p><a href=\"https:\/\/www.panoramaaudiovisual.com\/wp-content\/uploads\/2024\/10\/The-Mediapro-Studio-Iberseries-Platino-Industria-America-Latina.jpg\" rel=\"nofollow noopener\" target=\"_blank\"><img loading=\"lazy\" decoding=\"async\" class=\"aligncenter size-large wp-image-239364\" src=\"https:\/\/www.europesays.com\/es\/wp-content\/uploads\/2025\/09\/The-Mediapro-Studio-Iberseries-Platino-Industria-America-Latina-605x334.jpg\" alt=\"The Mediapro Studio Iberseries Platino Industria - Am\u00e9rica Latina\" width=\"605\" height=\"334\"  \/><\/a><br \/>\n2 de octubre: adaptaciones, talents, showrunners, financiaci\u00f3n y el papel de la inteligencia artificial en el sector audiovisual<\/p>\n<p>El jueves 2 de octubre, la jornada se centra en creatividad, financiaci\u00f3n e impacto de la inteligencia artificial en el sector audiovisual:<\/p>\n<ul>\n<li><strong>Eugenio Derbez<\/strong> abre el d\u00eda con un keynote sobre su trayectoria y visi\u00f3n creativa en <strong>3Pas Studios<\/strong>, acompa\u00f1ado de un encuentro familiar con <strong>Alessandra Rosaldo, Aislinn Derbez<\/strong>, <strong>Jos\u00e9 Eduardo Derbez<\/strong> y <strong>Vadhir Derbez<\/strong>, en torno al proyecto <strong>De Viaje con los Derbez<\/strong>.<\/li>\n<li><strong>Spotlight: The Mediapro Studio <\/strong>\u2013 Adaptaciones con sello internacional. An\u00e1lisis sobre desarrollo, adaptaci\u00f3n y coproducci\u00f3n de formatos unscripted con foco en Latinoam\u00e9rica.<\/li>\n<li>Conferencias como <strong>Arquitectos de la creaci\u00f3n: Showrunners<\/strong> con creadores de Chile, Espa\u00f1a y Dinamarca, patrocinada por <strong>Madrid Film Office<\/strong> y presentaciones exclusivas en <strong>Iberscreenings<\/strong> de Segunda Ventana de <strong>Querer<\/strong> y <strong>La vida breve<\/strong> (<strong>Movistar+<\/strong>), y <strong>Cometierra <\/strong>de <strong>Prime Video<\/strong>.<\/li>\n<li>Debate central sobre inteligencia artificial: mesas redondas con <strong>TikTok, YouTube y Twitch<\/strong>, abordando derechos de autor y econom\u00eda de la atenci\u00f3n.<\/li>\n<li>Lanzamiento del fondo de inversi\u00f3n <strong>Be&amp;Jing1 Capital<\/strong> y an\u00e1lisis del papel de <strong>Madrid y Medell\u00edn<\/strong> como polos estrat\u00e9gicos del sector.<\/li>\n<li>Panel sobre la serie <strong>El Juicio<\/strong>, con <strong>Eugenio Derbez<\/strong> y<strong> Pedro Alonso<\/strong> y Alonso Aguilar (<strong>Amazon Studios<\/strong>).<\/li>\n<li><strong>Pitch de proyectos en desarrollo<\/strong> vinculados con la ciudad de Madrid y con apoyo de su Ayuntamiento. Sesi\u00f3n organizada en colaboraci\u00f3n con <strong>Madrid Film Office.<\/strong><\/li>\n<li><strong>Comunidad de Madrid: Escenario de inversi\u00f3n<\/strong>, organizada en colaboraci\u00f3n con <strong>Film Madrid Region<\/strong>.<\/li>\n<\/ul>\n<p><a href=\"https:\/\/www.panoramaaudiovisual.com\/wp-content\/uploads\/2025\/06\/Iberseries-Murcia-Foto-Iberseries-Platino-Industria-2024-Madrid.jpg\" rel=\"nofollow noopener\" target=\"_blank\"><img loading=\"lazy\" decoding=\"async\" class=\"aligncenter size-large wp-image-251696\" src=\"https:\/\/www.europesays.com\/es\/wp-content\/uploads\/2025\/09\/Iberseries-Murcia-Foto-Iberseries-Platino-Industria-2024-Madrid-605x361.jpg\" alt=\"Iberseries Murcia - (Foto: Iberseries Platino Industria 2024 Madrid)\" width=\"605\" height=\"361\"  \/><\/a><br \/>\n3 de octubre: estrenos, liderazgo femenino, cine y educaci\u00f3n, empleo y sesi\u00f3n de los Premios Platino<\/p>\n<p>La jornada final del viernes combina estrenos exclusivos, \u00faltima sesi\u00f3n del Taller de Showrunners y tem\u00e1ticas sobre propiedad intelectual, un panel sobre los Premios Platino, encuentros acad\u00e9micos de Platino Educa y clausura institucional:<\/p>\n<ul>\n<li>Conferencia <strong>Premios Platino del Cine y el Audiovisual Iberoamericano<\/strong>.<\/li>\n<li>Presentaci\u00f3n del primer y segundo cap\u00edtulo de <strong>Isla Oculta<\/strong> (Chile) y un avance de la serie documental <strong>Coraz\u00f3n Americano,<\/strong> que recorre el patrimonio natural de siete pa\u00edses latinoamericanos.<\/li>\n<li>Paneles sobre inteligencia artificial en la gesti\u00f3n del talento (<strong>Platino Empleo<\/strong>) y modelos innovadores de propiedad intelectual (<strong>El Clan Olimpia<\/strong>).<\/li>\n<li>Encuentros acad\u00e9micos de <strong>Platino Educa y la C\u00e1tedra Nebrija <\/strong>(CIMUED) sobre liderazgo femenino en series y adaptaciones literarias como fuente de inspiraci\u00f3n.<\/li>\n<li>Sesi\u00f3n de clausura a cargo de <strong>Madrid Film Office <\/strong>e<strong> Iberseries &amp; Platino Industria<\/strong>.<\/li>\n<\/ul>\n<p><a href=\"https:\/\/www.panoramaaudiovisual.com\/wp-content\/uploads\/2025\/05\/Cartel-Iberseries-Platino-Industria-2025-Foro-coproduccion-financiacion.jpg\" rel=\"nofollow noopener\" target=\"_blank\"><img loading=\"lazy\" decoding=\"async\" class=\"aligncenter size-large wp-image-250442\" src=\"https:\/\/www.europesays.com\/es\/wp-content\/uploads\/2025\/09\/Cartel-Iberseries-Platino-Industria-2025-Foro-coproduccion-financiacion-605x321.jpg\" alt=\"Cartel Iberseries Platino Industria 2025 - Foro coproducci\u00f3n financiaci\u00f3n\" width=\"605\" height=\"321\"  \/><\/a><br \/>\nEl MAI refuerza su proyecci\u00f3n internacional<\/p>\n<p>El <strong>Mercado Audiovisual Internacional<\/strong> se consolida con su apertura global en uno de los puntos claves de encuentro del sector audiovisual en Iberoam\u00e9rica, con una destacada participaci\u00f3n, un a\u00f1o m\u00e1s, de <strong>M\u00e9xico, Colombia, Chile, Argentina, Italia<\/strong> y, por primera vez, <strong>Corea<\/strong>, siendo <strong>Contry in Focus<\/strong> de la edici\u00f3n, y <strong>Turqu\u00eda<\/strong>, a trav\u00e9s de <strong>Inter Medya<\/strong>, una de las compa\u00f1\u00edas l\u00edderes a nivel mundial en la provisi\u00f3n de contenidos turcos. Tambi\u00e9n estar\u00e1n presentes delegaciones de <strong>China<\/strong> e <strong>India<\/strong>, esta \u00faltima representada adem\u00e1s por su Embajada.<\/p>\n<p>El <a href=\"https:\/\/iberseriesplatinoindustria.com\/actividadespro\/mercado-networking\/\" target=\"_blank\" rel=\"noopener nofollow\">MAI<\/a> se configura como un espacio de convergencia y networking para la promoci\u00f3n de marca de organismos, asociaciones, comisiones de filmaciones, productoras, distribuidoras, empresas de servicios a la producci\u00f3n e instituciones gubernamentales. Su objetivo es fomentar la creaci\u00f3n de sinergias, impulsar la comercializaci\u00f3n de nuevos contenidos, favorecer el cierre de acuerdos y abrir nuevas oportunidades de colaboraci\u00f3n internacional, reafirmando as\u00ed su papel estrat\u00e9gico como <strong>escaparate internacional para la industria audiovisual<\/strong>, impulsando la cooperaci\u00f3n y el intercambio entre los distintos agentes del sector.<\/p>\n<p>En la zona expositiva del <strong>Mercado Audiovisual Internacional<\/strong> estar\u00e1n presentes <strong>ProColombia, Argentina Audiovisual, EGEDA M\u00e9xico \u2013 Stage M\u00e9xico<\/strong> (en su tercera participaci\u00f3n), <strong>Embajada de la India, EGEDA Per\u00fa, Cinema Chile, EGEDA Brasil, Asociaci\u00f3n de las Industrias Cinematogr\u00e1ficas Iberoam\u00e9rica-China (AICIC), Asociaci\u00f3n de Productores de Espa\u00f1a <\/strong>(AECINE, EPE-IBAIA, PAC, PATE, PIAF),<strong> Con un Pack, Platino Empleo, Almarae, ECAM, Seriella Productions, EFD Studios, The Pipe Gabeiras, CREA SGR, Aluzine, Sego Creative, Airmedia, Andersen, Ibermedia, Tesiyap, Madrid Turismo \u2013 Madrid Film Office, Carrillo Cultura y KOCCA (Korea Creative Content Agency)<\/strong>, a trav\u00e9s de su marca <strong>Series on Board<\/strong>.<\/p>\n<p>Por su parte, en <strong>Plaza Matadero<\/strong>, espacio privilegiado para presentaciones corporativas, participar\u00e1n el <strong>Pabell\u00f3n EGEDA, Pabell\u00f3n Secuoya Studios, Atresmedia Sales, Cl\u00faster Audiovisual de Madrid, Inter Medya, Movistar Plus+ International y OM-MA<\/strong>.<\/p>\n<p>Los <strong>profesionales acreditados<\/strong> pueden consultar el <strong>directorio de participantes<\/strong> desde la <a href=\"https:\/\/vp.eventival.com\/iberseriesyplatinoindustria\/2025\" target=\"_blank\" rel=\"noopener nofollow\">plataforma virtual<\/a>, as\u00ed como la <strong>programaci\u00f3n completa del evento<\/strong>, disponible tambi\u00e9n en la <a href=\"https:\/\/iberseriesplatinoindustria.com\/programa\/\" target=\"_blank\" rel=\"noopener nofollow\">web oficial<\/a>.<\/p>\n<p>\u00bfTe gust\u00f3 este art\u00edculo?<\/p>\n<p>Suscr\u00edbete a nuestro  <a href=\"https:\/\/www.panoramaaudiovisual.com\/alta-en-newsletter\/\" rel=\"nofollow noopener\" target=\"_blank\">NEWSLETTER<\/a> y no te perder\u00e1s nada.<\/p>\n<p>                <strong>Otros art\u00edculos sobre <a href=\"https:\/\/www.panoramaaudiovisual.com\/tag\/egeda\/\" rel=\"tag nofollow noopener\" target=\"_blank\">EGEDA<\/a>, <a href=\"https:\/\/www.panoramaaudiovisual.com\/tag\/fipca\/\" rel=\"tag nofollow noopener\" target=\"_blank\">FIPCA<\/a>, <a href=\"https:\/\/www.panoramaaudiovisual.com\/tag\/iberseries-platino-industria\/\" rel=\"tag nofollow noopener\" target=\"_blank\">Iberseries Platino Industria<\/a>, <a href=\"https:\/\/www.panoramaaudiovisual.com\/tag\/secuoya\/\" rel=\"tag nofollow noopener\" target=\"_blank\">Secuoya<\/a><\/strong>\t\t\t<br \/>\nOtros art\u00edculos relacionados<\/p>\n","protected":false},"excerpt":{"rendered":"M\u00e1s de 2.300 profesionales acreditados de 50 pa\u00edses formar\u00e1n parte de Iberseries &amp; Platino Industria (EGEDA, Fundaci\u00f3n Secuoya,&hellip;\n","protected":false},"author":2,"featured_media":148212,"comment_status":"","ping_status":"","sticky":false,"template":"","format":"standard","meta":{"footnotes":""},"categories":[91],"tags":[45321,146,147,25,24,45322,45323,45324,23],"class_list":{"0":"post-148211","1":"post","2":"type-post","3":"status-publish","4":"format-standard","5":"has-post-thumbnail","7":"category-entretenimiento","8":"tag-egeda","9":"tag-entertainment","10":"tag-entretenimiento","11":"tag-es","12":"tag-espana","13":"tag-fipca","14":"tag-iberseries-platino-industria","15":"tag-secuoya","16":"tag-spain"},"share_on_mastodon":{"url":"","error":""},"_links":{"self":[{"href":"https:\/\/www.europesays.com\/es\/wp-json\/wp\/v2\/posts\/148211","targetHints":{"allow":["GET"]}}],"collection":[{"href":"https:\/\/www.europesays.com\/es\/wp-json\/wp\/v2\/posts"}],"about":[{"href":"https:\/\/www.europesays.com\/es\/wp-json\/wp\/v2\/types\/post"}],"author":[{"embeddable":true,"href":"https:\/\/www.europesays.com\/es\/wp-json\/wp\/v2\/users\/2"}],"replies":[{"embeddable":true,"href":"https:\/\/www.europesays.com\/es\/wp-json\/wp\/v2\/comments?post=148211"}],"version-history":[{"count":0,"href":"https:\/\/www.europesays.com\/es\/wp-json\/wp\/v2\/posts\/148211\/revisions"}],"wp:featuredmedia":[{"embeddable":true,"href":"https:\/\/www.europesays.com\/es\/wp-json\/wp\/v2\/media\/148212"}],"wp:attachment":[{"href":"https:\/\/www.europesays.com\/es\/wp-json\/wp\/v2\/media?parent=148211"}],"wp:term":[{"taxonomy":"category","embeddable":true,"href":"https:\/\/www.europesays.com\/es\/wp-json\/wp\/v2\/categories?post=148211"},{"taxonomy":"post_tag","embeddable":true,"href":"https:\/\/www.europesays.com\/es\/wp-json\/wp\/v2\/tags?post=148211"}],"curies":[{"name":"wp","href":"https:\/\/api.w.org\/{rel}","templated":true}]}}