{"id":148217,"date":"2025-09-30T08:49:08","date_gmt":"2025-09-30T08:49:08","guid":{"rendered":"https:\/\/www.europesays.com\/es\/148217\/"},"modified":"2025-09-30T08:49:08","modified_gmt":"2025-09-30T08:49:08","slug":"arde-buque-alcanzado-por-proyectil-en-el-golfo-de-aden-dw-29-09-2025","status":"publish","type":"post","link":"https:\/\/www.europesays.com\/es\/148217\/","title":{"rendered":"Arde buque alcanzado por proyectil en el golfo de Ad\u00e9n \u2013 DW \u2013 29\/09\/2025"},"content":{"rendered":"<p>Un buque de bandera neerlandesa fue alcanzado por un proyectil en el golfo de Ad\u00e9n este lunes (29.09.2025), informaron la marina brit\u00e1nica y francesa. Las primeras informaciones se\u00f1alan que se trata del barco Minervagracht, de la firma Spliethoff, con asiento en \u00c1msterdam. No se han entregado informaciones sobre heridos en el ataque.<\/p>\n<p>El Centro de Informaci\u00f3n, Cooperaci\u00f3n y Vigilancia Mar\u00edtima de Francia indic\u00f3 que la misma embarcaci\u00f3n fue atacada hace una semana por los <a class=\"internal-link\" href=\"https:\/\/www.dw.com\/es\/hut\u00edes\/t-41321929\" rel=\"nofollow noopener\" target=\"_blank\">rebeldes hut\u00edes de Yemen<\/a>, que intentaron asaltar el Minervagracht, sin \u00e9xito. \u00abEn estos momentos, el barco est\u00e1 en llamas. Un barco de guerra se dirige a la zona\u00bb, indic\u00f3 el centro franc\u00e9s.<\/p>\n<p>La prensa yemen\u00ed inform\u00f3 de un posible lanzamiento de un misil bal\u00edstico desde el territortio controlado por los hut\u00edes, que no han reivindicado la autor\u00eda del ataque. Los insurgentes han atacado con misiles y drones tanto territorio de Israel como <a class=\"internal-link\" href=\"https:\/\/www.dw.com\/es\/hut\u00edes-atacan-barco-mercante-en-el-golfo-de-ad\u00e9n\/a-68099195\" rel=\"nofollow noopener\" target=\"_blank\">embarcaciones que tendr\u00edan alguna relaci\u00f3n con ese pa\u00eds<\/a>. Los ataques, dicen los insurgentes, son en apoyo a la causa palestina.<\/p>\n<p>La entidad de la Marina brit\u00e1nica Operaciones Mar\u00edtimas Comerciales (UKMTO, en ingl\u00e9s) hab\u00eda informado poco antes que el capit\u00e1n de la embarcaci\u00f3n hab\u00eda presenciado \u00absalpicaduras y humo a lo lejos, a popa del buque\u00bb y que las autoridades competentes estaban investigando el incidente, al tiempo que pidi\u00f3 a los barcos que transitan por la zona que \u00abnaveguen con precauci\u00f3n y que informen de cualquier actividad sospechosa\u00bb a esta entidad.<\/p>\n<p>El movimiento chiita\u00a0respaldado por Ir\u00e1n, que desde 2014 controla amplias zonas del noroeste del Yemen, ha disminuido sus ataques contra barcos comerciales en los \u00faltimos meses, en los que se ha centrado en lanzar misiles y drones directamente contra territorio israel\u00ed que han causado decenas de heridos, adem\u00e1s de da\u00f1os a infraestructuras.<\/p>\n<p>(efe,ap\/mn)<\/p>\n<p>\u00a0<\/p>\n","protected":false},"excerpt":{"rendered":"Un buque de bandera neerlandesa fue alcanzado por un proyectil en el golfo de Ad\u00e9n este lunes (29.09.2025),&hellip;\n","protected":false},"author":2,"featured_media":148218,"comment_status":"","ping_status":"","sticky":false,"template":"","format":"standard","meta":{"footnotes":""},"categories":[42],"tags":[17,18,13,14,11,61,62,63,64,19,20,9,10,15,16,12,21,22,65,66,67],"class_list":{"0":"post-148217","1":"post","2":"type-post","3":"status-publish","4":"format-standard","5":"has-post-thumbnail","7":"category-internacional","8":"tag-breaking-news","9":"tag-breakingnews","10":"tag-featured-news","11":"tag-featurednews","12":"tag-headlines","13":"tag-internacional","14":"tag-international","15":"tag-international-news","16":"tag-internationalnews","17":"tag-latest-news","18":"tag-latestnews","19":"tag-news","20":"tag-noticias","21":"tag-noticias-destacadas","22":"tag-noticiasdestacadas","23":"tag-titulares","24":"tag-ultimas-noticias","25":"tag-ultimasnoticias","26":"tag-world","27":"tag-world-news","28":"tag-worldnews"},"share_on_mastodon":{"url":"","error":""},"_links":{"self":[{"href":"https:\/\/www.europesays.com\/es\/wp-json\/wp\/v2\/posts\/148217","targetHints":{"allow":["GET"]}}],"collection":[{"href":"https:\/\/www.europesays.com\/es\/wp-json\/wp\/v2\/posts"}],"about":[{"href":"https:\/\/www.europesays.com\/es\/wp-json\/wp\/v2\/types\/post"}],"author":[{"embeddable":true,"href":"https:\/\/www.europesays.com\/es\/wp-json\/wp\/v2\/users\/2"}],"replies":[{"embeddable":true,"href":"https:\/\/www.europesays.com\/es\/wp-json\/wp\/v2\/comments?post=148217"}],"version-history":[{"count":0,"href":"https:\/\/www.europesays.com\/es\/wp-json\/wp\/v2\/posts\/148217\/revisions"}],"wp:featuredmedia":[{"embeddable":true,"href":"https:\/\/www.europesays.com\/es\/wp-json\/wp\/v2\/media\/148218"}],"wp:attachment":[{"href":"https:\/\/www.europesays.com\/es\/wp-json\/wp\/v2\/media?parent=148217"}],"wp:term":[{"taxonomy":"category","embeddable":true,"href":"https:\/\/www.europesays.com\/es\/wp-json\/wp\/v2\/categories?post=148217"},{"taxonomy":"post_tag","embeddable":true,"href":"https:\/\/www.europesays.com\/es\/wp-json\/wp\/v2\/tags?post=148217"}],"curies":[{"name":"wp","href":"https:\/\/api.w.org\/{rel}","templated":true}]}}