{"id":148219,"date":"2025-09-30T08:50:09","date_gmt":"2025-09-30T08:50:09","guid":{"rendered":"https:\/\/www.europesays.com\/es\/148219\/"},"modified":"2025-09-30T08:50:09","modified_gmt":"2025-09-30T08:50:09","slug":"el-salto-edicion-general-6","status":"publish","type":"post","link":"https:\/\/www.europesays.com\/es\/148219\/","title":{"rendered":"&#8211; El Salto &#8211; Edici\u00f3n General"},"content":{"rendered":"<p>La Secci\u00f3n 4\u00aa de la Sala de lo Contencioso Administrativo del Tribunal  Superior de Justicia de la Comunidad Valenciana (TSJCV) ha estimado el recurso  interpuesto  por Isaura Navarro, diputada de Comprom\u00eds en Les Corts, qui\u00e9n acudi\u00f3 a esta instancia para impugnar la respuesta de la Conselleria de Emergencias a una petici\u00f3n de informaci\u00f3n. En una respuesta escrita fechada el pasado 14 de mayo, la conselleria dirigida por Valderrama se amparaba en <a href=\"https:\/\/www.elsaltodiario.com\/valencia\/generalitat-usa-ley-transparencia-denegar-acceso-imagenes-mazon-llegando-al-cecopi\" target=\"_blank\" rel=\"nofollow noopener\">la Ley de Transparencia<\/a> para denegar la informaci\u00f3n solicitada por la diputada.\u00a0M\u00f3nica Oltra, ex <a href=\"https:\/\/www.elsaltodiario.com\/extrema-derecha\/quien-es-quien-acusacion-monica-oltra-espana-2000-segui-vox\" target=\"_blank\" rel=\"nofollow noopener\">vicepresidenta de la Generalitat v\u00edctima<\/a><a href=\"https:\/\/www.elsaltodiario.com\/sanidad-publica\/caida-monica-oltra-cuando-derecha-extrema-derecha-lobby-sanitario-hacen-pina\" target=\"_blank\" rel=\"nofollow noopener\">de lawfare<\/a>, ha sido la letrada encargada de llevar el caso.<\/p>\n<p> En su escrito, Navarro inst\u00f3 a la Generalitat a que identificara qui\u00e9n era la persona a la que atribu\u00edan el informe que pretend\u00eda acreditar la llegada de <a href=\"https:\/\/www.elsaltodiario.com\/valencia\/un-informe-pericial-concluye-foto-mazon-entrando-al-cecopi-es-tecnicamente-falsa\" target=\"_blank\" rel=\"nofollow noopener\">Maz\u00f3n al Cecopi <\/a>y en qu\u00e9 momento hab\u00eda sido nombrado para ese cargo.\u00a0La imagen que acompa\u00f1a al teletipo de la agencia EFE que difundi\u00f3 la foto \u201ct\u00e9cnicamente falsa\u201d del president entrando al Centro de L&#8217;Eliana, cita en su pie de foto que ha sido \u201cfacilitada este mi\u00e9rcoles [25 de febrero] de la c\u00e1mara de seguridad del Centro de Coordinaci\u00f3n de Emergencias incluida en el informe firmado por el coordinador de Prevenci\u00f3n y Emergencias\u201d.<\/p>\n<blockquote><p>\u201c\u00bfQui\u00e9n es el Coordinador de prevenci\u00f3n y emergencias de la Generalitat,  que supuestamente ha gestionado el informe firmado por el subdirector  general de Emergencias de fecha 25 de febrero de este a\u00f1o sobre la  llegada del Presidente Maz\u00f3n al Cecopi?\u201d, pregunt\u00f3 por escrito Navarro<\/p><\/blockquote>\n<p>\u201c\u00bfQui\u00e9n es el Coordinador de prevenci\u00f3n y emergencias de la Generalitat, que supuestamente ha gestionado el informe firmado por el subdirector general de Emergencias de fecha 25 de febrero de este a\u00f1o sobre la llegada del Presidente Maz\u00f3n al CECOPI del pasado 29 de octubre de 2024?\u201d, \u201c\u00bfCu\u00e1ndo ha sido nombrado el Coordinador de prevenci\u00f3n y emergencias de la Generalitat?\u201d, inquiri\u00f3 la diputada.\u00a0<\/p>\n<p>En su lac\u00f3nica respuesta, fechada el pasado 14 de mayo, la Conselleria se limitaba a decir que no se pod\u00eda proporcionar la respuesta amparandose en la Llei 1\/2022, de 13 d\u2019abril, de Transpar\u00e8ncia i Bon Govern de la Comunitat Valenciana ien relaci\u00f3 amb la Llei 19\/2013, de 9 de desembre, de transpar\u00e8ncia, acc\u00e9s a l\u2019informaci\u00f3 p\u00fablica i bon govern, i resta de normativa concordant. El alto tribunal valenciano, que ha estimado el recurso de Navarro, considera \u201cir\u00f3nico\u201d recurrir a las citadas leyes de transparencia y reconoce el derecho de la diputada a recibir la informaci\u00f3n que se le ha negado.<\/p>\n<blockquote><p>Navarro, que fue Consellera de Agricultura, explica que \u201ccuando se firma un documento como este, adem\u00e1s de firmar  con el cargo, tienes que poner tu nombre real, y en ese supuesto informe  nada m\u00e1s que se cita al supuesto Coordinador, que es un cargo que no  existe\u201d<\/p><\/blockquote>\n<p>Navarro, que fue Consellera de Agricultura, Desarrollo Rural, Emergencia Clim\u00e1tica y Transici\u00f3n Ecol\u00f3gica en la pasada legislatura, explica que \u201ccuando se firma un documento como este, adem\u00e1s de firmar con el cargo, tienes que poner tu nombre real, y en ese supuesto informe nada m\u00e1s que se cita al supuesto Coordinador, que es un cargo que no existe\u201d. La diputada tambi\u00e9n ha formado parte del Cecopi en alguna emergencia, por lo que sabe de primera mano que ese cargo no existe.<\/p>\n<p>Navarro sospecha que se amparan en una figura inexistente para avalar esa imagen porque \u201csi se demuestra con la ubicaci\u00f3n del m\u00f3vil o lo que sea, la verdadera llegada de Maz\u00f3n al Cecopi, qui\u00e9n haya sido el responsable podr\u00eda haber cometido <a href=\"https:\/\/www.elsaltodiario.com\/valencia\/podemos-denuncia-falsedad-documental-imagen-mazon-llegando-al-cecopi\" target=\"_blank\" rel=\"nofollow noopener\">falsedad documental<\/a>\u201d. Algo que considera que \u201cdepender\u00e1 si alg\u00fan d\u00eda a \u00e9l le imputan y entonces se puede entrar en esa investigaci\u00f3n\u201d.<\/p>\n<p> Navarro califica el escrito de contestaci\u00f3n de la Generalitat como \u201cuna respuesta tipo, absurda completamente, que argumenta en base a la Ley de Transparencia, que encima es como una co\u00f1a\u201d.\u00a0 En su argumentaci\u00f3n jur\u00eddica, la Conselleria expone que no \u201cse comprende que (sic) entiende la diputada por \u201cgestionar\u201d un informe. El informe al que se refiere, firmado por el Subdirector general de Emergencias, parece que es conocido por la diputada, y no queda claro que otra informaci\u00f3n al respecto solicita\u201d. <\/p>\n<p>Seg\u00fan se deduce de la respuesta, la Conselleria confunde el informe presentado ante la jueza con la llegada de los cargos al Cecopi, \u2014este s\u00ed firmado por el Subdirector general\u2014, con el que solicita conocer la autor\u00eda Navarro. \u201cNo es que se haya denegado la informaci\u00f3n solicitada, sino que no es posible facilitar respuesta a la pregunta formulada de forma inconcreta\u201d, esgrime en su argumentaci\u00f3n en el litigio.<\/p>\n<p>La sentencia, contra la que cabe apelaci\u00f3n en los pr\u00f3ximos 30 d\u00edas, rechaza la argumentaci\u00f3n de la Generalitat de forma contundente: \u201cSe hace referencia a la falta de concreci\u00f3n de las preguntas, cuando las mismas son claras, precisas, directas y sin ning\u00fan tipo de  ambig\u00fcedad\u201d. Y reconoce que \u201cse da una respuesta inmotivada a la petici\u00f3n  de la diputada, y la Sala considera que se ha producido una vulneraci\u00f3n  del art\u00edculo 23.2 CE, en la negativa a facilitar la informaci\u00f3n  solicitada por la demandante\u201d. Adem\u00e1s, afea la argumentaci\u00f3n de la Generalitat, al calificar como \u201cimprocedente alterar en el escrito alegatorio deducido en el seno del litigio el verdadero motivo en que se ha fundado la resoluci\u00f3n recurrida\u201d.<\/p>\n<p>Isaura Navarro expresa su indignaci\u00f3n por que \u201conce meses despu\u00e9s de la fat\u00eddica dana todav\u00eda no tenemos pruebas, no tenemos evidencias de d\u00f3nde estuvo Mazon una vez que sale del Ventorro, est\u00e1 ocultando d\u00f3nde estaba y seguramente tiene motivos legales para ocultarlo\u201d. Navarro desear\u00eda que el president asumiera su \u201cgrav\u00edsima responsabilidad pol\u00edtica y esperemos que tambi\u00e9n penal, estamos ante la eliminaci\u00f3n de pruebas y la ocultaci\u00f3n de informaci\u00f3n, y qui\u00e9n sabe si tambi\u00e9n la creaci\u00f3n de pruebas falsas\u201d.\u00a0<\/p>\n","protected":false},"excerpt":{"rendered":"La Secci\u00f3n 4\u00aa de la Sala de lo Contencioso Administrativo del Tribunal Superior de Justicia de la Comunidad&hellip;\n","protected":false},"author":2,"featured_media":148220,"comment_status":"","ping_status":"","sticky":false,"template":"","format":"standard","meta":{"footnotes":""},"categories":[8],"tags":[517,17,18,2007,1681,25,24,13,14,11,19,20,9,10,15,16,23,12,21,22],"class_list":{"0":"post-148219","1":"post","2":"type-post","3":"status-publish","4":"format-standard","5":"has-post-thumbnail","7":"category-espana","8":"tag-actualidad","9":"tag-breaking-news","10":"tag-breakingnews","11":"tag-carlos-mazon","12":"tag-dana","13":"tag-es","14":"tag-espana","15":"tag-featured-news","16":"tag-featurednews","17":"tag-headlines","18":"tag-latest-news","19":"tag-latestnews","20":"tag-news","21":"tag-noticias","22":"tag-noticias-destacadas","23":"tag-noticiasdestacadas","24":"tag-spain","25":"tag-titulares","26":"tag-ultimas-noticias","27":"tag-ultimasnoticias"},"share_on_mastodon":{"url":"","error":""},"_links":{"self":[{"href":"https:\/\/www.europesays.com\/es\/wp-json\/wp\/v2\/posts\/148219","targetHints":{"allow":["GET"]}}],"collection":[{"href":"https:\/\/www.europesays.com\/es\/wp-json\/wp\/v2\/posts"}],"about":[{"href":"https:\/\/www.europesays.com\/es\/wp-json\/wp\/v2\/types\/post"}],"author":[{"embeddable":true,"href":"https:\/\/www.europesays.com\/es\/wp-json\/wp\/v2\/users\/2"}],"replies":[{"embeddable":true,"href":"https:\/\/www.europesays.com\/es\/wp-json\/wp\/v2\/comments?post=148219"}],"version-history":[{"count":0,"href":"https:\/\/www.europesays.com\/es\/wp-json\/wp\/v2\/posts\/148219\/revisions"}],"wp:featuredmedia":[{"embeddable":true,"href":"https:\/\/www.europesays.com\/es\/wp-json\/wp\/v2\/media\/148220"}],"wp:attachment":[{"href":"https:\/\/www.europesays.com\/es\/wp-json\/wp\/v2\/media?parent=148219"}],"wp:term":[{"taxonomy":"category","embeddable":true,"href":"https:\/\/www.europesays.com\/es\/wp-json\/wp\/v2\/categories?post=148219"},{"taxonomy":"post_tag","embeddable":true,"href":"https:\/\/www.europesays.com\/es\/wp-json\/wp\/v2\/tags?post=148219"}],"curies":[{"name":"wp","href":"https:\/\/api.w.org\/{rel}","templated":true}]}}