{"id":148222,"date":"2025-09-30T08:52:37","date_gmt":"2025-09-30T08:52:37","guid":{"rendered":"https:\/\/www.europesays.com\/es\/148222\/"},"modified":"2025-09-30T08:52:37","modified_gmt":"2025-09-30T08:52:37","slug":"32-27-el-teucro-exhibe-su-poderio-en-casa","status":"publish","type":"post","link":"https:\/\/www.europesays.com\/es\/148222\/","title":{"rendered":"32-27. El Teucro exhibe su poder\u00edo en casa"},"content":{"rendered":"<p>El <a target=\"_blank\" href=\"https:\/\/www.diariodepontevedra.es\/tags\/sd-teucro\/\" rel=\"nofollow noopener\">Lir\u00f3n Teucro<\/a> logr\u00f3 su segundo triunfo de la temporada, esta vez a costa de un <strong>Ribeiro Rodosa Ourense Provincia Termal<\/strong> que apenas inquiet\u00f3 y que maquill\u00f3 el resultado en los \u00faltimos minutos del choque, cuando todo estaba sentenciado.<\/p>\n<p>A excepci\u00f3n de un par de veces en los tres primeros\u00a0minutos, el elenco de<strong> Irene Vilaboa<\/strong> siempre estuvo por delante en el marcador ante un equipo ribadaviense que demostr\u00f3 una notable escasez de recursos ofensivos. especialmente en la primera mitad.<\/p>\n<p>Pasados esos minutos iniciales (2-3), <strong>el Teucro cogi\u00f3 las riendas del partido<\/strong> y fue imponiendo su ley, con un gran Monteagudo en la finalizaci\u00f3n de las jugadas (cinco goles en la primera parte), y merced al buen hacer de<strong> Pablo Gonz\u00e1lez<\/strong> en la porter\u00eda (9-6).<\/p>\n<p>Sin apenas lanzamiento exterior, el equipo ourensano se perdi\u00f3, una y otra vez, en el entramado defensivo del cuadro teucrista, en el que <strong>Herrera y Labartete impusieron su ley<\/strong>.<\/p>\n<p>Con el correr del cron\u00f3metro la diferencia a favor del vicedecano fue aumentando, especialmente en los \u00faltimos ocho minutos de la primera mitad, en la que solamente <strong>Gayoso<\/strong>, de penalti, fue capaz de perforar la porter\u00eda defendida por Pablo Gonz\u00e1lez, mientras que el Teucro logr\u00f3 cuatro goles, dos de ellos preciosos, producto de sendas <strong>vaselinas de Rikki\u00a0(15-9)<\/strong>.<\/p>\n<p>Tras el paso por la zona de vestuarios, el conjunto de la Boa Vila puso la directa y estir\u00f3 todav\u00eda m\u00e1s la diferencia. Entre <strong>Pintus<\/strong>, <strong>Marchette <\/strong>y <strong>Herrera <\/strong>firmaron un <strong>parcial de 3-1<\/strong> que coloc\u00f3 el marcador en un esclarecedor 18-10.<\/p>\n<p>Las intervenciones de<strong> Rub\u00e9n Gonz\u00e1lez<\/strong> evitaron males mayores para su equipo, que intent\u00f3 reaccionar con acciones de <strong>Bern\u00e1rdez y Mario Fern\u00e1ndez<\/strong>.<\/p>\n<blockquote>\n<p>A excepci\u00f3n de un par de veces en los primeros minutos, el Lir\u00f3n Teucro siempre estuvo por delante en el marcador<\/p>\n<\/blockquote>\n<p>La aparici\u00f3n de <strong>Roi Gonz\u00e1lez<\/strong>, con varios y efectivos lanzamientos de nueve metros, y la productividad de Herrera, mantuvieron la diferencia a favor del Teucro entre los seis y los ocho goles durante buena parte de la segunda mitad <strong>(27-20, min. 52)<\/strong>.<\/p>\n<p>A ra\u00edz de la exclusi\u00f3n de <strong>Monteagudo<\/strong>, en el minuto 53, el Ribeiro Rodosa se acerc\u00f3 un poco en el marcador, tras el tiempo muerto solicitado por <strong>Alberto Migu\u00e9lez<\/strong>, que, aprovechando su superioridad num\u00e9rica, puso a su equipo a defender en individual y consigui\u00f3 robar un par de balones que produjeron goles f\u00e1ciles<strong> (27-22)<\/strong>.<\/p>\n<p>Le incomod\u00f3 la defensa de su rival al Teucro, que vio c\u00f3mo su diferencia menguaba hasta los cuatro goles a falta de dos minutos para el final (30-26), en los mejores minutos de Bern\u00e1rdez. Sin embargo, sendos<strong> goles de Iago Rivas y C\u00e9sar P\u00e9rez<\/strong> dieron la puntilla a su rival y sentenciaron el<strong> merecido triunfo del conjunto pontevedr\u00e9s (32-27)<\/strong>.\u00a0<\/p>\n<p><strong>Ficha t\u00e9cnica<\/strong><\/p>\n<p><strong>32.-Lir\u00f3n Teucro 80 Aniversario<\/strong>: Pablo Gonz\u00e1lez, Marchette (2), Areias (2), Monteagudo (6), Herrera (4), Labartete (3) y Vidal (2), -siete inicial-, Pello (p.s.), Andr\u00e9s P\u00e9rez (2), Blond, Pintus (4, 2p.), Iago Rivas (1), Mart\u00edn Gonz\u00e1lez, Rkki (2), Roi Gonz\u00e1lez (4) y Cortizo.<\/p>\n<p><strong>27.-Ribeiro Rodosa Ourense Provincia Termal<\/strong>: Rub\u00e9n Gonz\u00e1lez, Pablo Mart\u00ednez (4, 3p.), Soto (2), Lois Rodr\u00edguez (1), Mario Fern\u00e1ndez (4), Bern\u00e1rdez (7) y Villalba -siete inicial-, Samu Fern\u00e1ndez (p.s.), Gayoso (3, 1p.), Celso Sotelo (3), Cort\u00e9s, Juan Sotelo (1), Vizcaya, Iker (1), Lorenzo (1) y Alberte.<\/p>\n<p><strong>\u00c1rbitros<\/strong>: D\u00edaz Fern\u00e1ndez Herrero y \u00c1lvarez Vijande (Colegio asturiano). Excluyeron a los jugadores locales Labartete, Monteagudo y Areias, y a los visitantes Soto, Bern\u00e1rdez y Mario Fern\u00e1ndez.<\/p>\n<p><strong>Parciales<\/strong>: 4-3, 6-4, 9-6, 11-7, 11-8, 15-9 (descanso), 19-12, 20-13, 24-17, 26-19, 29-24 y 32-27.<\/p>\n<p><strong>Incidencias<\/strong>: Pavill\u00f3n Ciudad Infantil Pr\u00edncipe Felipe. 250 espectadores.<\/p>\n","protected":false},"excerpt":{"rendered":"El Lir\u00f3n Teucro logr\u00f3 su segundo triunfo de la temporada, esta vez a costa de un Ribeiro Rodosa&hellip;\n","protected":false},"author":2,"featured_media":148223,"comment_status":"","ping_status":"","sticky":false,"template":"","format":"standard","meta":{"footnotes":""},"categories":[278],"tags":[376,168,25,24,375,1417,15046,23,167],"class_list":{"0":"post-148222","1":"post","2":"type-post","3":"status-publish","4":"format-standard","5":"has-post-thumbnail","7":"category-balonmano","8":"tag-balonmano","9":"tag-deportes","10":"tag-es","11":"tag-espana","12":"tag-handball","13":"tag-primera-nacional","14":"tag-sd-teucro","15":"tag-spain","16":"tag-sports"},"share_on_mastodon":{"url":"","error":""},"_links":{"self":[{"href":"https:\/\/www.europesays.com\/es\/wp-json\/wp\/v2\/posts\/148222","targetHints":{"allow":["GET"]}}],"collection":[{"href":"https:\/\/www.europesays.com\/es\/wp-json\/wp\/v2\/posts"}],"about":[{"href":"https:\/\/www.europesays.com\/es\/wp-json\/wp\/v2\/types\/post"}],"author":[{"embeddable":true,"href":"https:\/\/www.europesays.com\/es\/wp-json\/wp\/v2\/users\/2"}],"replies":[{"embeddable":true,"href":"https:\/\/www.europesays.com\/es\/wp-json\/wp\/v2\/comments?post=148222"}],"version-history":[{"count":0,"href":"https:\/\/www.europesays.com\/es\/wp-json\/wp\/v2\/posts\/148222\/revisions"}],"wp:featuredmedia":[{"embeddable":true,"href":"https:\/\/www.europesays.com\/es\/wp-json\/wp\/v2\/media\/148223"}],"wp:attachment":[{"href":"https:\/\/www.europesays.com\/es\/wp-json\/wp\/v2\/media?parent=148222"}],"wp:term":[{"taxonomy":"category","embeddable":true,"href":"https:\/\/www.europesays.com\/es\/wp-json\/wp\/v2\/categories?post=148222"},{"taxonomy":"post_tag","embeddable":true,"href":"https:\/\/www.europesays.com\/es\/wp-json\/wp\/v2\/tags?post=148222"}],"curies":[{"name":"wp","href":"https:\/\/api.w.org\/{rel}","templated":true}]}}