{"id":148230,"date":"2025-09-30T08:58:04","date_gmt":"2025-09-30T08:58:04","guid":{"rendered":"https:\/\/www.europesays.com\/es\/148230\/"},"modified":"2025-09-30T08:58:04","modified_gmt":"2025-09-30T08:58:04","slug":"eiffage-ampliara-por-68-millones-el-ifema-para-integrarlo-en-el-circuito-de-formula-1","status":"publish","type":"post","link":"https:\/\/www.europesays.com\/es\/148230\/","title":{"rendered":"Eiffage ampliar\u00e1 por 68 millones el Ifema para integrarlo en el circuito de F\u00f3rmula 1"},"content":{"rendered":"<p data-gtm-element-container=\"modulo-texto-link\" class=\"paragraph\">La constructora francesa Eiffage se ha adjuficado por 68 millones de euros la ampliaci\u00f3n de los pabellones 1 y 2 del Ifema de Madrid y la construcci\u00f3n en esa zona de instalaciones para el premio de F\u00f3rmula 1 que la Comunidad de Madrid est\u00e1 impulsando en la ciudad.<\/p>\n<p data-gtm-element-container=\"modulo-texto-link\" class=\"paragraph\">Esta empresa ya se hizo, a trav\u00e9s de una UTE con Acciona, con el contrato de construcci\u00f3n del circuito urbano, valorado en 83,2 millones de euros. Es un circuito temporal, que se montar\u00e1 y desmontar\u00e1 durante el evento. Tambi\u00e9n deber\u00e1 restituir los viales p\u00fablicos.<\/p>\n<p data-gtm-element-container=\"modulo-texto-link\" class=\"paragraph\">En el nuevo contrato se incluyen las edificaciones del Pit Building, que albergar\u00e1 los boxes, el Paddock Club y las \u00e1reas VIP del circuito, conocido como MadRing. Habr\u00e1 dos nuevas edificaciones que funcionar\u00e1n como ampliaci\u00f3n de los actuales pabellones 1 y 2, y que incluir\u00e1n extensiones temporales.<\/p>\n<p>Dos edificios nuevos dedicados a la F\u00f3rmula 1<\/p>\n<p data-gtm-element-container=\"modulo-texto-link\" class=\"paragraph\">Ser\u00e1n edificios de 17 metros dedicados a esta competici\u00f3n. All\u00ed estar\u00e1n los boxes, los garajes, las \u00e1reas t\u00e9cnicas y de servicio destinadas a log\u00edstica y apoyo operativo.<\/p>\n<p data-gtm-element-container=\"modulo-texto-link\" class=\"paragraph\">Eiffage Construcci\u00f3n tiene experiencia en el reasfaltado del circuito de Jerez o el asfaltado del circuito de Carmona (Sevilla). Est\u00e1 presente en Espa\u00f1a desde hace m\u00e1s de cincuenta a\u00f1os.<\/p>\n<p data-gtm-element-container=\"modulo-texto-link\" class=\"paragraph\">La Comunidad de Madrid ha convertido este evento en una de sus grandes apuestas deportivas para la ciudad. La previsi\u00f3n es que la competici\u00f3n pueda estrenarse en septiembre del a\u00f1o que viene.<\/p>\n","protected":false},"excerpt":{"rendered":"La constructora francesa Eiffage se ha adjuficado por 68 millones de euros la ampliaci\u00f3n de los pabellones 1&hellip;\n","protected":false},"author":2,"featured_media":148231,"comment_status":"","ping_status":"","sticky":false,"template":"","format":"standard","meta":{"footnotes":""},"categories":[270],"tags":[168,25,24,306,271,272,23,167],"class_list":{"0":"post-148230","1":"post","2":"type-post","3":"status-publish","4":"format-standard","5":"has-post-thumbnail","7":"category-formula-1","8":"tag-deportes","9":"tag-es","10":"tag-espana","11":"tag-f1","12":"tag-formula-1","13":"tag-formula1","14":"tag-spain","15":"tag-sports"},"share_on_mastodon":{"url":"","error":""},"_links":{"self":[{"href":"https:\/\/www.europesays.com\/es\/wp-json\/wp\/v2\/posts\/148230","targetHints":{"allow":["GET"]}}],"collection":[{"href":"https:\/\/www.europesays.com\/es\/wp-json\/wp\/v2\/posts"}],"about":[{"href":"https:\/\/www.europesays.com\/es\/wp-json\/wp\/v2\/types\/post"}],"author":[{"embeddable":true,"href":"https:\/\/www.europesays.com\/es\/wp-json\/wp\/v2\/users\/2"}],"replies":[{"embeddable":true,"href":"https:\/\/www.europesays.com\/es\/wp-json\/wp\/v2\/comments?post=148230"}],"version-history":[{"count":0,"href":"https:\/\/www.europesays.com\/es\/wp-json\/wp\/v2\/posts\/148230\/revisions"}],"wp:featuredmedia":[{"embeddable":true,"href":"https:\/\/www.europesays.com\/es\/wp-json\/wp\/v2\/media\/148231"}],"wp:attachment":[{"href":"https:\/\/www.europesays.com\/es\/wp-json\/wp\/v2\/media?parent=148230"}],"wp:term":[{"taxonomy":"category","embeddable":true,"href":"https:\/\/www.europesays.com\/es\/wp-json\/wp\/v2\/categories?post=148230"},{"taxonomy":"post_tag","embeddable":true,"href":"https:\/\/www.europesays.com\/es\/wp-json\/wp\/v2\/tags?post=148230"}],"curies":[{"name":"wp","href":"https:\/\/api.w.org\/{rel}","templated":true}]}}