{"id":148272,"date":"2025-09-30T09:27:10","date_gmt":"2025-09-30T09:27:10","guid":{"rendered":"https:\/\/www.europesays.com\/es\/148272\/"},"modified":"2025-09-30T09:27:10","modified_gmt":"2025-09-30T09:27:10","slug":"el-programa-de-ana-rosa-ana-rosa-quintana-tumba-al-gobierno-por-el-caso-begona-con-la-pregunta-mas-simple-a-quien-pertenece","status":"publish","type":"post","link":"https:\/\/www.europesays.com\/es\/148272\/","title":{"rendered":"El programa de Ana Rosa: Ana Rosa Quintana &#8216;tumba&#8217; al Gobierno por el caso Bego\u00f1a con la pregunta m\u00e1s simple: \u00ab\u00bfA qui\u00e9n pertenece&#8230;?\u00bb"},"content":{"rendered":"<p class=\"voc-pretitle\">\nEl programa de Ana Rosa\n<\/p>\n<p>La presentadora del matinal de Telecinco se hizo eco de los informes presentados por la Guardia Civil y la Intervenci\u00f3n General del Estado<\/p>\n<p><img fetchpriority=\"high\" class=\"voc-img\" src=\"https:\/\/www.europesays.com\/es\/wp-content\/uploads\/2025\/09\/ana-rosa-quintana-begona-gomez-Rbr3qXtI8igwrsRW86BAKCM-1200x840@diario_abc.jpg\" loading=\"eager\" decoding=\"async\" alt=\"Ana Rosa Quintana ha sido rotunda con Bego\u00f1a G\u00f3mez en 'El programa de Ana Rosa'.\" width=\"1200\" height=\"840\"\/><\/p>\n<p>Ana Rosa Quintana ha sido rotunda con Bego\u00f1a G\u00f3mez en &#8216;El programa de Ana Rosa&#8217;.    Telecinco  <\/p>\n<p><img decoding=\"async\" class=\"voc-author__img\" src=\"https:\/\/www.europesays.com\/es\/wp-content\/uploads\/2025\/09\/autor-5261-foto-4.png\" alt=\"Mari Carmen Parra\"\/><\/p>\n<p>30\/09\/2025<br \/>\n<br \/><strong><br \/>\nActualizado a las 11:11h.<br \/>\n<\/strong><\/p>\n<p class=\"voc-p\" style=\"\"><strong>Ana Rosa Quintana<\/strong> ha vuelto a ser rotunda este martes con<strong> Bego\u00f1a G\u00f3mez<\/strong>. As\u00ed, si la presentadora de &#8216;<a href=\"https:\/\/www.abc.es\/play\/television\/noticias\/ana-rosa-quintana-habla-alto-claro-sentenciar-20250929095439-nt.html\" target=\"_self\" data-voc-vtm-id=\"in-text-traffic\" title=\"El programa de Ana Rosa\" data-mrf-link=\"www.abc.es\" rel=\"nofollow noopener\">El programa de Ana Rosa<\/a>&#8216; (Telecinco) se pronunciaba alto y claro usando una rotunda palabra sobre su plant\u00f3n al juez Peinado, este martes, la comunicadora ha vuelto a ser demoledora con la mujer de Pedro S\u00e1nchez pero tambi\u00e9n con el Gobierno al que ha dejado en evidencia con tan solo una pregunta.<\/p>\n<p class=\"voc-p\" style=\"\">\u00abMoncloa Sociedad Limitada\u00bb, comenzaba diciendo<strong> Ana Rosa Quintana<\/strong> ante las c\u00e1maras de &#8216;<a href=\"https:\/\/www.abc.es\/play\/television\/noticias\/ana-rosa-deja-sanchez-tocado-hundido-camela-20250926103108-nt.html\" target=\"_self\" data-voc-vtm-id=\"in-text-traffic\" title=\"El programa de Ana Rosa\" data-mrf-link=\"www.abc.es\" rel=\"nofollow noopener\">El programa de Ana Rosa<\/a>&#8216;. \u00abDos informes se\u00f1alan que <strong>Bego\u00f1a G\u00f3mez<\/strong> utiliz\u00f3 presuntamente a La Moncloa como si fuera la consultor\u00eda G\u00f3mez\u00bb, a\u00f1ad\u00eda rotunda la presentadora que pasaba a entrar al detalle de los informes. \u00abUn informe de la Guardia Civil refleja 121 mensajes de Cristina \u00c1lvarez mediando entre los patrocinadores y la Universidad para obtener beneficios econ\u00f3micos. Una de las empresas patrocin\u00f3 su c\u00e1tedra con 60.000 euros\u00bb, manifestaba la comunicadora que sentenciaba a \u00c1lvarez. \u00abLa labor de la asesora no fue un poquito de por favor, fue una cadena de favores\u00bb, aseveraba Ana Rosa Quintana que pasaba a poner sobre la mesa \u00abel otro informe\u00bb.<\/p>\n<p class=\"voc-p\" style=\"\">\u00abLo ha realizado la Intervenci\u00f3n General del Estado a petici\u00f3n de la Fiscal\u00eda Europea y se\u00f1ala que Bego\u00f1a G\u00f3mez firm\u00f3 cartas de recomendaci\u00f3n incumpliendo la ley para favorecer a la oferta ganadora en adjudicaci\u00f3n 8,4 millones de euros de dos adjudicaciones en las que result\u00f3 beneficiada una sociedad de Juan Carlos Barrab\u00e9s, que a su vez le hab\u00eda ayudado a impulsar la c\u00e1tedra al a esposa del presidente\u00bb, afirmaba <strong>Ana Rosa Quintana<\/strong> en su editorial. \u00abEl mismo Barrab\u00e9s revel\u00f3 que se reuni\u00f3 dos veces con S\u00e1nchez Moncloa en presencia de Bego\u00f1a. Sin embargo, desde Moncloa, los chicos del coro vuelve a entonan el &#8216;lawfare&#8217;\u00bb, indicaba la periodista de &#8216;<a href=\"https:\/\/www.abc.es\/play\/television\/noticias\/programa-ana-rosa-obligado-disculparse-tras-garrafal-20250925120850-nt.html\" target=\"_self\" data-voc-vtm-id=\"in-text-traffic\" title=\"El programa de Ana Rosa\" data-mrf-link=\"www.abc.es\" rel=\"nofollow noopener\">El programa de Ana Rosa<\/a>&#8216; que lanzaba una pregunta que desmontaba las acusaciones del <strong>Ejecutivo<\/strong>.<\/p>\n<p class=\"voc-p\" style=\"\">\u00ab\u00bfEs posible que la Intervenci\u00f3n General del Estado practique &#8216;lawfare&#8217; cuando es un organismo que pertenece a Hacienda? y&#8230; \u00bfa qui\u00e9n pertenece Hacienda? Pues, al <strong>Gobierno<\/strong>, \u00bfno? pues, ya est\u00e1\u00bb, sentenciaba <strong>Ana Rosa Quintana<\/strong> que tras terminar su editorial y presentar a la mesa de colaboradores no se mord\u00eda la lengua: \u00abMadre m\u00eda, esto est\u00e1 que arde\u00bb, zanjaba la presentadora de &#8216;<a href=\"https:\/\/www.abc.es\/play\/television\/noticias\/mujer-maltratada-dice-ministra-piensan-fallo-pulseras-20250924121638-nt.html\" target=\"_self\" data-voc-vtm-id=\"in-text-traffic\" title=\"El programa de Ana Rosa\" data-mrf-link=\"www.abc.es\" rel=\"nofollow noopener\">El programa de Ana Rosa<\/a>&#8216;.<\/p>\n<p>Reportar un error<\/p>\n","protected":false},"excerpt":{"rendered":"El programa de Ana Rosa La presentadora del matinal de Telecinco se hizo eco de los informes presentados&hellip;\n","protected":false},"author":2,"featured_media":148273,"comment_status":"","ping_status":"","sticky":false,"template":"","format":"standard","meta":{"footnotes":""},"categories":[171],"tags":[683,7421,146,147,25,24,582,33339,9464,2465,45329,23,18158,214],"class_list":{"0":"post-148272","1":"post","2":"type-post","3":"status-publish","4":"format-standard","5":"has-post-thumbnail","7":"category-tv","8":"tag-ana","9":"tag-begona","10":"tag-entertainment","11":"tag-entretenimiento","12":"tag-es","13":"tag-espana","14":"tag-gobierno","15":"tag-pertenece","16":"tag-pregunta","17":"tag-rosa","18":"tag-simple","19":"tag-spain","20":"tag-tumba","21":"tag-tv"},"share_on_mastodon":{"url":"","error":""},"_links":{"self":[{"href":"https:\/\/www.europesays.com\/es\/wp-json\/wp\/v2\/posts\/148272","targetHints":{"allow":["GET"]}}],"collection":[{"href":"https:\/\/www.europesays.com\/es\/wp-json\/wp\/v2\/posts"}],"about":[{"href":"https:\/\/www.europesays.com\/es\/wp-json\/wp\/v2\/types\/post"}],"author":[{"embeddable":true,"href":"https:\/\/www.europesays.com\/es\/wp-json\/wp\/v2\/users\/2"}],"replies":[{"embeddable":true,"href":"https:\/\/www.europesays.com\/es\/wp-json\/wp\/v2\/comments?post=148272"}],"version-history":[{"count":0,"href":"https:\/\/www.europesays.com\/es\/wp-json\/wp\/v2\/posts\/148272\/revisions"}],"wp:featuredmedia":[{"embeddable":true,"href":"https:\/\/www.europesays.com\/es\/wp-json\/wp\/v2\/media\/148273"}],"wp:attachment":[{"href":"https:\/\/www.europesays.com\/es\/wp-json\/wp\/v2\/media?parent=148272"}],"wp:term":[{"taxonomy":"category","embeddable":true,"href":"https:\/\/www.europesays.com\/es\/wp-json\/wp\/v2\/categories?post=148272"},{"taxonomy":"post_tag","embeddable":true,"href":"https:\/\/www.europesays.com\/es\/wp-json\/wp\/v2\/tags?post=148272"}],"curies":[{"name":"wp","href":"https:\/\/api.w.org\/{rel}","templated":true}]}}