{"id":148294,"date":"2025-09-30T09:44:08","date_gmt":"2025-09-30T09:44:08","guid":{"rendered":"https:\/\/www.europesays.com\/es\/148294\/"},"modified":"2025-09-30T09:44:08","modified_gmt":"2025-09-30T09:44:08","slug":"alonso-se-vuelca-en-el-desarrollo-del-aston-martin-2026-estos-meses-son-clave","status":"publish","type":"post","link":"https:\/\/www.europesays.com\/es\/148294\/","title":{"rendered":"Alonso se vuelca en el desarrollo del Aston Martin 2026: \u00abEstos meses son clave\u00bb"},"content":{"rendered":"<p data-start=\"278\" data-end=\"811\">La temporada 2026 de F\u00f3rmula 1 es el gran objetivo de todos los equipos desde que la FIA autoriz\u00f3, el pasado 1 de enero de 2025, el trabajo en los monoplazas de nueva generaci\u00f3n. La normativa promete un cambio profundo en el reglamento t\u00e9cnico y abre la puerta a una nueva era en el Gran Circo. Sin embargo, para Fernando Alonso la oportunidad es todav\u00eda m\u00e1s especial: a sus 44 a\u00f1os, sabe que el tiempo juega en su contra y que este nuevo ciclo puede ser su \u00faltima gran ocasi\u00f3n para pelear por un t\u00edtulo.<\/p>\n<p data-start=\"278\" data-end=\"811\">\u00a0<\/p>\n<p data-start=\"813\" data-end=\"1306\">Consciente de ello, el bicampe\u00f3n espa\u00f1ol se ha implicado al m\u00e1ximo en el proyecto de Aston Martin. \u201cHemos estado pilotando el nuevo coche en el simulador y asistiendo a reuniones y debates sobre el reglamento y c\u00f3mo afectar\u00e1 a la conducci\u00f3n\u201d, explic\u00f3 en una entrevista publicada en la web oficial del equipo. Alonso subraya que aspectos como la gesti\u00f3n de energ\u00eda o la aerodin\u00e1mica activa son ahora simples gr\u00e1ficos y datos, pero que pronto se convertir\u00e1n en sensaciones reales en pista.<\/p>\n<p data-start=\"813\" data-end=\"1306\">\u00a0<\/p>\n<p data-start=\"1308\" data-end=\"1735\">El piloto destaca que su experiencia es vital en esta fase de desarrollo. \u201cLos ingenieros trabajan con n\u00fameros, pero los pilotos tenemos sensaciones. Estos meses son muy importantes para que el equipo entienda lo que necesitamos en el coche\u201d, se\u00f1al\u00f3. Tanto Alonso como su compa\u00f1ero Lance Stroll est\u00e1n participando activamente en las reuniones para trasladar esas percepciones y ayudar a orientar las decisiones de dise\u00f1o.<\/p>\n<p data-start=\"1308\" data-end=\"1735\">\u00a0<\/p>\n<p data-start=\"1737\" data-end=\"2137\">Alonso ejemplifica su rol con un escenario concreto: \u201cCuando frenemos en la curva uno en Barcelona y sintamos algo extra\u00f1o, si conocemos el desarrollo del coche podremos identificar por qu\u00e9 ocurre y trasladarlo al equipo. As\u00ed podremos mejorar la idea inicial de los dise\u00f1adores\u201d. Una aportaci\u00f3n que, seg\u00fan el espa\u00f1ol, puede marcar la diferencia cuando el monoplaza toque por primera vez el asfalto.<\/p>\n<p data-start=\"1737\" data-end=\"2137\">\u00a0<\/p>\n<p data-start=\"2139\" data-end=\"2555\" data-is-last-node=\"\" data-is-only-node=\"\">Para Aston Martin, contar con el conocimiento y la sensibilidad de un piloto veterano como Alonso es un activo determinante. La escuder\u00eda de Lawrence Stroll lleva meses reforzando su estructura t\u00e9cnica y conf\u00eda en que esta implicaci\u00f3n temprana sea clave para dar el salto definitivo en 2026, cuando todo volver\u00e1 a empezar y las oportunidades estar\u00e1n al alcance de quienes mejor interpreten el nuevo reglamento.<\/p>\n","protected":false},"excerpt":{"rendered":"La temporada 2026 de F\u00f3rmula 1 es el gran objetivo de todos los equipos desde que la FIA&hellip;\n","protected":false},"author":2,"featured_media":148295,"comment_status":"","ping_status":"","sticky":false,"template":"","format":"standard","meta":{"footnotes":""},"categories":[270],"tags":[168,25,24,306,271,272,23,167],"class_list":{"0":"post-148294","1":"post","2":"type-post","3":"status-publish","4":"format-standard","5":"has-post-thumbnail","7":"category-formula-1","8":"tag-deportes","9":"tag-es","10":"tag-espana","11":"tag-f1","12":"tag-formula-1","13":"tag-formula1","14":"tag-spain","15":"tag-sports"},"share_on_mastodon":{"url":"","error":""},"_links":{"self":[{"href":"https:\/\/www.europesays.com\/es\/wp-json\/wp\/v2\/posts\/148294","targetHints":{"allow":["GET"]}}],"collection":[{"href":"https:\/\/www.europesays.com\/es\/wp-json\/wp\/v2\/posts"}],"about":[{"href":"https:\/\/www.europesays.com\/es\/wp-json\/wp\/v2\/types\/post"}],"author":[{"embeddable":true,"href":"https:\/\/www.europesays.com\/es\/wp-json\/wp\/v2\/users\/2"}],"replies":[{"embeddable":true,"href":"https:\/\/www.europesays.com\/es\/wp-json\/wp\/v2\/comments?post=148294"}],"version-history":[{"count":0,"href":"https:\/\/www.europesays.com\/es\/wp-json\/wp\/v2\/posts\/148294\/revisions"}],"wp:featuredmedia":[{"embeddable":true,"href":"https:\/\/www.europesays.com\/es\/wp-json\/wp\/v2\/media\/148295"}],"wp:attachment":[{"href":"https:\/\/www.europesays.com\/es\/wp-json\/wp\/v2\/media?parent=148294"}],"wp:term":[{"taxonomy":"category","embeddable":true,"href":"https:\/\/www.europesays.com\/es\/wp-json\/wp\/v2\/categories?post=148294"},{"taxonomy":"post_tag","embeddable":true,"href":"https:\/\/www.europesays.com\/es\/wp-json\/wp\/v2\/tags?post=148294"}],"curies":[{"name":"wp","href":"https:\/\/api.w.org\/{rel}","templated":true}]}}