{"id":148320,"date":"2025-09-30T10:01:12","date_gmt":"2025-09-30T10:01:12","guid":{"rendered":"https:\/\/www.europesays.com\/es\/148320\/"},"modified":"2025-09-30T10:01:12","modified_gmt":"2025-09-30T10:01:12","slug":"mateo-martinez-y-un-debut-inolvidable","status":"publish","type":"post","link":"https:\/\/www.europesays.com\/es\/148320\/","title":{"rendered":"Mateo Mart\u00ednez y un debut inolvidable"},"content":{"rendered":"<p>El encuentro del pasado s\u00e1bado entre el <strong><a target=\"_blank\" href=\"https:\/\/www.diariodepontevedra.es\/tags\/club-cisne-balonmano\/\" rel=\"nofollow noopener\">Club Cisne Balonmano<\/a><\/strong> y el <strong>Balonmano Zaragoza<\/strong> dej\u00f3, adem\u00e1s de la primera victoria del conjunto pontevedr\u00e9s en la <strong>temporada 2025-2026<\/strong>, la inclusi\u00f3n de un nuevo nombre en la ya larga lista de jugadores pertenecientes a la cantera blanca que debutan con el primer equipo.<\/p>\n<p>Y es que el pasado s\u00e1bado fue <strong>el extremo Mateo Mart\u00ednez<\/strong>, todav\u00eda en edad juvenil, el que pudo disfrutar de sus <strong>primeros minutos en Divisi\u00f3n de Honor Plata<\/strong>. Lo que ya de por s\u00ed supone un \u00e9xito y una alegr\u00eda, se transform\u00f3 todav\u00eda en algo mayor cuando \u00e9ste logr\u00f3 anotar un gol en la \u00faltima jornada del partido.<\/p>\n<p>Reconoce que fue una \u00abgran ilusi\u00f3n\u00bb, sobre todo en el momento de salir a la pista y escuchar los aplausos y gritos de los aficionados que se encontraban en el <strong>Pr\u00edncipe Felipe<\/strong>. Sin duda un aliento que quita cualquier tipo de nerviosismo ante un momento as\u00ed.<\/p>\n<p>Sin embargo el debut fue todav\u00eda si cabe m\u00e1s redondo. Y es que en la <strong>\u00faltima jugada de\u00a0ataque blanco<\/strong> del partido encontr\u00f3 la ocasi\u00f3n perfecta para <strong>marcar un tanto <\/strong>y poner la guinda a una tarde que ya de por s\u00ed era para recordar.<\/p>\n<p>Un gol buscado<\/p>\n<p>\u00abFue la \u00faltima jugada del partido, le estaba diciendo a mis compa\u00f1eros que me la pasaran y la verdad es que fue una jugada r\u00e1pida\u00bb, explica el propio jugador cisne\u00edsta, que contin\u00faa recordando que \u00abme lleg\u00f3 hasta la esquina, salt\u00e9 y la met\u00ed ah\u00ed abajo\u00bb.\u00a0<\/p>\n<p>Un recuerdo que guarda claro en la memoria ya que, tal cual la relata, tal cual pas\u00f3. Tras un saque de centro despu\u00e9s de un gol visitantes, <strong>Joao Ferreira<\/strong> recibi\u00f3 el bal\u00f3n y se lo puso a<strong> \u00c1lex L\u00f3pez<\/strong>, que vio a Mateo perfectamente colocado y le sirvi\u00f3 un bal\u00f3n que \u00e9ste recogi\u00f3 con todas las intenciones de enviarlo al fondo de la red.<\/p>\n<blockquote>\n<p>El tanto marcado por el extremo derecho lleg\u00f3 en la \u00faltima jugada de ataque del Cisne<\/p>\n<\/blockquote>\n<p>No esconde que en cuanto recibi\u00f3 el bal\u00f3n ten\u00eda claro que s\u00ed o s\u00ed ten\u00eda entrar y reconoce que \u00abhab\u00eda hablado con mi compa\u00f1ero <strong>Yago <\/strong>(L\u00f3pez) y me hab\u00eda dicho donde tirar, le hice caso y sali\u00f3 bien\u00bb. Un consejo que bien vali\u00f3 un gol en el debut.<\/p>\n<p>Mateo Mart\u00ednez recibi\u00f3 el pasado s\u00e1bado la confianza de un <strong>Marcos Otero &#8216;Qui\u00f1os&#8217;<\/strong> que conoce y apoya la filosof\u00eda cisne\u00edsta. Y es que el t\u00e9cnico ha visto, a lo largo de los a\u00f1os, debutar a un gran n\u00famero de jugadores de la cantera y le dio el empuj\u00f3n necesario para unir su nombre a esa lista.<\/p>\n<p>Antes de saltar a la pista, cuando decidi\u00f3 que era el momento de darle minutos, Qui\u00f1os \u00abme dijo que confiara en m\u00ed mismo y que entrara a jugar\u00bb. Esa <strong>confianza <\/strong>se convirti\u00f3 en <strong>felicidad <\/strong>al t\u00e9rmino del encuentro, cuando \u00abnos felicit\u00f3 a todos por conseguir la primera victoria de la temporada y me dio a m\u00ed la enhorabuena por marcar en mi debut\u00bb.<\/p>\n<p>Y es que el hecho de conseguir la victoria se suma como triple alegr\u00eda al del debut y el gol. No esconde el <strong>extremo derecho<\/strong> que los dos puntos sumados ante el Zaragoza fueron \u00abun gran alivio para el equipo, que necesitaba esa victoria\u00bb y reconoce que \u00abpoder hacerlo en casa y siendo mi debut, pues fue lo mejor la verdad\u00bb.<\/p>\n<p>Mateo Mart\u00ednez se uni\u00f3 el pasado s\u00e1bado a una lista de debutantes en la que no esperaba estar. Y es que pese a que durante el verano realiz\u00f3 gran parte de la pretemporada con el primer equipo, reconoce que en ese momento no contaba con ello, pero \u00abdebido a la<strong> lesi\u00f3n de Alberto<\/strong> (Delgado), que es un jugador incre\u00edble, me toc\u00f3 subir a ayudar al equipo\u00bb.<\/p>\n<p>Una jornada con doble convocatoria<\/p>\n<p>El pasado s\u00e1bado el extremo blanco consigui\u00f3 disputar sus primeros minutos con el primer equipo del Cisne. Lo hizo por la tarde, en un s\u00e1bado que reconoce que \u00abse me hizo un poco largo\u00bb. Y es que antes de entrar en la convocatoria del conjunto s\u00e9nior, tuvo que desplazarse a <strong>Vigo <\/strong>para jugar frente al <strong>Reconquista <\/strong>el encuentro correspondiente a la primera jornada de la<strong> Liga Oro juvenil<\/strong>.<\/p>\n<blockquote>\n<p>Antes de acudir al partido con el primer equipo, Mateo Mart\u00ednez jug\u00f3 por la ma\u00f1ana con el conjunto juvenil<\/p>\n<\/blockquote>\n<p>Un esfuerzo que, sin duda, vi\u00e9ndolo en perspectiva vali\u00f3 la pena ya que inici\u00f3 la temporada con su equipo con una trabajada \u00a0victoria \u00abya que el partido se torci\u00f3 un poco al final\u00bb y, adem\u00e1s, finaliz\u00f3 el d\u00eda marcando un gol en su debut.<\/p>\n<p>El <strong>Cisne Balonmano<\/strong> suma un nuevo nombre a la lista de jugadores de la cantera que debutan con el primer equipo. Es el de un Mateo Mart\u00ednez que, siendo juvenil y despu\u00e9s de hacer gran parte de la pretemporada con los s\u00e9nior, aprovech\u00f3 la confianza mostrada por Qui\u00f1os y le devolvi\u00f3 la oportunidad de debutar con un gol.<\/p>\n","protected":false},"excerpt":{"rendered":"El encuentro del pasado s\u00e1bado entre el Club Cisne Balonmano y el Balonmano Zaragoza dej\u00f3, adem\u00e1s de la&hellip;\n","protected":false},"author":2,"featured_media":148321,"comment_status":"","ping_status":"","sticky":false,"template":"","format":"standard","meta":{"footnotes":""},"categories":[278],"tags":[376,16343,168,25,24,375,1146,23,167],"class_list":{"0":"post-148320","1":"post","2":"type-post","3":"status-publish","4":"format-standard","5":"has-post-thumbnail","7":"category-balonmano","8":"tag-balonmano","9":"tag-club-cisne-balonmano","10":"tag-deportes","11":"tag-es","12":"tag-espana","13":"tag-handball","14":"tag-pontevedra","15":"tag-spain","16":"tag-sports"},"share_on_mastodon":{"url":"","error":""},"_links":{"self":[{"href":"https:\/\/www.europesays.com\/es\/wp-json\/wp\/v2\/posts\/148320","targetHints":{"allow":["GET"]}}],"collection":[{"href":"https:\/\/www.europesays.com\/es\/wp-json\/wp\/v2\/posts"}],"about":[{"href":"https:\/\/www.europesays.com\/es\/wp-json\/wp\/v2\/types\/post"}],"author":[{"embeddable":true,"href":"https:\/\/www.europesays.com\/es\/wp-json\/wp\/v2\/users\/2"}],"replies":[{"embeddable":true,"href":"https:\/\/www.europesays.com\/es\/wp-json\/wp\/v2\/comments?post=148320"}],"version-history":[{"count":0,"href":"https:\/\/www.europesays.com\/es\/wp-json\/wp\/v2\/posts\/148320\/revisions"}],"wp:featuredmedia":[{"embeddable":true,"href":"https:\/\/www.europesays.com\/es\/wp-json\/wp\/v2\/media\/148321"}],"wp:attachment":[{"href":"https:\/\/www.europesays.com\/es\/wp-json\/wp\/v2\/media?parent=148320"}],"wp:term":[{"taxonomy":"category","embeddable":true,"href":"https:\/\/www.europesays.com\/es\/wp-json\/wp\/v2\/categories?post=148320"},{"taxonomy":"post_tag","embeddable":true,"href":"https:\/\/www.europesays.com\/es\/wp-json\/wp\/v2\/tags?post=148320"}],"curies":[{"name":"wp","href":"https:\/\/api.w.org\/{rel}","templated":true}]}}