{"id":148322,"date":"2025-09-30T10:02:07","date_gmt":"2025-09-30T10:02:07","guid":{"rendered":"https:\/\/www.europesays.com\/es\/148322\/"},"modified":"2025-09-30T10:02:07","modified_gmt":"2025-09-30T10:02:07","slug":"la-fiesta-del-toro-en-la-calle","status":"publish","type":"post","link":"https:\/\/www.europesays.com\/es\/148322\/","title":{"rendered":"La fiesta del toro en la calle"},"content":{"rendered":"<p style=\"\">La localidad tarraconense de La R\u00e1pita ha acogido el <strong>XX Congreso Nacional del Toro de Cuerda.<\/strong> Durante el pasado fin de semana, a los quince mil habitantes del municipio del Delta se sumaron treinta mil visitantes que vivieron con intensidad las manifestaciones populares que  &#8230; en toda Espa\u00f1a se viven en torno al toro.<\/p>\n<p class=\"voc-p\" style=\"\">M\u00e1s de veinte municipios de Teruel, Valladolid, Zaragoza, M\u00e1laga, Ja\u00e9n, Tarragona, Almer\u00eda, Castell\u00f3n, Valencia y Zamora, componen la <strong>Federaci\u00f3n Espa\u00f1ola del Toro de Cuerda,<\/strong> que vivi\u00f3 un congreso en el que a las diferentes exhibiciones se sumaron exposiciones, foros de debate y actividades l\u00fadicas y gastron\u00f3micas. La R\u00e1pita se entreg\u00f3 a la fiesta del toro en la calle en tres d\u00edas de una intensa actividad en pro y para la tauromaquia popular en un ambiente festivo y de plena libertad.<\/p>\n<p class=\"voc-p\" style=\"\">Para todos estos pueblos, que mantienen vivas sus tradiciones, el toro con cuerda no es solo un evento popular, es una forma de entender la tradici\u00f3n, el respeto al animal y <strong>la fuerza del v\u00ednculo entre pueblos.<\/strong><\/p>\n<p class=\"voc-p\" style=\"\">El congreso, organizado por la <strong>Penya Bou Caplla\u00e7at de La R\u00e1pita,<\/strong> ha estado secundado por el ayuntamiento que, al margen de siglas pol\u00edticas, entendi\u00f3 desde un principio todo el impacto social y econ\u00f3mico que el evento iba a tener, y ha tenido, para el municipio y toda su zona de influencia. Los dos mil quinientos acreditados de todos los pueblos que integran la Federaci\u00f3n, los treinta mil visitantes durante el fin de semana, las m\u00e1s de dos millones y medio de visitas en redes sociales\u2026, dan medida de la importancia que sigue teniendo una de las manifestaciones taurinas de m\u00e1s hondo sentido popular.<\/p>\n","protected":false},"excerpt":{"rendered":"La localidad tarraconense de La R\u00e1pita ha acogido el XX Congreso Nacional del Toro de Cuerda. Durante el&hellip;\n","protected":false},"author":2,"featured_media":148323,"comment_status":"","ping_status":"","sticky":false,"template":"","format":"standard","meta":{"footnotes":""},"categories":[277],"tags":[373,10872,168,25,24,2328,23,167,374,913],"class_list":{"0":"post-148322","1":"post","2":"type-post","3":"status-publish","4":"format-standard","5":"has-post-thumbnail","7":"category-toreo","8":"tag-bullfighting","9":"tag-calle","10":"tag-deportes","11":"tag-es","12":"tag-espana","13":"tag-fiesta","14":"tag-spain","15":"tag-sports","16":"tag-toreo","17":"tag-toro"},"share_on_mastodon":{"url":"","error":""},"_links":{"self":[{"href":"https:\/\/www.europesays.com\/es\/wp-json\/wp\/v2\/posts\/148322","targetHints":{"allow":["GET"]}}],"collection":[{"href":"https:\/\/www.europesays.com\/es\/wp-json\/wp\/v2\/posts"}],"about":[{"href":"https:\/\/www.europesays.com\/es\/wp-json\/wp\/v2\/types\/post"}],"author":[{"embeddable":true,"href":"https:\/\/www.europesays.com\/es\/wp-json\/wp\/v2\/users\/2"}],"replies":[{"embeddable":true,"href":"https:\/\/www.europesays.com\/es\/wp-json\/wp\/v2\/comments?post=148322"}],"version-history":[{"count":0,"href":"https:\/\/www.europesays.com\/es\/wp-json\/wp\/v2\/posts\/148322\/revisions"}],"wp:featuredmedia":[{"embeddable":true,"href":"https:\/\/www.europesays.com\/es\/wp-json\/wp\/v2\/media\/148323"}],"wp:attachment":[{"href":"https:\/\/www.europesays.com\/es\/wp-json\/wp\/v2\/media?parent=148322"}],"wp:term":[{"taxonomy":"category","embeddable":true,"href":"https:\/\/www.europesays.com\/es\/wp-json\/wp\/v2\/categories?post=148322"},{"taxonomy":"post_tag","embeddable":true,"href":"https:\/\/www.europesays.com\/es\/wp-json\/wp\/v2\/tags?post=148322"}],"curies":[{"name":"wp","href":"https:\/\/api.w.org\/{rel}","templated":true}]}}