{"id":148324,"date":"2025-09-30T10:05:06","date_gmt":"2025-09-30T10:05:06","guid":{"rendered":"https:\/\/www.europesays.com\/es\/148324\/"},"modified":"2025-09-30T10:05:06","modified_gmt":"2025-09-30T10:05:06","slug":"carlos-alcaraz-taylor-fritz-en-directo-el-espanol-se-lleva-el-primer-set-en-un-partido-igualado-tenis-deportes","status":"publish","type":"post","link":"https:\/\/www.europesays.com\/es\/148324\/","title":{"rendered":"Carlos Alcaraz &#8211; Taylor Fritz en directo | El espa\u00f1ol se lleva el primer set en un partido igualado | Tenis | Deportes"},"content":{"rendered":"<p>En esta semana, el californiano no lo ha pasado bien ni contra Diallo (4-6, 6-3 y 7-6) ni ante Korda (6-3, 6-7 y 6-3) aunque s\u00ed se deshizo de sets corridos frente a Borges y Brooksby. Por su parte a Carlos Alcaraz ayer se le atragant\u00f3 el primer set ante Ruud (3-6, 6-3 y 6-4), un peque\u00f1o borr\u00f3n de su paso imperial por Jap\u00f3n como dieron cuenta Baez, Bergs y Nakashima.<\/p>\n","protected":false},"excerpt":{"rendered":"En esta semana, el californiano no lo ha pasado bien ni contra Diallo (4-6, 6-3 y 7-6) ni&hellip;\n","protected":false},"author":2,"featured_media":148325,"comment_status":"","ping_status":"","sticky":false,"template":"","format":"standard","meta":{"footnotes":""},"categories":[274],"tags":[545,1540,168,25,24,23,167,16390,327,11759,326,44128],"class_list":{"0":"post-148324","1":"post","2":"type-post","3":"status-publish","4":"format-standard","5":"has-post-thumbnail","7":"category-tenis","8":"tag-carlos-alcaraz","9":"tag-competiciones","10":"tag-deportes","11":"tag-es","12":"tag-espana","13":"tag-spain","14":"tag-sports","15":"tag-taylor-fritz","16":"tag-tenis","17":"tag-tenistas","18":"tag-tennis","19":"tag-torneo-tokio"},"share_on_mastodon":{"url":"","error":""},"_links":{"self":[{"href":"https:\/\/www.europesays.com\/es\/wp-json\/wp\/v2\/posts\/148324","targetHints":{"allow":["GET"]}}],"collection":[{"href":"https:\/\/www.europesays.com\/es\/wp-json\/wp\/v2\/posts"}],"about":[{"href":"https:\/\/www.europesays.com\/es\/wp-json\/wp\/v2\/types\/post"}],"author":[{"embeddable":true,"href":"https:\/\/www.europesays.com\/es\/wp-json\/wp\/v2\/users\/2"}],"replies":[{"embeddable":true,"href":"https:\/\/www.europesays.com\/es\/wp-json\/wp\/v2\/comments?post=148324"}],"version-history":[{"count":0,"href":"https:\/\/www.europesays.com\/es\/wp-json\/wp\/v2\/posts\/148324\/revisions"}],"wp:featuredmedia":[{"embeddable":true,"href":"https:\/\/www.europesays.com\/es\/wp-json\/wp\/v2\/media\/148325"}],"wp:attachment":[{"href":"https:\/\/www.europesays.com\/es\/wp-json\/wp\/v2\/media?parent=148324"}],"wp:term":[{"taxonomy":"category","embeddable":true,"href":"https:\/\/www.europesays.com\/es\/wp-json\/wp\/v2\/categories?post=148324"},{"taxonomy":"post_tag","embeddable":true,"href":"https:\/\/www.europesays.com\/es\/wp-json\/wp\/v2\/tags?post=148324"}],"curies":[{"name":"wp","href":"https:\/\/api.w.org\/{rel}","templated":true}]}}