{"id":148326,"date":"2025-09-30T10:07:10","date_gmt":"2025-09-30T10:07:10","guid":{"rendered":"https:\/\/www.europesays.com\/es\/148326\/"},"modified":"2025-09-30T10:07:10","modified_gmt":"2025-09-30T10:07:10","slug":"charles-no-estaba-por-delante-de-el-como-mucha-gente-quiere-pensar","status":"publish","type":"post","link":"https:\/\/www.europesays.com\/es\/148326\/","title":{"rendered":"Charles no estaba por delante de \u00e9l, como mucha gente quiere pensar"},"content":{"rendered":"<p data-mrf-recirculation=\"Links P\u00e1rrafos\" class=\"ue-c-article__paragraph paragraph\"><strong>Ferrari <\/strong>no termina de levantar cabeza en la temporada. Tras 17 jornadas disputadas, todav\u00eda no han podido ganar y, en general, han disfrutado del cuarto mejor coche de la parrilla. Seg\u00fan <strong>Jacques Villeneuve, campe\u00f3n del mundo en 1997<\/strong>, la <strong>Scuderia <\/strong>est\u00e1 atravesando el conocido &#8216;<strong>efecto Carlos Sainz<\/strong>&#8216;, en el que existe un baj\u00f3n de resultados y rendimiento una vez el madrile\u00f1o abandona una escuadra.<\/p>\n<p><img decoding=\"async\" width=\"1980\" height=\"1320\" class=\"ue-c-article__image lazyload\" alt=\"Carlos Sainz celebra con su equipo el tercer lugar del GP de Azerbaiy\u00e1n.\" loading=\"lazy\" src=\"https:\/\/www.europesays.com\/es\/wp-content\/uploads\/2025\/09\/68d28b921eab8.jpeg\"\/><\/p>\n<p>Carlos Sainz celebra con su equipo el tercer lugar del GP de Azerbaiy\u00e1n.EFE<\/p>\n<p data-mrf-recirculation=\"Links P\u00e1rrafos\" class=\"ue-c-article__paragraph paragraph\">Adem\u00e1s, su podio en el <strong>GP de Azerbaiy\u00e1n<\/strong> confirm\u00f3 la teor\u00eda del ex piloto canadiense.\u00a0En declaraciones a <strong>OLBG<\/strong>,\u00a0destac\u00f3 el impacto que tiene en un nuevo equipo. \u00abSi nos fijamos en su carrera, cuando se ha incorporado a un nuevo equipo, le ha llevado un tiempo, quiz\u00e1 media temporada, ponerse al d\u00eda. Se esfuerza por ello. <strong>Pero durante ese periodo, hace que todo el equipo funcione mejor. Eso es lo que ha ocurrido en todos los equipos a los que se ha incorporado<\/strong>\u00ab, afirm\u00f3.<\/p>\n<p>En el mismo escal\u00f3n que Charles Leclerc<\/p>\n<p data-mrf-recirculation=\"Links P\u00e1rrafos\" class=\"ue-c-article__paragraph paragraph\">Del mismo modo, habla del impacto que suele tener en sus compa\u00f1eros de equipo, a quienes ayuda a ir m\u00e1s r\u00e1pido una vez empezada la temporada. \u00abY en alg\u00fan momento, a menudo ha tenido un compa\u00f1ero de equipo que quiz\u00e1 era unas cent\u00e9simas m\u00e1s r\u00e1pido. <strong>Pero ese compa\u00f1ero de equipo era m\u00e1s r\u00e1pido tambi\u00e9n gracias al trabajo que estaba haciendo\u00bb.\u00a0<\/strong><\/p>\n<p data-mrf-recirculation=\"Links P\u00e1rrafos\" class=\"ue-c-article__paragraph paragraph\">Su \u00faltimo compa\u00f1ero antes de llegar a <strong>Williams <\/strong>fue <strong>Charles Leclerc.<\/strong><strong>Villeneuve <\/strong>valor\u00f3 a sendos pilotos en su etapa en la misma escuder\u00eda, resaltando la igualdad que exist\u00eda en pista. \u00abPero luego Sainz se volvi\u00f3 m\u00e1s r\u00e1pido que su compa\u00f1ero de equipo. <strong>Incluso si nos fijamos en Leclerc, Leclerc no estaba por delante de Sainz en Ferrari, como mucha gente quiere pensar\u00bb<\/strong>.<\/p>\n<blockquote class=\"ue-c-article__blockquote\">\n<p>Leclerc no estaba por delante de Sainz en Ferrari, como mucha gente quiere pensar<\/p>\n<p>Jacques Villeneuve<\/p><\/blockquote>\n<p data-mrf-recirculation=\"Links P\u00e1rrafos\" class=\"ue-c-article__paragraph paragraph\">El positivo impacto que tiene el madrile\u00f1o al aterrizar en un equipo, es igualmente proporcional al abandonar su antigua &#8216;casa&#8217;. \u00abY cada vez que dejaba un equipo, ese equipo iba cuesta abajo. Siempre. Y ahora ocurre lo mismo con <strong>Ferrari<\/strong>\u00ab, se\u00f1ala.\u00a0<\/p>\n<p>Un papel protagonista en Williams<\/p>\n<p data-mrf-recirculation=\"Links P\u00e1rrafos\" class=\"ue-c-article__paragraph paragraph\">Pese a no haber disfrutado de buenos resultados en gran parte de la temporada, el campe\u00f3n del mundo se\u00f1ala que <strong>Carlos <\/strong>se ha convertido en una pieza clave en <strong>Williams<\/strong>. \u00abTiene que estar bastante contento con lo que est\u00e1 pasando en Williams. <strong>Ahora se le percibe como el constructor del equipo, <\/strong>una gran incorporaci\u00f3n, y all\u00ed le quieren. <strong>As\u00ed que, si vas a abandonar el barco, tienes que pens\u00e1rtelo dos veces<\/strong>\u00ab, sentenci\u00f3.<\/p>\n","protected":false},"excerpt":{"rendered":"Ferrari no termina de levantar cabeza en la temporada. Tras 17 jornadas disputadas, todav\u00eda no han podido ganar&hellip;\n","protected":false},"author":2,"featured_media":148327,"comment_status":"","ping_status":"","sticky":false,"template":"","format":"standard","meta":{"footnotes":""},"categories":[270],"tags":[168,25,24,306,271,272,23,167],"class_list":{"0":"post-148326","1":"post","2":"type-post","3":"status-publish","4":"format-standard","5":"has-post-thumbnail","7":"category-formula-1","8":"tag-deportes","9":"tag-es","10":"tag-espana","11":"tag-f1","12":"tag-formula-1","13":"tag-formula1","14":"tag-spain","15":"tag-sports"},"share_on_mastodon":{"url":"","error":""},"_links":{"self":[{"href":"https:\/\/www.europesays.com\/es\/wp-json\/wp\/v2\/posts\/148326","targetHints":{"allow":["GET"]}}],"collection":[{"href":"https:\/\/www.europesays.com\/es\/wp-json\/wp\/v2\/posts"}],"about":[{"href":"https:\/\/www.europesays.com\/es\/wp-json\/wp\/v2\/types\/post"}],"author":[{"embeddable":true,"href":"https:\/\/www.europesays.com\/es\/wp-json\/wp\/v2\/users\/2"}],"replies":[{"embeddable":true,"href":"https:\/\/www.europesays.com\/es\/wp-json\/wp\/v2\/comments?post=148326"}],"version-history":[{"count":0,"href":"https:\/\/www.europesays.com\/es\/wp-json\/wp\/v2\/posts\/148326\/revisions"}],"wp:featuredmedia":[{"embeddable":true,"href":"https:\/\/www.europesays.com\/es\/wp-json\/wp\/v2\/media\/148327"}],"wp:attachment":[{"href":"https:\/\/www.europesays.com\/es\/wp-json\/wp\/v2\/media?parent=148326"}],"wp:term":[{"taxonomy":"category","embeddable":true,"href":"https:\/\/www.europesays.com\/es\/wp-json\/wp\/v2\/categories?post=148326"},{"taxonomy":"post_tag","embeddable":true,"href":"https:\/\/www.europesays.com\/es\/wp-json\/wp\/v2\/tags?post=148326"}],"curies":[{"name":"wp","href":"https:\/\/api.w.org\/{rel}","templated":true}]}}