{"id":148330,"date":"2025-09-30T10:09:13","date_gmt":"2025-09-30T10:09:13","guid":{"rendered":"https:\/\/www.europesays.com\/es\/148330\/"},"modified":"2025-09-30T10:09:13","modified_gmt":"2025-09-30T10:09:13","slug":"el-hapoel-de-micic-test-de-altura-en-el-debut-del-barca-en-euroliga","status":"publish","type":"post","link":"https:\/\/www.europesays.com\/es\/148330\/","title":{"rendered":"El Hapoel de Micic, test de altura en el debut del Bar\u00e7a en Euroliga"},"content":{"rendered":"<p class=\"ft-text\">Termin\u00f3 la espera. Este martes, a partir de las 18 horas, <a class=\"ft-link ft-link--decoration\" href=\"https:\/\/www.sport.es\/es\/barca\/baloncesto\/\" rel=\"nofollow noopener\" target=\"_blank\"><strong>el Bar\u00e7a regresa a la Euroliga<\/strong><\/a><strong> midi\u00e9ndose al Hapoel Tel Aviv<\/strong> en un partido que tendr\u00e1 lugar en Sof\u00eda. El Arena 8888 acoge la cita por razones de seguridad debido a la guerra de Israel en Palestina.<\/p>\n<p class=\"ft-text\">La previa del duelo viene marcada por <strong>ese conflicto b\u00e9lico que no cesa y que cada vez cuenta con mayor rechazo por parte de la comunidad internacional.<\/strong> Viendo lo ocurrido en la pasada Vuelta Ciclista a Espa\u00f1a, el Bar\u00e7a evitar\u00e1 vivir una situaci\u00f3n que tuvo lugar hace pocas semanas en algunas capitales espa\u00f1olas, pero la Euroliga debe dejar de titubear con los equipos israel\u00edes y debe tomar una decisi\u00f3n propia, sin esperar a lo que decidan otras organizaciones como la UEFA.<\/p>\n<p class=\"ft-text\">Por el momento, la Euroliga sigue y toca centrarse en lo estrictamente deportivo. El Bar\u00e7a regresa a una competici\u00f3n de la que se march\u00f3 el pasado curso con un sabor amargo tras la <strong>dolorosa eliminaci\u00f3n a manos del M\u00f3naco en el playoff<\/strong> previo a la Final Four de Abu Dabi.<\/p>\n<p><img decoding=\"async\" src=\"https:\/\/www.europesays.com\/es\/wp-content\/uploads\/2025\/09\/42f6732f-cdce-4479-9883-5e79359d27f3_alta-libre-aspect-ratio_default_0.jpg\" width=\"1200\" height=\"675\" alt=\"Joan Pe\u00f1arroya, junto a Kevin Punter\" class=\"ft-helper-img-rd\" loading=\"lazy\" hasdataaida=\"true\"\/><\/p>\n<p class=\"ft-helper-fontColor-quaternary ft-helper-fontSize-body-S ft-helper-spacer-t-xxs\">Joan Pe\u00f1arroya, junto a Kevin Punter  \/ FCB<\/p>\n<p class=\"ft-text\">Aquella noche, <strong>Kevin Punter<\/strong> err\u00f3 el t\u00edtulo que hubiese mandado al equipo azulgrana a la final a cuatro de la competici\u00f3n europea. Pero de poco sirve volver al pasado para recordar tiros cuyo desenlace no variar\u00e1. Lo que s\u00ed que es seguro es que el escolta neoyorquino vuelve a ser uno de los puntales de <strong>Joan Pe\u00f1arroya.<\/strong> Tambi\u00e9n un <strong>Tornike Shengelia<\/strong> que se prepara para vivir su primer partido de Euroliga con el Bar\u00e7a, con la esperanza de que su impacto en el torneo sea importante ya desde el primer d\u00eda.<\/p>\n<p class=\"ft-text\">Un partido de debut al que el cuadro catal\u00e1n llega con algunas bajas, pero tocando manera para que la situaci\u00f3n no empeore como ocurri\u00f3 la pasada campa\u00f1a. <strong>Juan N\u00fa\u00f1ez<\/strong>, que pasa este martes por el quir\u00f3fano para someterse a una artroscopia en su rodilla derecha, es baja asegurada, mientras que <strong>Juani Marcos, <\/strong>que se hizo da\u00f1o en el tobillo derecho en el amistoso del pasado viernes en Lleida, espera poder llegar en la mejor condici\u00f3n posible.<\/p>\n<p><img decoding=\"async\" src=\"https:\/\/www.europesays.com\/es\/wp-content\/uploads\/2025\/09\/ca8f338d-2668-4588-84bf-04ab57f107df_alta-libre-aspect-ratio_default_0.jpg\" width=\"1200\" height=\"800\" alt=\"Juani Marcos tuvo un debut un poco m\u00e1s discreto aunque necesita tiempo\" class=\"ft-helper-img-rd\" loading=\"lazy\" hasdataaida=\"true\"\/><\/p>\n<p class=\"ft-helper-fontColor-quaternary ft-helper-fontSize-body-S ft-helper-spacer-t-xxs\">Juani Marcos tuvo un debut un poco m\u00e1s discreto aunque necesita tiempo  \/ FCB<\/p>\n<p class=\"ft-text\">\u00abHapoel es el equipo con la plantilla m\u00e1s larga de la competici\u00f3n. <strong>Tienen potencial para aspirar a estar en las primeras posiciones y es un rival dise\u00f1ado para competir contra todos\u00bb,<\/strong> coment\u00f3 Pe\u00f1arroya en la previa del partido.<\/p>\n<p class=\"ft-text\">De hecho, y bajo las \u00f3rdenes del experimentado <strong>Dimitris Itoudis,<\/strong> Hapoel llega a la competici\u00f3n tras haberse impuesto en la \u00faltima edici\u00f3n de la Eurocup y con una chequera dispuesta a gastarse cantidades indecentes. De hecho, a <strong>Vasilije Micic<\/strong> lo han cubierto de oro, y seg\u00fan apunta &#8216;Eurohoops&#8217;, es el jugador con el salario m\u00e1s alto de la competici\u00f3n, rozando los cinco &#8216;kilos&#8217; netos por curso. En ese top 10 tambi\u00e9n se encuentra un <strong>Elijah Bryant<\/strong> que dej\u00f3 el Anadolu Efes a cambio de 2,5 millones de euros netos por campa\u00f1a.<\/p>\n<p><img decoding=\"async\" src=\"https:\/\/www.europesays.com\/es\/wp-content\/uploads\/2025\/09\/8b1fd107-1995-4ea9-9fea-2f26d8aee9e7_alta-libre-aspect-ratio_default_0.jpg\" width=\"1200\" height=\"675\" alt=\"Vasilije Micic es la gran estrella de Hapoel Tel Aviv\" class=\"ft-helper-img-rd\" loading=\"lazy\" hasdataaida=\"true\"\/><\/p>\n<p class=\"ft-helper-fontColor-quaternary ft-helper-fontSize-body-S ft-helper-spacer-t-xxs\">Vasilije Micic es la gran estrella de Hapoel Tel Aviv  \/ Twitter: @HapoelTLVBC<\/p>\n<p class=\"ft-text\">El exterior serbio es el gran nombre de un equipo con poder\u00edo f\u00edsico en el que tambi\u00e9n se encuentran perfiles de la talla de <strong>Chris Jones, Tyler Ennis, Yam Madar, Bruno Caboclo, Jonathan Motley o Dan Oturu. <\/strong>Uno de los nuevos &#8216;ricos&#8217; de la Euroliga, quje desembarca en la competici\u00f3n con un importante m\u00fasculo financiero, y que el paso de las jornadas marcar\u00e1 si es un equipo llamado a competir por el t\u00edtulo el pr\u00f3ximo mes de mayo en Atenas.<\/p>\n","protected":false},"excerpt":{"rendered":"Termin\u00f3 la espera. Este martes, a partir de las 18 horas, el Bar\u00e7a regresa a la Euroliga midi\u00e9ndose&hellip;\n","protected":false},"author":2,"featured_media":146814,"comment_status":"","ping_status":"","sticky":false,"template":"","format":"standard","meta":{"footnotes":""},"categories":[268],"tags":[299,2296,168,25,24,833,280,282,36978,22611,281,23,167,27353],"class_list":{"0":"post-148330","1":"post","2":"type-post","3":"status-publish","4":"format-standard","5":"has-post-thumbnail","7":"category-futbol","8":"tag-baloncesto","9":"tag-barca","10":"tag-deportes","11":"tag-es","12":"tag-espana","13":"tag-euroliga","14":"tag-football","15":"tag-futbol","16":"tag-hapoel","17":"tag-previa","18":"tag-soccer","19":"tag-spain","20":"tag-sports","21":"tag-tel-aviv"},"share_on_mastodon":{"url":"","error":""},"_links":{"self":[{"href":"https:\/\/www.europesays.com\/es\/wp-json\/wp\/v2\/posts\/148330","targetHints":{"allow":["GET"]}}],"collection":[{"href":"https:\/\/www.europesays.com\/es\/wp-json\/wp\/v2\/posts"}],"about":[{"href":"https:\/\/www.europesays.com\/es\/wp-json\/wp\/v2\/types\/post"}],"author":[{"embeddable":true,"href":"https:\/\/www.europesays.com\/es\/wp-json\/wp\/v2\/users\/2"}],"replies":[{"embeddable":true,"href":"https:\/\/www.europesays.com\/es\/wp-json\/wp\/v2\/comments?post=148330"}],"version-history":[{"count":0,"href":"https:\/\/www.europesays.com\/es\/wp-json\/wp\/v2\/posts\/148330\/revisions"}],"wp:featuredmedia":[{"embeddable":true,"href":"https:\/\/www.europesays.com\/es\/wp-json\/wp\/v2\/media\/146814"}],"wp:attachment":[{"href":"https:\/\/www.europesays.com\/es\/wp-json\/wp\/v2\/media?parent=148330"}],"wp:term":[{"taxonomy":"category","embeddable":true,"href":"https:\/\/www.europesays.com\/es\/wp-json\/wp\/v2\/categories?post=148330"},{"taxonomy":"post_tag","embeddable":true,"href":"https:\/\/www.europesays.com\/es\/wp-json\/wp\/v2\/tags?post=148330"}],"curies":[{"name":"wp","href":"https:\/\/api.w.org\/{rel}","templated":true}]}}