{"id":148345,"date":"2025-09-30T10:22:09","date_gmt":"2025-09-30T10:22:09","guid":{"rendered":"https:\/\/www.europesays.com\/es\/148345\/"},"modified":"2025-09-30T10:22:09","modified_gmt":"2025-09-30T10:22:09","slug":"el-lucentum-alicante-presenta-al-ayuntamiento-un-proyecto-para-la-construccion-de-unas-instalaciones-publico-privadas-dedicadas-a-la-practica-del-baloncesto-y-la-formacion","status":"publish","type":"post","link":"https:\/\/www.europesays.com\/es\/148345\/","title":{"rendered":"El Lucentum Alicante presenta al Ayuntamiento un proyecto para la construcci\u00f3n de unas instalaciones p\u00fablico-privadas dedicadas a la pr\u00e1ctica del baloncesto y la formaci\u00f3n"},"content":{"rendered":"<p>\u00a0<\/p>\n<ul>\n<li> Las instalaciones est\u00e1n dise\u00f1adas sobre 13.000 metros cuadrados y constan de dos pabellones cubiertos, pistas exteriores y un edificio para el alojamiento y la formaci\u00f3n de deportistas.<\/li>\n<li> El complejo deportivo est\u00e1 ubicado estrat\u00e9gicamente entre la Gran V\u00eda de Alicante y la V\u00eda Parque sobre tres parcelas de titularidad municipal con licencia de uso deportivo\u00a0<\/li>\n<\/ul>\n<p><strong>Alicante, 30 de septiembre de 2025 \u2013<\/strong> El Lucentum Alicante ha presentado al Ayuntamiento de Alicante un proyecto p\u00fablico-privado para la construcci\u00f3n de unas instalaciones dedicadas al baloncesto. Este complejo se ubicar\u00e1 entre la Gran V\u00eda de Alicante y la V\u00eda Parque, al lado del Centro Comercial Gran V\u00eda, y est\u00e1 dise\u00f1ado sobre tres parcelas de titularidad municipal que ya cuentan con la catalogaci\u00f3n urban\u00edstica correspondiente para acoger edificaciones de uso deportivo y que est\u00e1n situadas en la calle Polop de Alicante.<\/p>\n<p>Este nuevo complejo deportivo est\u00e1 planificado sobre una superficie de 13.000 metros cuadrados y consta de un pabell\u00f3n cubierto con capacidad para varias pistas de baloncesto y tres de minibasket, adem\u00e1s de pistas exteriores de baloncesto y de tres por tres. El proyecto incluye un edificio moderno y funcional para el alojamiento y formaci\u00f3n de los deportistas.<\/p>\n<p>El Lucentum pone a disposici\u00f3n de la ciudad de Alicante unas instalaciones \u00fanicas y diferenciales, que descongestionar\u00e1n y completar\u00e1n las existentes en nuestro municipio, dotando de horas extra para la pr\u00e1ctica del baloncesto y para la realizaci\u00f3n de actividades sociales.<\/p>\n<p>La entidad alicantina mantiene negociaciones avanzadas con distintos inversores para la realizaci\u00f3n del complejo, que supondr\u00e1 un salto cualitativo para el club, asegurando su futuro, su crecimiento y sostenibilidad a medio y largo plazo.<\/p>\n<p>El presidente del Lucentum Alicante, Daniel Adriasola, explic\u00f3 que \u201ces un proyecto en el que llevamos muchos meses trabajando y que ser\u00e1 muy beneficioso para nuestra ciudad\u201d. \u201cLa Fundaci\u00f3n Lucentum podr\u00e1 disponer de un activo que nos dar\u00e1 un mejor posicionamiento econ\u00f3mico, deportivo y social que ayuda a fortalecer la viabilidad del club\u201d, afirm\u00f3 Adriasola. El presidente del Lucentum explic\u00f3 que las nuevas instalaciones est\u00e1n pensadas \u201cpara la formaci\u00f3n completa de los deportistas\u201d e indic\u00f3 que \u201ccomplementan las existentes en Alicante\u201d. \u201cEs un antes y un despu\u00e9s para el Lucentum\u201d, concluy\u00f3.<\/p>\n<p>El club alicantino ha promovido durante las \u00faltimas temporadas el desarrollo de su Lucentum Basket Academy, con 13 equipos masculinos y nueve femeninos, y su Lucentum Basketball HUB, un proyecto pionero internacional que une a clubes, academias y federaciones de todo el mundo, en el que ya participan 36 entidades, de 33 pa\u00edses diferentes y de los cinco continentes, con estancias de formaci\u00f3n, de pretemporada, cl\u00ednics y eventos. Tambi\u00e9n ha evidenciado su apuesta por el deporte inclusivo, con el desarrollo de su equipo de Diversas Capacidades.<\/p>\n<p>El crecimiento de la entidad ha impulsado al Lucentum Alicante a poner en marcha este ambicioso proyecto, con la construcci\u00f3n de este complejo \u00fanico en Alicante, que cuenta con una ubicaci\u00f3n estrat\u00e9gica y que dar\u00e1 una proyecci\u00f3n internacional a la ciudad.<\/p>\n","protected":false},"excerpt":{"rendered":"\u00a0 Las instalaciones est\u00e1n dise\u00f1adas sobre 13.000 metros cuadrados y constan de dos pabellones cubiertos, pistas exteriores y&hellip;\n","protected":false},"author":2,"featured_media":148346,"comment_status":"","ping_status":"","sticky":false,"template":"","format":"standard","meta":{"footnotes":""},"categories":[8],"tags":[17,18,25,24,13,14,11,19,20,9,10,15,16,23,12,21,22],"class_list":{"0":"post-148345","1":"post","2":"type-post","3":"status-publish","4":"format-standard","5":"has-post-thumbnail","7":"category-espana","8":"tag-breaking-news","9":"tag-breakingnews","10":"tag-es","11":"tag-espana","12":"tag-featured-news","13":"tag-featurednews","14":"tag-headlines","15":"tag-latest-news","16":"tag-latestnews","17":"tag-news","18":"tag-noticias","19":"tag-noticias-destacadas","20":"tag-noticiasdestacadas","21":"tag-spain","22":"tag-titulares","23":"tag-ultimas-noticias","24":"tag-ultimasnoticias"},"share_on_mastodon":{"url":"","error":""},"_links":{"self":[{"href":"https:\/\/www.europesays.com\/es\/wp-json\/wp\/v2\/posts\/148345","targetHints":{"allow":["GET"]}}],"collection":[{"href":"https:\/\/www.europesays.com\/es\/wp-json\/wp\/v2\/posts"}],"about":[{"href":"https:\/\/www.europesays.com\/es\/wp-json\/wp\/v2\/types\/post"}],"author":[{"embeddable":true,"href":"https:\/\/www.europesays.com\/es\/wp-json\/wp\/v2\/users\/2"}],"replies":[{"embeddable":true,"href":"https:\/\/www.europesays.com\/es\/wp-json\/wp\/v2\/comments?post=148345"}],"version-history":[{"count":0,"href":"https:\/\/www.europesays.com\/es\/wp-json\/wp\/v2\/posts\/148345\/revisions"}],"wp:featuredmedia":[{"embeddable":true,"href":"https:\/\/www.europesays.com\/es\/wp-json\/wp\/v2\/media\/148346"}],"wp:attachment":[{"href":"https:\/\/www.europesays.com\/es\/wp-json\/wp\/v2\/media?parent=148345"}],"wp:term":[{"taxonomy":"category","embeddable":true,"href":"https:\/\/www.europesays.com\/es\/wp-json\/wp\/v2\/categories?post=148345"},{"taxonomy":"post_tag","embeddable":true,"href":"https:\/\/www.europesays.com\/es\/wp-json\/wp\/v2\/tags?post=148345"}],"curies":[{"name":"wp","href":"https:\/\/api.w.org\/{rel}","templated":true}]}}