{"id":148351,"date":"2025-09-30T10:25:05","date_gmt":"2025-09-30T10:25:05","guid":{"rendered":"https:\/\/www.europesays.com\/es\/148351\/"},"modified":"2025-09-30T10:25:05","modified_gmt":"2025-09-30T10:25:05","slug":"el-club-cocherito-y-la-aficion-taurina-de-bizkaia-recuerdan-a-ivan-fandino","status":"publish","type":"post","link":"https:\/\/www.europesays.com\/es\/148351\/","title":{"rendered":"El Club Cocherito y la afici\u00f3n taurina de Bizkaia recuerdan a Iv\u00e1n Fandi\u00f1o"},"content":{"rendered":"<p><strong>Iv\u00e1n Fandi\u00f1o permanece en la memoria de la afici\u00f3n taurina de Bizkaia.<\/strong><\/p>\n<p>\u00a0<\/p>\n<p>Miembros del <strong>Club Cocherito<\/strong> y aficionados de distintas procedencias, entre los que se encontraba el alcalde de la ciudad de Ordu\u00f1a, Iker Santocildes, se han congregado hoy junto al conjunto escult\u00f3rico que recuerda la figura del torero, ante la puerta grande de Vista Alegre. Hoy, 29 de septiembre, habr\u00eda cumplido 45 a\u00f1os. <strong>Muri\u00f3 el 17 de junio de 2017 como consecuencia de la cornada sufrida en la plaza landesa de Aire-sur-l\u2019Adour.<\/strong><\/p>\n<p>\u00a0<\/p>\n<p><img data-lazyloaded=\"1\" loading=\"lazy\" decoding=\"async\" class=\"alignnone size-full wp-image-241015\" src=\"https:\/\/www.europesays.com\/es\/wp-content\/uploads\/2025\/09\/2-Club-Cocherito-Ofrenda-floral-en-recuerdo-a-Ivan-Fandino-2025_09_29.JPG.jpg\" alt=\"2 Club Cocherito Ofrenda floral en recuerdo a Ivan Fandino 2025 09 29.JPG\" width=\"1200\" height=\"508\"\/><\/p>\n<p>\u00a0<\/p>\n<p>Una vez realizada la ofrenda floral, <strong>Javier Nebreda<\/strong>, presidente del <strong>Club Cocherito de Bilbao<\/strong>, ensalz\u00f3 las cualidades del diestro de Ordu\u00f1a e hizo hincapi\u00e9 en su condici\u00f3n de \u00faltimo gran torero vizca\u00edno. \u201cIvan Fandi\u00f1o pudo con todos los toros que lidi\u00f3, pero con el \u00faltimo, el m\u00e1s negro, el definitivo, pudo la muerte. Hoy \u2014afirm\u00f3\u2014 son pocos los que recuerdan el nombre del toro que le arrebat\u00f3 la vida (Provechito) y muchos los que mantenemos en nuestra memoria a Iv\u00e1n Fandi\u00f1o. Quien vive en la memoria, en el recuerdo de las gentes \u2014dijo\u2014 nunca muere del todo\u201d.<\/p>\n","protected":false},"excerpt":{"rendered":"Iv\u00e1n Fandi\u00f1o permanece en la memoria de la afici\u00f3n taurina de Bizkaia. \u00a0 Miembros del Club Cocherito y&hellip;\n","protected":false},"author":2,"featured_media":136822,"comment_status":"","ping_status":"","sticky":false,"template":"","format":"standard","meta":{"footnotes":""},"categories":[277],"tags":[373,168,25,24,23,167,374],"class_list":{"0":"post-148351","1":"post","2":"type-post","3":"status-publish","4":"format-standard","5":"has-post-thumbnail","7":"category-toreo","8":"tag-bullfighting","9":"tag-deportes","10":"tag-es","11":"tag-espana","12":"tag-spain","13":"tag-sports","14":"tag-toreo"},"share_on_mastodon":{"url":"","error":""},"_links":{"self":[{"href":"https:\/\/www.europesays.com\/es\/wp-json\/wp\/v2\/posts\/148351","targetHints":{"allow":["GET"]}}],"collection":[{"href":"https:\/\/www.europesays.com\/es\/wp-json\/wp\/v2\/posts"}],"about":[{"href":"https:\/\/www.europesays.com\/es\/wp-json\/wp\/v2\/types\/post"}],"author":[{"embeddable":true,"href":"https:\/\/www.europesays.com\/es\/wp-json\/wp\/v2\/users\/2"}],"replies":[{"embeddable":true,"href":"https:\/\/www.europesays.com\/es\/wp-json\/wp\/v2\/comments?post=148351"}],"version-history":[{"count":0,"href":"https:\/\/www.europesays.com\/es\/wp-json\/wp\/v2\/posts\/148351\/revisions"}],"wp:featuredmedia":[{"embeddable":true,"href":"https:\/\/www.europesays.com\/es\/wp-json\/wp\/v2\/media\/136822"}],"wp:attachment":[{"href":"https:\/\/www.europesays.com\/es\/wp-json\/wp\/v2\/media?parent=148351"}],"wp:term":[{"taxonomy":"category","embeddable":true,"href":"https:\/\/www.europesays.com\/es\/wp-json\/wp\/v2\/categories?post=148351"},{"taxonomy":"post_tag","embeddable":true,"href":"https:\/\/www.europesays.com\/es\/wp-json\/wp\/v2\/tags?post=148351"}],"curies":[{"name":"wp","href":"https:\/\/api.w.org\/{rel}","templated":true}]}}