{"id":148354,"date":"2025-09-30T10:29:07","date_gmt":"2025-09-30T10:29:07","guid":{"rendered":"https:\/\/www.europesays.com\/es\/148354\/"},"modified":"2025-09-30T10:29:07","modified_gmt":"2025-09-30T10:29:07","slug":"el-ano-interminable-de-tadej-pogacar-y-dos-grandes-retos-por-cumplir","status":"publish","type":"post","link":"https:\/\/www.europesays.com\/es\/148354\/","title":{"rendered":"El a\u00f1o interminable de Tadej Pogacar y dos grandes retos por cumplir"},"content":{"rendered":"<p data-mrf-recirculation=\"Links P\u00e1rrafos\" class=\"ue-c-article__paragraph paragraph ue-c-article--first-letter-highlighted\">Pogacar, el ciclista que no conoce el l\u00edmite El ciclismo siempre ha vivido de relatos imposibles, de gestas que parec\u00edan fuera del alcance humano. Pero cada generaci\u00f3n tiene un hombre que toma esas p\u00e1ginas y las reescribe con una caligraf\u00eda a\u00fan m\u00e1s desbordante. En este tiempo, ese hombre es <strong>Tadej Pogacar.<\/strong> El esloveno no solo colecciona victorias: fabrica mitolog\u00edas. Y en este 2025, tras conquistar su cuarto Tour de Francia y retener el maillot arco\u00edris en Kigali, ha demostrado que el l\u00edmite no existe cuando el hambre es tan grande como el suyo. El <strong>Tour de Francia<\/strong> fue, otra vez, su escenario favorito. Con la serenidad del que ya ha probado la gloria, Pogacar se lanz\u00f3 al asalto de su cuarto t\u00edtulo con la osad\u00eda de un debutante. No hab\u00eda d\u00eda que no se convirtiera en protagonista: los Alpes fueron su anfiteatro de gladiador, los Pirineos, su lienzo de artista.<\/p>\n<p>El &#8216;concierto&#8217; de Remco, el show de Ruanda, el ritmo de Carapaz y el isreal\u00ed tranquiloNACHO LABARGA (MARCA)<\/p>\n<p data-mrf-recirculation=\"Links P\u00e1rrafos\" class=\"ue-c-article__paragraph paragraph\">Con cada ataque, con cada gesto de superioridad, el esloveno transmit\u00eda la sensaci\u00f3n de jugar en una liga distinta. Mientras otros miraban el reloj, \u00e9l miraba el horizonte. Cuando Par\u00eds lo coron\u00f3, ya nadie dudaba: era el due\u00f1o absoluto del Tour moderno. Pero <strong>Pogacar <\/strong>no se conforma. Apenas unas semanas despu\u00e9s, en Kigali, arranc\u00f3 el Mundial con la misma avidez con la que un ni\u00f1o se lanza a por un juguete nuevo. Atac\u00f3 a 104 kil\u00f3metros de meta, sin c\u00e1lculo, sin miedo, como si el mundo entero fuera solo una carretera cuesta arriba y \u00e9l la conociera de memoria. Ni <strong>Juan Ayuso ni Isaac del Toro,<\/strong> compa\u00f1eros de equipo y rivales de selecci\u00f3n, lograron sostenerle el pulso. Se qued\u00f3 solo, acompa\u00f1ado \u00fanicamente por su cadencia suave sobre los adoquines africanos. Y as\u00ed, en solitario, volvi\u00f3 a vestirse de arco\u00edris. El bicampeonato mundial consecutivo lo sit\u00faa en un territorio reservado a los semidioses.<\/p>\n<p>As\u00ed gan\u00f3 Pogacar el Mundial de Ruanda 2025<\/p>\n<p data-mrf-recirculation=\"Links P\u00e1rrafos\" class=\"ue-c-article__paragraph paragraph\"><strong>Eddy Merckx, Peter Sagan, Alfredo Binda, \u00d3scar Freire\u2026<\/strong> nombres que se pronuncian con reverencia. Pogacar ya est\u00e1 all\u00ed, con la ventaja de que apenas tiene 27 a\u00f1os y todav\u00eda le quedan temporadas enteras por devorar. La estad\u00edstica es ya deslumbrante: cuatro Tours, dos Mundiales seguidos, cuatro <strong>Lombard\u00edas, dos Flandes, dos Liejas, tres Strade.<\/strong> Y la sensaci\u00f3n de que cada meta es solo el pr\u00f3logo de la siguiente. Ahora el foco se traslada a Francia, donde el Campeonato de Europa pondr\u00e1 a prueba otra vez su voracidad.<\/p>\n<p>El momento en el que Pogacar fren\u00f3&#8230; \u00bfpara ir a los ba\u00f1os?<\/p>\n<p data-mrf-recirculation=\"Links P\u00e1rrafos\" class=\"ue-c-article__paragraph paragraph\">El recorrido, con trece ascensiones y un \u00faltimo muro que parece dise\u00f1ado para h\u00e9roes, ser\u00e1 el nuevo campo de batalla. All\u00ed espera <strong>Remco Evenepoel, herido en Kigali<\/strong> y con ganas de revancha. All\u00ed se asomar\u00e1 <strong>Jonas Vingegaard<\/strong>, el antagonista perfecto, con su fr\u00eda resistencia n\u00f3rdica. Y tambi\u00e9n <strong>Pedersen, Almeida o Skjelmose,<\/strong> que aportar\u00e1n p\u00f3lvora al fuego. Para Pogacar, conquistar el oro continental en ruta ser\u00eda a\u00f1adir un matiz que a\u00fan no brilla en su palmar\u00e9s. Un objetivo menor para algunos, pero no para quien convierte cada carrera en un cap\u00edtulo de epopeya. Y despu\u00e9s, como broche a la temporada, se alzar\u00e1 Lombard\u00eda.<\/p>\n<p data-mrf-recirculation=\"Links P\u00e1rrafos\" class=\"ue-c-article__paragraph paragraph\"><strong>Mirando al futuro<\/strong><\/p>\n<p data-mrf-recirculation=\"Links P\u00e1rrafos\" class=\"ue-c-article__paragraph paragraph\">La cl\u00e1sica de las hojas muertas, la carrera donde la melancol\u00eda se mezcla con el sufrimiento. <strong>Pogacar <\/strong>la ha ganado cuatro veces seguidas, algo que ni <strong>Coppi ni Merckx <\/strong>consiguieron. Una quinta victoria lo fundir\u00eda para siempre con la esencia de esa carrera. El oto\u00f1o italiano parece esperarle como un ritual, como si el calendario se doblegara a su voluntad. Lo fascinante de Pogacar no es solo que gane, sino que lo haga siempre con un aura de descubrimiento.\u00a0<\/p>\n<p>As\u00ed dobl\u00f3 Remco a Pogacar en plena crono mundialista<\/p>\n<p data-mrf-recirculation=\"Links P\u00e1rrafos\" class=\"ue-c-article__paragraph paragraph\">Cada triunfo parece inaugurar un territorio nuevo, como si todav\u00eda no hubi\u00e9ramos visto todo lo que puede dar. El Tour fue un cl\u00edmax, el Mundial una confirmaci\u00f3n, y lo que viene \u2014Europeo y Lombard\u00eda\u2014 es la promesa de que la rueda seguir\u00e1 girando hacia lo desconocido.<\/p>\n","protected":false},"excerpt":{"rendered":"Pogacar, el ciclista que no conoce el l\u00edmite El ciclismo siempre ha vivido de relatos imposibles, de gestas&hellip;\n","protected":false},"author":2,"featured_media":148355,"comment_status":"","ping_status":"","sticky":false,"template":"","format":"standard","meta":{"footnotes":""},"categories":[273],"tags":[313,312,168,25,24,23,167],"class_list":{"0":"post-148354","1":"post","2":"type-post","3":"status-publish","4":"format-standard","5":"has-post-thumbnail","7":"category-ciclismo","8":"tag-ciclismo","9":"tag-cycling","10":"tag-deportes","11":"tag-es","12":"tag-espana","13":"tag-spain","14":"tag-sports"},"share_on_mastodon":{"url":"","error":""},"_links":{"self":[{"href":"https:\/\/www.europesays.com\/es\/wp-json\/wp\/v2\/posts\/148354","targetHints":{"allow":["GET"]}}],"collection":[{"href":"https:\/\/www.europesays.com\/es\/wp-json\/wp\/v2\/posts"}],"about":[{"href":"https:\/\/www.europesays.com\/es\/wp-json\/wp\/v2\/types\/post"}],"author":[{"embeddable":true,"href":"https:\/\/www.europesays.com\/es\/wp-json\/wp\/v2\/users\/2"}],"replies":[{"embeddable":true,"href":"https:\/\/www.europesays.com\/es\/wp-json\/wp\/v2\/comments?post=148354"}],"version-history":[{"count":0,"href":"https:\/\/www.europesays.com\/es\/wp-json\/wp\/v2\/posts\/148354\/revisions"}],"wp:featuredmedia":[{"embeddable":true,"href":"https:\/\/www.europesays.com\/es\/wp-json\/wp\/v2\/media\/148355"}],"wp:attachment":[{"href":"https:\/\/www.europesays.com\/es\/wp-json\/wp\/v2\/media?parent=148354"}],"wp:term":[{"taxonomy":"category","embeddable":true,"href":"https:\/\/www.europesays.com\/es\/wp-json\/wp\/v2\/categories?post=148354"},{"taxonomy":"post_tag","embeddable":true,"href":"https:\/\/www.europesays.com\/es\/wp-json\/wp\/v2\/tags?post=148354"}],"curies":[{"name":"wp","href":"https:\/\/api.w.org\/{rel}","templated":true}]}}