{"id":148370,"date":"2025-09-30T10:39:10","date_gmt":"2025-09-30T10:39:10","guid":{"rendered":"https:\/\/www.europesays.com\/es\/148370\/"},"modified":"2025-09-30T10:39:10","modified_gmt":"2025-09-30T10:39:10","slug":"la-justicia-anula-la-inhabilitacion-del-tad-a-pedro-rocha-que-le-impidio-presentarse-a-las-elecciones-de-la-rfef","status":"publish","type":"post","link":"https:\/\/www.europesays.com\/es\/148370\/","title":{"rendered":"La Justicia anula la inhabilitaci\u00f3n del TAD a Pedro Rocha que le impidi\u00f3 presentarse a las elecciones de la RFEF"},"content":{"rendered":"<p>La Audiencia Nacional ha dado la raz\u00f3n al expresidente de la Real Federaci\u00f3n Espa\u00f1ola de F\u00fatbol Pedro Rocha y ha anulado la inhabilitaci\u00f3n que en su d\u00eda le impuso el Tribunal Administrativo del Deporte, por la que no pudo presentarse a las elecciones que gan\u00f3 Rafael Louz\u00e1n.<\/p>\n<p>El juez del caso ha considerado que la decisi\u00f3n del<strong> TAD fue \u00abcontraria a derecho\u00bb <\/strong>por haber \u00abcreada indefensi\u00f3n\u00bb en Rocha por no haber atendido a las alegaciones que present\u00f3 para poder ser candidato oficial a la presidencia de la RFEF, seg\u00fan dicta el auto al que ha podido tener acceso RTVE.<\/p>\n<p>Adem\u00e1s, el magistrado ha ordenado la \u00abretroacci\u00f3n de actuaciones al momento anterior al dictado de la resoluci\u00f3n sancionadora\u00bb del TAD, por lo que ahora, este organismo del deporte deber\u00e1 <strong>tener en cuenta las alegaciones y pruebas presentadas<\/strong> por Rocha \u00aben tiempo y forma\u00bb y \u00abdeber\u00e1 volver a resolver con libertar de criterio, pero conforme a derecho\u00bb.<\/p>\n<p>Tambi\u00e9n ha condenado al Tribunal de Arbitraje del Deporte al pago de las costas.<\/p>\n<p>El que fuese presidente del m\u00e1ximo organismo del f\u00fatbol espa\u00f1ol fue inhabilitado por el TAD durante dos a\u00f1os por haberse extralimitado en sus funciones como presidente de la Comisi\u00f3n Gestora de la RFEF al decidir el despido del anterior secretario general, Andreu Camps. Tambi\u00e9n le impuso una multa econ\u00f3mica de 33.000 euros.<\/p>\n<p>El dirigente extreme\u00f1o recurri\u00f3 esta sanci\u00f3n ante el Juzgado Central de lo Contencioso n\u00famero 2, que <a href=\"https:\/\/www.rtve.es\/deportes\/20240903\/pedro-rocha-no-podra-presentarse-a-elecciones-a-rfef-ser-denegada-cautelar-sobre-su-inhabilitacion\/16234723.shtml\" rel=\"nofollow noopener\" target=\"_blank\">desestim\u00f3 su reclamaci\u00f3n<\/a> el 3 de septiembre de 2024, porque <strong>no hab\u00edan sido convocadas entonces las elecciones<\/strong>, y volvi\u00f3 a recurrir al mismo juzgado, una vez hecha la convocatoria, aunque de nuevo vio desestimada su solicitud el d\u00eda 20 de noviembre del a\u00f1o pasado.<\/p>\n","protected":false},"excerpt":{"rendered":"La Audiencia Nacional ha dado la raz\u00f3n al expresidente de la Real Federaci\u00f3n Espa\u00f1ola de F\u00fatbol Pedro Rocha&hellip;\n","protected":false},"author":2,"featured_media":148371,"comment_status":"","ping_status":"","sticky":false,"template":"","format":"standard","meta":{"footnotes":""},"categories":[93],"tags":[168,25,24,23,167],"class_list":{"0":"post-148370","1":"post","2":"type-post","3":"status-publish","4":"format-standard","5":"has-post-thumbnail","7":"category-deportes","8":"tag-deportes","9":"tag-es","10":"tag-espana","11":"tag-spain","12":"tag-sports"},"share_on_mastodon":{"url":"","error":""},"_links":{"self":[{"href":"https:\/\/www.europesays.com\/es\/wp-json\/wp\/v2\/posts\/148370","targetHints":{"allow":["GET"]}}],"collection":[{"href":"https:\/\/www.europesays.com\/es\/wp-json\/wp\/v2\/posts"}],"about":[{"href":"https:\/\/www.europesays.com\/es\/wp-json\/wp\/v2\/types\/post"}],"author":[{"embeddable":true,"href":"https:\/\/www.europesays.com\/es\/wp-json\/wp\/v2\/users\/2"}],"replies":[{"embeddable":true,"href":"https:\/\/www.europesays.com\/es\/wp-json\/wp\/v2\/comments?post=148370"}],"version-history":[{"count":0,"href":"https:\/\/www.europesays.com\/es\/wp-json\/wp\/v2\/posts\/148370\/revisions"}],"wp:featuredmedia":[{"embeddable":true,"href":"https:\/\/www.europesays.com\/es\/wp-json\/wp\/v2\/media\/148371"}],"wp:attachment":[{"href":"https:\/\/www.europesays.com\/es\/wp-json\/wp\/v2\/media?parent=148370"}],"wp:term":[{"taxonomy":"category","embeddable":true,"href":"https:\/\/www.europesays.com\/es\/wp-json\/wp\/v2\/categories?post=148370"},{"taxonomy":"post_tag","embeddable":true,"href":"https:\/\/www.europesays.com\/es\/wp-json\/wp\/v2\/tags?post=148370"}],"curies":[{"name":"wp","href":"https:\/\/api.w.org\/{rel}","templated":true}]}}