{"id":148380,"date":"2025-09-30T10:45:08","date_gmt":"2025-09-30T10:45:08","guid":{"rendered":"https:\/\/www.europesays.com\/es\/148380\/"},"modified":"2025-09-30T10:45:08","modified_gmt":"2025-09-30T10:45:08","slug":"comunicado-de-global-movement-to-gaza-carta-a-los-sindicatos-del-estado-espanol","status":"publish","type":"post","link":"https:\/\/www.europesays.com\/es\/148380\/","title":{"rendered":"Comunicado de Global Movement to Gaza. Carta a los sindicatos del Estado espa\u00f1ol"},"content":{"rendered":"<p>Desde el Global Movement to Gaza en el Estado Espa\u00f1ol &#8211; como parte de la Global Sumud Flotilla &#8211; y la Red Solidaria contra la Ocupaci\u00f3n de Palestina, queremos compartir con los sindicatos la urgencia de los momentos que afrontamos, as\u00ed como la necesidad de actuar conjuntamente ante el brutal salto en el genocidio del pueblo palestino.<\/p>\n<p>Los ataques y amenazas crecientes que est\u00e1 recibiendo la flotilla son solamente una muestra m\u00e1s de hasta d\u00f3nde est\u00e1 dispuesto a llegar Israel para acabar con el pueblo palestino y quienes lo apoyamos en todo el mundo. El d\u00eda 15 de octubre, CCOO y UGT han convocado paros parciales en los centros de trabajo y, si bien saludamos la iniciativa, consideramos que queda muy lejos de aquello que la situaci\u00f3n requiere y la responsabilidad que tienen.<\/p>\n<p>En este marco, hacemos un llamamiento a todos los sindicatos, especialmente a los sindicatos alternativos que acompa\u00f1an y apoyan todas las movilizaciones. Es hora de convertir esa jornada del 15 de octubre en una huelga de 24 horas para paralizarlo todo. Sabemos que no es imposible. Recientemente, la USB logr\u00f3 una gran jornada de huelga en Italia en uni\u00f3n con el movimiento por Palestina e incluso la CGIL est\u00e1 llamando a parar en los pr\u00f3ximos d\u00edas.<\/p>\n<p>En el Estado Espa\u00f1ol, trabajadores y trabajadoras de la educaci\u00f3n y la sanidad, periodistas, bomberos, juristas o artistas se est\u00e1n posicionando y organizando en solidaridad con Palestina. En Catalunya, la IAC y la Intersindical-CSC han convocado huelga general para el 15 octubre al igual que ha hecho la CUT para Galicia. En Euskadi, los sindicatos, LAB, Steilas, Solidari, Etxalde, Hiru, CCOO Euskadi y UGT Euskadi ya han anunciado un paro general para esa misma jornada. Desde el movimiento estudiantil, se est\u00e1 preparando una huelga para los d\u00edas pr\u00f3ximos al posible asalto de la flotilla. En Catalunya, esta convocatoria es extensiva a toda la comunidad educativa, incluyendo personal docente y no docente.<\/p>\n<p>M\u00e1s del 80% de la poblaci\u00f3n en el Estado Espa\u00f1ol considera que se est\u00e1 cometiendo un genocidio. No les estamos pidiendo a los sindicatos que act\u00faen por su cuenta, sino que tomen en sus manos el sentir creciente de una sociedad que pide responder ante la barbarie.<\/p>\n<p>\u2022 Por ello, le exigimos al Gobierno espa\u00f1ol y a la Uni\u00f3n Europea las siguientes demandas:<\/p>\n<p>\u2022 Fin del bloqueo ilegal a Gaza y apertura de un corredor humanitario<\/p>\n<p>\u2022 Ruptura de todas las relaciones institucionales, diplom\u00e1ticas, econ\u00f3micas, acad\u00e9micas y deportivas con Israel<\/p>\n<p>\u2022 Fin inmediato de la compraventa de armas con Israel, as\u00ed como del comercio con tecnolog\u00eda de seguridad y militar israel\u00ed, lo cual debe incluir el paso de dichos materiales por territorio nacional<\/p>\n<p>\u2022 Basta de criminalizar y perseguir la protesta en solidaridad con Palestina. Derogar la Ley Mordaza es vital para defender nuestro derecho democr\u00e1tico a la protesta.<\/p>\n<p>Las y los trabajadores han demostrado su fuerza para moverlo y pararlo todo; es ah\u00ed donde est\u00e1n nuestras fuerzas si queremos parar la masacre. Los mismos gobiernos c\u00f3mplices del genocidio son aquellos que descargan las crisis sobre nuestros hombros y nos quieren preparar para nuevas guerras en nombre de la paz. Hoy, la lucha de la clase trabajadora de todo el mundo est\u00e1 unida a la del pueblo palestino.<\/p>\n<p>Un fuerte abrazo.<\/p>\n<p><strong>Global Movement to &#8211; Gaza Estado Espa\u00f1ol <\/strong><\/p>\n<p><strong>Barcelona, 29 de septiembre de 2025<\/strong><\/p>\n","protected":false},"excerpt":{"rendered":"Desde el Global Movement to Gaza en el Estado Espa\u00f1ol &#8211; como parte de la Global Sumud Flotilla&hellip;\n","protected":false},"author":2,"featured_media":148381,"comment_status":"","ping_status":"","sticky":false,"template":"","format":"standard","meta":{"footnotes":""},"categories":[8],"tags":[17,18,25,24,13,14,11,19,20,9,10,15,16,23,12,21,22],"class_list":{"0":"post-148380","1":"post","2":"type-post","3":"status-publish","4":"format-standard","5":"has-post-thumbnail","7":"category-espana","8":"tag-breaking-news","9":"tag-breakingnews","10":"tag-es","11":"tag-espana","12":"tag-featured-news","13":"tag-featurednews","14":"tag-headlines","15":"tag-latest-news","16":"tag-latestnews","17":"tag-news","18":"tag-noticias","19":"tag-noticias-destacadas","20":"tag-noticiasdestacadas","21":"tag-spain","22":"tag-titulares","23":"tag-ultimas-noticias","24":"tag-ultimasnoticias"},"share_on_mastodon":{"url":"","error":""},"_links":{"self":[{"href":"https:\/\/www.europesays.com\/es\/wp-json\/wp\/v2\/posts\/148380","targetHints":{"allow":["GET"]}}],"collection":[{"href":"https:\/\/www.europesays.com\/es\/wp-json\/wp\/v2\/posts"}],"about":[{"href":"https:\/\/www.europesays.com\/es\/wp-json\/wp\/v2\/types\/post"}],"author":[{"embeddable":true,"href":"https:\/\/www.europesays.com\/es\/wp-json\/wp\/v2\/users\/2"}],"replies":[{"embeddable":true,"href":"https:\/\/www.europesays.com\/es\/wp-json\/wp\/v2\/comments?post=148380"}],"version-history":[{"count":0,"href":"https:\/\/www.europesays.com\/es\/wp-json\/wp\/v2\/posts\/148380\/revisions"}],"wp:featuredmedia":[{"embeddable":true,"href":"https:\/\/www.europesays.com\/es\/wp-json\/wp\/v2\/media\/148381"}],"wp:attachment":[{"href":"https:\/\/www.europesays.com\/es\/wp-json\/wp\/v2\/media?parent=148380"}],"wp:term":[{"taxonomy":"category","embeddable":true,"href":"https:\/\/www.europesays.com\/es\/wp-json\/wp\/v2\/categories?post=148380"},{"taxonomy":"post_tag","embeddable":true,"href":"https:\/\/www.europesays.com\/es\/wp-json\/wp\/v2\/tags?post=148380"}],"curies":[{"name":"wp","href":"https:\/\/api.w.org\/{rel}","templated":true}]}}