{"id":148382,"date":"2025-09-30T10:46:21","date_gmt":"2025-09-30T10:46:21","guid":{"rendered":"https:\/\/www.europesays.com\/es\/148382\/"},"modified":"2025-09-30T10:46:21","modified_gmt":"2025-09-30T10:46:21","slug":"cuidar-de-quienes-envejecen-hoy-es-cuidar-de-quienes-seremos-manana","status":"publish","type":"post","link":"https:\/\/www.europesays.com\/es\/148382\/","title":{"rendered":"cuidar de quienes envejecen hoy es cuidar de quienes seremos ma\u00f1ana"},"content":{"rendered":"<p>Cada 1 de octubre se celebra el <strong>D\u00eda Internacional de las Personas de Edad<\/strong>, una fecha proclamada por Naciones Unidas para reconocer la contribuci\u00f3n de las personas mayores a nuestras sociedades y poner el foco en los retos que plantea el envejecimiento de la poblaci\u00f3n.<\/p>\n<p>El envejecimiento es un fen\u00f3meno global. Seg\u00fan datos de la ONU, en 2050 habr\u00e1 m\u00e1s de 1.600 millones de personas mayores de 65 a\u00f1os en el mundo, el doble que en la actualidad. En Espa\u00f1a, m\u00e1s del 20 % de la poblaci\u00f3n ya tiene m\u00e1s de 65 a\u00f1os y se prev\u00e9 que en tres d\u00e9cadas esta cifra alcance casi un tercio de la poblaci\u00f3n total.<\/p>\n<p>Vivimos m\u00e1s a\u00f1os que nunca. La esperanza de vida ha aumentado de forma notable en las \u00faltimas d\u00e9cadas, un logro que refleja avances en salud, ciencia y calidad de vida. Sin embargo, <strong>m\u00e1s a\u00f1os no siempre significan m\u00e1s bienestar<\/strong>. La soledad no deseada, la fragilidad econ\u00f3mica, la brecha digital o la falta de modelos de vivienda adecuados son desaf\u00edos reales que afectan a millones de personas mayores en todo el mundo.<\/p>\n<p>Ante esta realidad, <strong>Accem trabaja desde hace m\u00e1s de una d\u00e9cada para acompa\u00f1ar, apoyar y promover un envejecimiento activo, digno y saludable<\/strong>, a trav\u00e9s de programas espec\u00edficos, atenci\u00f3n directa y acciones de sensibilizaci\u00f3n.<\/p>\n<p><strong>Retos del envejecimiento<\/strong><\/p>\n<p>El envejecimiento de la poblaci\u00f3n nos sit\u00faa ante importantes retos colectivos:<\/p>\n<p><strong>Soledad y aislamiento social<\/strong><\/p>\n<p>La soledad no deseada es uno de los mayores riesgos para la salud f\u00edsica y emocional. No se trata \u00fanicamente de vivir solos, sino de carecer de relaciones y compa\u00f1\u00eda en la vida cotidiana. Estudios recientes demuestran que la soledad prolongada puede afectar al sistema inmunitario, aumentar el riesgo de enfermedades cardiovasculares y reducir la esperanza de vida. Prevenir y reducir el aislamiento debe ser, por tanto, una prioridad social.<\/p>\n<p><strong>Brecha digital<\/strong><\/p>\n<p>En una sociedad cada vez m\u00e1s digitalizada, muchas personas mayores quedan al margen de servicios b\u00e1sicos, gestiones administrativas y, lo m\u00e1s importante, de la comunicaci\u00f3n con sus seres queridos. Aprender a usar un tel\u00e9fono m\u00f3vil o una aplicaci\u00f3n no es solo una cuesti\u00f3n tecnol\u00f3gica: es un factor de inclusi\u00f3n, autonom\u00eda y autoestima.<\/p>\n<p><strong>Vivienda y entorno<\/strong><\/p>\n<p>La mayor\u00eda de las personas mayores quiere envejecer en su hogar o en un entorno comunitario. Sin embargo, muchas viviendas no est\u00e1n adaptadas a las necesidades de la edad, y la oferta de modelos alternativos es todav\u00eda limitada. Es necesario repensar c\u00f3mo queremos vivir los \u00faltimos a\u00f1os de nuestra vida, fomentando soluciones que combinen independencia, compa\u00f1\u00eda y cuidado.<\/p>\n<p><strong>Entornos rurales<\/strong><\/p>\n<p>En la llamada Espa\u00f1a vaciada, el acceso a servicios b\u00e1sicos, transporte y actividades es a\u00fan m\u00e1s limitado. En muchos municipios, la poblaci\u00f3n mayor es mayor\u00eda y, a menudo, se enfrenta a una doble dificultad: la de la edad y la de la falta de recursos cercanos. Esto incrementa la vulnerabilidad y exige programas espec\u00edficos que lleguen al territorio.<\/p>\n<p>Estos desaf\u00edos requieren <strong>soluciones innovadoras y un compromiso firme de toda la sociedad<\/strong>: administraciones, entidades sociales y ciudadan\u00eda.<\/p>\n<p><img loading=\"lazy\" decoding=\"async\" data-attachment-id=\"72028\" data-permalink=\"https:\/\/www.accem.es\/dia-internacional-de-las-personas-de-edad-cuidar-de-quienes-envejecen-hoy-es-cuidar-de-quienes-seremos-manana\/dia-personas-de-edad-2025-2\/\" data-orig-file=\"https:\/\/www.europesays.com\/es\/wp-content\/uploads\/2025\/09\/D\u00eda-personas-de-edad-2025-2.png\" data-orig-size=\"845,321\" data-comments-opened=\"0\" data-image-meta=\"{&quot;aperture&quot;:&quot;0&quot;,&quot;credit&quot;:&quot;&quot;,&quot;camera&quot;:&quot;&quot;,&quot;caption&quot;:&quot;&quot;,&quot;created_timestamp&quot;:&quot;0&quot;,&quot;copyright&quot;:&quot;&quot;,&quot;focal_length&quot;:&quot;0&quot;,&quot;iso&quot;:&quot;0&quot;,&quot;shutter_speed&quot;:&quot;0&quot;,&quot;title&quot;:&quot;&quot;,&quot;orientation&quot;:&quot;0&quot;}\" data-image-title=\"D\u00eda personas de edad 2025 (2)\" data-image-description=\"\" data-medium-file=\"https:\/\/www.accem.es\/wp-content\/uploads\/2025\/09\/D\u00eda-personas-de-edad-2025-2-300x114.png\" data-large-file=\"https:\/\/www.europesays.com\/es\/wp-content\/uploads\/2025\/09\/D\u00eda-personas-de-edad-2025-2.png\" class=\"size-full wp-image-72028 aligncenter\" src=\"https:\/\/www.europesays.com\/es\/wp-content\/uploads\/2025\/09\/D\u00eda-personas-de-edad-2025-2.png\" alt=\"\" width=\"845\" height=\"321\"  \/><\/p>\n<p><strong>La respuesta de Accem<\/strong><\/p>\n<p>En Accem entendemos el envejecimiento como una <strong>etapa de oportunidades y derechos<\/strong>, no como un problema. Nuestro trabajo con las personas mayores parte de una idea fundamental: cada persona tiene derecho a una vejez activa, acompa\u00f1ada y digna.<\/p>\n<p><strong>Impacto y cifras recientes<\/strong><\/p>\n<p>En <strong>2024<\/strong>, Accem atendi\u00f3 a <strong>5.372 personas mayores de 65 a\u00f1os<\/strong>, de las cuales el <strong>65 % fueron mujeres<\/strong> y el <strong>35 % hombres<\/strong>. Se trata de un colectivo diverso: se apoy\u00f3 a personas de <strong>54 nacionalidades distintas<\/strong>, aunque la gran mayor\u00eda (74 %) eran de nacionalidad espa\u00f1ola. Adem\u00e1s, el <strong>78 % de las personas mayores atendidas particip\u00f3 en programas espec\u00edficamente dise\u00f1ados para este colectivo<\/strong>.<\/p>\n<p>En lo que llevamos de <strong>2025<\/strong> (del 1 de enero al 31 de agosto), <strong>3.213 personas mayores<\/strong> han participado ya en los programas de Accem, con porcentajes similares de participaci\u00f3n por g\u00e9nero (<strong>66 % mujeres<\/strong> y <strong>34 % hombres<\/strong>).<\/p>\n<p>Estas cifras confirman no solo la magnitud del trabajo de Accem con las personas mayores, sino tambi\u00e9n la necesidad creciente de reforzar y ampliar los programas destinados a este grupo de poblaci\u00f3n.<\/p>\n<p><strong>Acompa\u00f1amiento y participaci\u00f3n<\/strong><br \/>\n<strong>Formaci\u00f3n digital: RedGener@<\/strong><\/p>\n<p>Con el proyecto <strong>RedGener@<\/strong>, que desarrollamos en Asturias, se ofrece formaci\u00f3n en competencias digitales adaptada al ritmo y las necesidades de las personas mayores. Se ense\u00f1a desde lo m\u00e1s b\u00e1sico \u2014encender un tel\u00e9fono m\u00f3vil, usar WhatsApp o pedir una cita m\u00e9dica online\u2014 hasta aplicaciones m\u00e1s complejas. El programa es adem\u00e1s <strong>intergeneracional<\/strong>: j\u00f3venes migrantes ejercen de formadores y acompa\u00f1antes, generando v\u00ednculos positivos y rompiendo prejuicios.<\/p>\n<p><strong>Vivienda colaborativa: GERAS<\/strong><\/p>\n<p>En Avil\u00e9s, Accem impulsa <strong>GERAS<\/strong>, un modelo de vivienda colaborativa que combina autonom\u00eda y convivencia. Cada persona mantiene su espacio privado, pero comparte zonas comunes, actividades y decisiones. Se fomenta as\u00ed una comunidad de apoyo mutuo que combate la soledad y promueve la autogesti\u00f3n, planteando una alternativa innovadora al modelo residencial tradicional.<\/p>\n<p><strong>Alimentaci\u00f3n y cuidado en el entorno rural: Como en Casa<\/strong><\/p>\n<p>El programa <strong>\u201cComo en Casa\u201d<\/strong>, gestionado por Accem, sigue atendiendo a personas mayores y en situaci\u00f3n de vulnerabilidad en el medio rural de Guadalajara. Hasta el 25 de septiembre, se ha atendido en lo que va de a\u00f1o a <strong>652 personas<\/strong> (356 hombres y 296 mujeres) en <strong>151 localidades<\/strong>, con un total de <strong>119.275 men\u00fas repartidos<\/strong>. El programa cuenta con <strong>9 proveedores locales<\/strong>, garantizando comida saludable y acompa\u00f1amiento social, y cada participante recibe seguimiento adaptado a sus necesidades.<\/p>\n<p>Este enfoque integral promueve <strong>bienestar, autonom\u00eda y envejecimiento activo<\/strong>, al mismo tiempo que fortalece la econom\u00eda local y la cohesi\u00f3n social en los municipios rurales donde opera.<\/p>\n<p><strong>Bienestar mental y prevenci\u00f3n del suicidio<\/strong><\/p>\n<p>Accem impulsa tambi\u00e9n un programa pionero en municipios de Guadalajara centrado en la <strong>promoci\u00f3n del bienestar mental y la prevenci\u00f3n del suicidio en personas mayores del medio rural<\/strong>, ofreciendo talleres psicosociales grupales y atenci\u00f3n psicol\u00f3gica individual.<\/p>\n<p><strong>Herramientas para el envejecimiento activo<\/strong><\/p>\n<p>Accem ha desarrollado materiales espec\u00edficos, como los cuadernos <strong>\u201cMente y cuerpo en forma\u201d<\/strong>, con ejercicios de estimulaci\u00f3n cognitiva, actividad f\u00edsica y h\u00e1bitos saludables. Estas herramientas refuerzan los programas y ofrecen continuidad a las personas mayores m\u00e1s all\u00e1 de las actividades presenciales.<\/p>\n<p><img loading=\"lazy\" decoding=\"async\" data-attachment-id=\"72029\" data-permalink=\"https:\/\/www.accem.es\/dia-internacional-de-las-personas-de-edad-cuidar-de-quienes-envejecen-hoy-es-cuidar-de-quienes-seremos-manana\/dias-personas-de-edad-2025-3\/\" data-orig-file=\"https:\/\/www.europesays.com\/es\/wp-content\/uploads\/2025\/09\/Dias-personas-de-edad-2025-3.png\" data-orig-size=\"845,321\" data-comments-opened=\"0\" data-image-meta=\"{&quot;aperture&quot;:&quot;0&quot;,&quot;credit&quot;:&quot;&quot;,&quot;camera&quot;:&quot;&quot;,&quot;caption&quot;:&quot;&quot;,&quot;created_timestamp&quot;:&quot;0&quot;,&quot;copyright&quot;:&quot;&quot;,&quot;focal_length&quot;:&quot;0&quot;,&quot;iso&quot;:&quot;0&quot;,&quot;shutter_speed&quot;:&quot;0&quot;,&quot;title&quot;:&quot;&quot;,&quot;orientation&quot;:&quot;0&quot;}\" data-image-title=\"Dias personas de edad 2025 (3)\" data-image-description=\"\" data-medium-file=\"https:\/\/www.accem.es\/wp-content\/uploads\/2025\/09\/Dias-personas-de-edad-2025-3-300x114.png\" data-large-file=\"https:\/\/www.europesays.com\/es\/wp-content\/uploads\/2025\/09\/Dias-personas-de-edad-2025-3.png\" class=\"size-full wp-image-72029 aligncenter\" src=\"https:\/\/www.europesays.com\/es\/wp-content\/uploads\/2025\/09\/Dias-personas-de-edad-2025-3.png\" alt=\"\" width=\"845\" height=\"321\"  \/><\/p>\n<p><strong>Protagonistas de la sociedad<\/strong><\/p>\n<p>Las personas mayores no solo necesitan cuidados; tambi\u00e9n aportan saber, memoria y compromiso. Han sostenido nuestras familias, nuestras comunidades y nuestra cultura. Su papel es esencial y deben seguir ocupando un lugar central en la sociedad.<\/p>\n<p>El envejecimiento, adem\u00e1s, es un <strong>reto compartido<\/strong>: todas y todos, si tenemos suerte, seremos personas mayores alg\u00fan d\u00eda. Por ello, promover el respeto, la participaci\u00f3n y la integraci\u00f3n de este colectivo no es solo una cuesti\u00f3n \u00e9tica, sino una inversi\u00f3n social.<\/p>\n<p><strong>Mirando al futuro<\/strong><\/p>\n<p>El envejecimiento es un reto, pero tambi\u00e9n una oportunidad. Nos invita a repensar nuestras ciudades \u2014m\u00e1s accesibles, seguras y amigables con la edad\u2014, nuestros servicios sociales, nuestras redes de apoyo y nuestras relaciones personales.<\/p>\n<p>En Accem seguiremos trabajando para que cada a\u00f1o que se sume a la vida sea tambi\u00e9n un a\u00f1o de bienestar, compa\u00f1\u00eda y dignidad. Queremos construir una sociedad que cuide, valore y respete a las personas mayores, reconociendo su papel y asegurando que puedan disfrutar de una vejez activa, acompa\u00f1ada y plena.<\/p>\n<p>Porque <strong>cuidar de quienes envejecen hoy es, en realidad, cuidar de quienes seremos ma\u00f1ana<\/strong>.<\/p>\n<p>Si quieres conocer m\u00e1s sobre nuestro trabajo con personas mayores y los proyectos que desarrollamos, haz click <a href=\"https:\/\/www.accem.es\/personas-mayores\" rel=\"nofollow noopener\" target=\"_blank\">aqu\u00ed:<\/a><\/p>\n<p>Y si deseas colaborar, puedes hacerte socio o realizar una donaci\u00f3n <a href=\"http:\/\/yodono.accem.es\" rel=\"nofollow noopener\" target=\"_blank\">aqu\u00ed<\/a><\/p>\n","protected":false},"excerpt":{"rendered":"Cada 1 de octubre se celebra el D\u00eda Internacional de las Personas de Edad, una fecha proclamada por&hellip;\n","protected":false},"author":2,"featured_media":148383,"comment_status":"","ping_status":"","sticky":false,"template":"","format":"standard","meta":{"footnotes":""},"categories":[5],"tags":[17,18,25,24,13,14,11,19,20,9,10,15,16,23,12,21,22],"class_list":{"0":"post-148382","1":"post","2":"type-post","3":"status-publish","4":"format-standard","5":"has-post-thumbnail","7":"category-titulares","8":"tag-breaking-news","9":"tag-breakingnews","10":"tag-es","11":"tag-espana","12":"tag-featured-news","13":"tag-featurednews","14":"tag-headlines","15":"tag-latest-news","16":"tag-latestnews","17":"tag-news","18":"tag-noticias","19":"tag-noticias-destacadas","20":"tag-noticiasdestacadas","21":"tag-spain","22":"tag-titulares","23":"tag-ultimas-noticias","24":"tag-ultimasnoticias"},"share_on_mastodon":{"url":"","error":""},"_links":{"self":[{"href":"https:\/\/www.europesays.com\/es\/wp-json\/wp\/v2\/posts\/148382","targetHints":{"allow":["GET"]}}],"collection":[{"href":"https:\/\/www.europesays.com\/es\/wp-json\/wp\/v2\/posts"}],"about":[{"href":"https:\/\/www.europesays.com\/es\/wp-json\/wp\/v2\/types\/post"}],"author":[{"embeddable":true,"href":"https:\/\/www.europesays.com\/es\/wp-json\/wp\/v2\/users\/2"}],"replies":[{"embeddable":true,"href":"https:\/\/www.europesays.com\/es\/wp-json\/wp\/v2\/comments?post=148382"}],"version-history":[{"count":0,"href":"https:\/\/www.europesays.com\/es\/wp-json\/wp\/v2\/posts\/148382\/revisions"}],"wp:featuredmedia":[{"embeddable":true,"href":"https:\/\/www.europesays.com\/es\/wp-json\/wp\/v2\/media\/148383"}],"wp:attachment":[{"href":"https:\/\/www.europesays.com\/es\/wp-json\/wp\/v2\/media?parent=148382"}],"wp:term":[{"taxonomy":"category","embeddable":true,"href":"https:\/\/www.europesays.com\/es\/wp-json\/wp\/v2\/categories?post=148382"},{"taxonomy":"post_tag","embeddable":true,"href":"https:\/\/www.europesays.com\/es\/wp-json\/wp\/v2\/tags?post=148382"}],"curies":[{"name":"wp","href":"https:\/\/api.w.org\/{rel}","templated":true}]}}