{"id":148390,"date":"2025-09-30T10:52:04","date_gmt":"2025-09-30T10:52:04","guid":{"rendered":"https:\/\/www.europesays.com\/es\/148390\/"},"modified":"2025-09-30T10:52:04","modified_gmt":"2025-09-30T10:52:04","slug":"no-volvera-al-ciclocross-hasta-noviembre","status":"publish","type":"post","link":"https:\/\/www.europesays.com\/es\/148390\/","title":{"rendered":"no volver\u00e1 al ciclocross hasta noviembre"},"content":{"rendered":"<blockquote class=\"quote-card lateral\">\n<p>La temporada internacional arranca sin una de sus estrellas<\/p>\n<\/blockquote>\n<p>El ciclocross belga arrancar\u00e1 este fin de semana en Meulebeke con una ausencia de peso. Eli Iserbyt, uno de los corredores m\u00e1s destacados de la \u00faltima d\u00e9cada, no volver\u00e1 a la competici\u00f3n hasta el mes de noviembre como pronto. El ciclista de 27 a\u00f1os, pieza clave del Pauwels Sauzen \u2013 Altez Industriebouw, ha pasado por un calvario m\u00e9dico en los \u00faltimos meses tras someterse a tres operaciones para corregir una arteria femoral estrechada.<\/p>\n<p>\t Contin\u00faa tras los patrocinadores<\/p>\n<blockquote class=\"quote-card lateral\">\n<p>\u00abLo que me gustar\u00eda es disputar toda la clasificaci\u00f3n de la Copa del Mundo, que arranca el 23 de noviembre en T\u00e1bor\u00bb<\/p>\n<\/blockquote>\n<p>El propio Iserbyt relataba en la presentaci\u00f3n de su equipo\u00a0lo duro que ha sido este proceso: \u00abHa sido muy dif\u00edcil mentalmente, porque despu\u00e9s de cada operaci\u00f3n esperaba poder volver a entrenar bien y otra vez me encontraba con problemas. Pero ahora, por fin, empiezo a sentirme mejor\u00bb.<\/p>\n<p>En la presentaci\u00f3n oficial de su equipo, el belga dej\u00f3 claro que la paciencia ser\u00e1 clave: \u00abEn el mejor de los casos, volver antes del Campeonato de Europa, el 9 de noviembre, es imposible. Mi idea ser\u00eda reaparecer el d\u00eda 11, aunque ser\u00e1 complicado. Lo que me gustar\u00eda es disputar toda la clasificaci\u00f3n de la Copa del Mundo, que arranca el 23 de noviembre en T\u00e1bor. Ese es mi gran objetivo\u00bb.<\/p>\n<p>Un futuro con garant\u00edas<\/p>\n<blockquote class=\"quote-card lateral\">\n<p>Nuevo fichaje y nuevo nombre para el equipo<\/p>\n<\/blockquote>\n<p>La ausencia de Iserbyt marca el inicio del curso, pero el conjunto de Jurgen Mettepenningen tambi\u00e9n aprovech\u00f3 su puesta de largo para mostrar la solidez de su proyecto a medio plazo.<\/p>\n<p>Por un lado, anunci\u00f3 la llegada de Gerben Kuypers, que dejar\u00e1 el Intermarch\u00e9-Wanty para incorporarse el 1 de enero de 2026. El joven belga, de 25 a\u00f1os, ha firmado hasta finales de 2027, lo que refuerza el n\u00facleo de ciclistas nacionales del equipo. A su lado seguir\u00e1 Michael Vanthourenhout, que ampli\u00f3 su contrato por dos a\u00f1os m\u00e1s, hasta 2027.<\/p>\n<p>En el cap\u00edtulo de patrocinadores tambi\u00e9n llegaron buenas noticias: Pauwels Sauzen seguir\u00e1 siendo el esp\u00f3nsor principal hasta 2027 y Altez Industriebouw prolongar\u00e1 su compromiso hasta 2028. Una estabilidad que asegura al bloque la continuidad de recursos y apoyos en un calendario cada vez m\u00e1s exigente.<\/p>\n","protected":false},"excerpt":{"rendered":"La temporada internacional arranca sin una de sus estrellas El ciclocross belga arrancar\u00e1 este fin de semana en&hellip;\n","protected":false},"author":2,"featured_media":148391,"comment_status":"","ping_status":"","sticky":false,"template":"","format":"standard","meta":{"footnotes":""},"categories":[273],"tags":[313,44324,312,168,45345,25,24,23,167],"class_list":{"0":"post-148390","1":"post","2":"type-post","3":"status-publish","4":"format-standard","5":"has-post-thumbnail","7":"category-ciclismo","8":"tag-ciclismo","9":"tag-ciclocross","10":"tag-cycling","11":"tag-deportes","12":"tag-eli-iserbyt","13":"tag-es","14":"tag-espana","15":"tag-spain","16":"tag-sports"},"share_on_mastodon":{"url":"","error":""},"_links":{"self":[{"href":"https:\/\/www.europesays.com\/es\/wp-json\/wp\/v2\/posts\/148390","targetHints":{"allow":["GET"]}}],"collection":[{"href":"https:\/\/www.europesays.com\/es\/wp-json\/wp\/v2\/posts"}],"about":[{"href":"https:\/\/www.europesays.com\/es\/wp-json\/wp\/v2\/types\/post"}],"author":[{"embeddable":true,"href":"https:\/\/www.europesays.com\/es\/wp-json\/wp\/v2\/users\/2"}],"replies":[{"embeddable":true,"href":"https:\/\/www.europesays.com\/es\/wp-json\/wp\/v2\/comments?post=148390"}],"version-history":[{"count":0,"href":"https:\/\/www.europesays.com\/es\/wp-json\/wp\/v2\/posts\/148390\/revisions"}],"wp:featuredmedia":[{"embeddable":true,"href":"https:\/\/www.europesays.com\/es\/wp-json\/wp\/v2\/media\/148391"}],"wp:attachment":[{"href":"https:\/\/www.europesays.com\/es\/wp-json\/wp\/v2\/media?parent=148390"}],"wp:term":[{"taxonomy":"category","embeddable":true,"href":"https:\/\/www.europesays.com\/es\/wp-json\/wp\/v2\/categories?post=148390"},{"taxonomy":"post_tag","embeddable":true,"href":"https:\/\/www.europesays.com\/es\/wp-json\/wp\/v2\/tags?post=148390"}],"curies":[{"name":"wp","href":"https:\/\/api.w.org\/{rel}","templated":true}]}}