{"id":148406,"date":"2025-09-30T11:01:07","date_gmt":"2025-09-30T11:01:07","guid":{"rendered":"https:\/\/www.europesays.com\/es\/148406\/"},"modified":"2025-09-30T11:01:07","modified_gmt":"2025-09-30T11:01:07","slug":"george-clooney-y-adam-sandler-protagonizan-jay-kelly-el-drama-mas-esperado-de-diciembre","status":"publish","type":"post","link":"https:\/\/www.europesays.com\/es\/148406\/","title":{"rendered":"George Clooney y Adam Sandler protagonizan Jay Kelly, el drama m\u00e1s esperado de diciembre"},"content":{"rendered":"<p>El famoso actor de cine Jay Kelly (George Clooney) se embarca en un viaje de autodescubrimiento que lo lleva a enfrentar su pasado y su presente en compa\u00f1\u00eda de su fiel m\u00e1nager Ron (Adam Sandler). Una pel\u00edcula conmovedora y llena de humor que retrata la coexistencia de los arrepentimientos y los triunfos de la vida. (Netflix)<\/p>\n<p class=\"paragraph\">El esperado estreno de <b>Jay Kelly<\/b>, la nueva colaboraci\u00f3n entre el director <b>Noah Baumbach<\/b> y el actor <b>George Clooney<\/b>, llegar\u00e1 a <b>Netflix<\/b> el 5 de diciembre, tras un paso previo por cines selectos a partir del 20 de noviembre. Esta producci\u00f3n, que re\u00fane a dos figuras de renombre en la industria cinematogr\u00e1fica, explora el viaje personal de un actor famoso que, pese a su reconocimiento p\u00fablico, enfrenta una profunda crisis de identidad.<\/p>\n<p class=\"paragraph\">En el centro de la trama se encuentra <b>Jay Kelly<\/b>, interpretado por <b>George Clooney<\/b>, quien se embarca en un recorrido por Europa acompa\u00f1ado de su representante <b>Ron<\/b>, papel a cargo de <b>Adam Sandler<\/b>. A lo largo de este trayecto, ambos personajes se ven obligados a confrontar las consecuencias de sus decisiones pasadas, las complejidades de sus relaciones personales y el peso del legado que dejar\u00e1n. La pel\u00edcula, definida por su tono conmovedor y su humor sutil, oscila entre momentos de gran espectacularidad y otros de marcada intimidad, abordando los remordimientos y las glorias que marcan toda existencia.<\/p>\n<p><img alt=\"El estreno de 'Jay Kelly',\" class=\"global-image\" decoding=\"async\" fetchpriority=\"low\" height=\"2030\" loading=\"lazy\" src=\"https:\/\/www.europesays.com\/es\/wp-content\/uploads\/2025\/09\/TWKDW3OHGZA63DTQQZ6QBOCLQI.jpg\" width=\"3044\"\/>El estreno de &#8216;Jay Kelly&#8217;, dirigida por Noah Baumbach y protagonizada por George Clooney, llega a Netflix el 5 de diciembre. (Netflix)<\/p>\n<p class=\"paragraph\">El guion de <b>Jay Kelly<\/b> es fruto de la colaboraci\u00f3n entre <b>Noah Baumbach<\/b> y la actriz y guionista <b>Emily Mortimer<\/b>, quien tambi\u00e9n forma parte del elenco. La producci\u00f3n cuenta con la participaci\u00f3n de <b>David Heyman<\/b>, <b>Amy Pascal<\/b> y el propio Baumbach. La m\u00fasica original est\u00e1 compuesta por <b>Nicholas Britell<\/b>, mientras que la direcci\u00f3n de fotograf\u00eda recae en <b>Linus Sandgren<\/b>. El equipo t\u00e9cnico se completa con <b>Valerio Bonelli<\/b> y <b>Rachel Durance<\/b> en la edici\u00f3n, <b>Christopher Scarabosio<\/b> en el sonido, <b>Mark Tildesley<\/b> en el dise\u00f1o de producci\u00f3n, <b>Jacqueline Durran<\/b> en el vestuario y el casting dirigido por <b>Douglas Aibel<\/b> y <b>Nina Gold<\/b>.<\/p>\n<p class=\"paragraph\">El reparto de la pel\u00edcula destaca por su amplitud y calidad. Junto a <b>George Clooney<\/b> y <b>Adam Sandler<\/b>, figuran nombres como <b>Laura Dern<\/b>, <b>Billy Crudup<\/b>, <b>Riley Keough<\/b>, <b>Grace Edwards<\/b>, <b>Stacy Keach<\/b>, <b>Jim Broadbent<\/b>, <b>Patrick Wilson<\/b>, <b>Eve Hewson<\/b>, <b>Greta Gerwig<\/b>, <b>Alba Rohrwacher<\/b>, <b>Josh Hamilton<\/b>, <b>Lenny Henry<\/b>, <b>Emily Mortimer<\/b>, <b>Nic\u00f4le Lecky<\/b>, <b>Thaddea Graham<\/b>, <b>Isla Fisher<\/b>, <b>Louis Partridge<\/b> y <b>Charlie Rowe<\/b>. La presencia de <b>Laura Dern<\/b> y <b>Greta Gerwig<\/b> refuerza la conexi\u00f3n de Baumbach con int\u00e9rpretes habituales de su filmograf\u00eda.<\/p>\n<p><img alt=\"La pel\u00edcula explora la crisis\" class=\"global-image\" decoding=\"async\" fetchpriority=\"low\" height=\"4800\" loading=\"lazy\" src=\"https:\/\/www.europesays.com\/es\/wp-content\/uploads\/2025\/09\/VQ3E3GIF2RFWNFBDZZTQXSM34A.jpg\" width=\"7200\"\/>La pel\u00edcula explora la crisis de identidad de un actor famoso en un viaje por Europa junto a su representante. (Netflix)<\/p>\n<p class=\"paragraph\">La sinopsis oficial describe a <b>Jay Kelly<\/b> como un actor de renombre que, junto a su leal representante, se embarca en un viaje vertiginoso y profundo por Europa. Durante este recorrido, ambos deben enfrentar los resultados de sus elecciones, las relaciones con sus seres queridos y el legado que cada uno dejar\u00e1. El relato se centra en la dificultad de ser uno mismo, un tema que se refleja en la frase pronunciada por el protagonista en el avance: <b>\u201c\u00bfSabes lo dif\u00edcil que es ser uno mismo? Int\u00e9ntalo.\u201d<\/b><\/p>\n<p class=\"paragraph\">El avance de la pel\u00edcula, disponible en la plataforma, muestra a <b>George Clooney<\/b> en el papel principal, acompa\u00f1ado por <b>Adam Sandler<\/b> y <b>Laura Dern<\/b>. Tambi\u00e9n se destacan escenas que ilustran la relaci\u00f3n de Jay con su hija, interpretada por <b>Grace Edwards<\/b>, y momentos de interacci\u00f3n entre Ron y su esposa, personaje encarnado por <b>Greta Gerwig<\/b>. Las im\u00e1genes promocionales revelan a los personajes en diversos escenarios: en un tren, en un estacionamiento, firmando aut\u00f3grafos, en una fiesta, en un camerino, corriendo por bosques italianos y bajo la direcci\u00f3n de <b>Noah Baumbach<\/b>.<\/p>\n<p><img alt=\"El guion de &quot;Jay Kelly&quot;\" class=\"global-image\" decoding=\"async\" fetchpriority=\"low\" height=\"4486\" loading=\"lazy\" src=\"https:\/\/www.europesays.com\/es\/wp-content\/uploads\/2025\/09\/2P7Y7ZWH7RAV5EOQCC6SMS5G6E.jpg\" width=\"7476\"\/>El guion de \u00abJay Kelly\u00bb es una colaboraci\u00f3n entre Noah Baumbach y Emily Mortimer, quien tambi\u00e9n act\u00faa en el filme. (Netflix)<\/p>\n<p class=\"paragraph\">La trayectoria de <b>Noah Baumbach<\/b> incluye t\u00edtulos como The Meyerowitz Stories (New and Selected), Marriage Story y White Noise, todos realizados para <b>Netflix<\/b>, as\u00ed como obras previas como The Squid and the Whale, Greenberg, Margot at the Wedding, Frances Ha y Mistress America. Adem\u00e1s, Baumbach coescribi\u00f3 el guion nominado al \u00d3scar de Barbie. Por su parte, <b>Emily Mortimer<\/b> ha trabajado como guionista en series como Doll &amp; Em y The Pursuit of Love.<\/p>\n<p class=\"paragraph\">La pel\u00edcula <b>Jay Kelly<\/b> se presenta como una exploraci\u00f3n de la identidad, el arrepentimiento y la b\u00fasqueda de sentido en la vida de una figura p\u00fablica, abordando la dificultad de reconciliar el pasado con el presente y la complejidad de las relaciones personales. El estreno en <b>Netflix<\/b> est\u00e1 programado para el <b>5 de diciembre<\/b>, tras su lanzamiento en cines selectos el <b>20 de noviembre<\/b>.<\/p>\n","protected":false},"excerpt":{"rendered":"El famoso actor de cine Jay Kelly (George Clooney) se embarca en un viaje de autodescubrimiento que lo&hellip;\n","protected":false},"author":2,"featured_media":148407,"comment_status":"","ping_status":"","sticky":false,"template":"","format":"standard","meta":{"footnotes":""},"categories":[169],"tags":[177,146,147,25,24,176,175,23],"class_list":{"0":"post-148406","1":"post","2":"type-post","3":"status-publish","4":"format-standard","5":"has-post-thumbnail","7":"category-cine","8":"tag-cine","9":"tag-entertainment","10":"tag-entretenimiento","11":"tag-es","12":"tag-espana","13":"tag-film","14":"tag-movies","15":"tag-spain"},"share_on_mastodon":{"url":"","error":""},"_links":{"self":[{"href":"https:\/\/www.europesays.com\/es\/wp-json\/wp\/v2\/posts\/148406","targetHints":{"allow":["GET"]}}],"collection":[{"href":"https:\/\/www.europesays.com\/es\/wp-json\/wp\/v2\/posts"}],"about":[{"href":"https:\/\/www.europesays.com\/es\/wp-json\/wp\/v2\/types\/post"}],"author":[{"embeddable":true,"href":"https:\/\/www.europesays.com\/es\/wp-json\/wp\/v2\/users\/2"}],"replies":[{"embeddable":true,"href":"https:\/\/www.europesays.com\/es\/wp-json\/wp\/v2\/comments?post=148406"}],"version-history":[{"count":0,"href":"https:\/\/www.europesays.com\/es\/wp-json\/wp\/v2\/posts\/148406\/revisions"}],"wp:featuredmedia":[{"embeddable":true,"href":"https:\/\/www.europesays.com\/es\/wp-json\/wp\/v2\/media\/148407"}],"wp:attachment":[{"href":"https:\/\/www.europesays.com\/es\/wp-json\/wp\/v2\/media?parent=148406"}],"wp:term":[{"taxonomy":"category","embeddable":true,"href":"https:\/\/www.europesays.com\/es\/wp-json\/wp\/v2\/categories?post=148406"},{"taxonomy":"post_tag","embeddable":true,"href":"https:\/\/www.europesays.com\/es\/wp-json\/wp\/v2\/tags?post=148406"}],"curies":[{"name":"wp","href":"https:\/\/api.w.org\/{rel}","templated":true}]}}