{"id":148411,"date":"2025-09-30T11:04:04","date_gmt":"2025-09-30T11:04:04","guid":{"rendered":"https:\/\/www.europesays.com\/es\/148411\/"},"modified":"2025-09-30T11:04:04","modified_gmt":"2025-09-30T11:04:04","slug":"monica-naranjo-cuenta-en-la-revuelta-todo-sobre-su-paso-por-la-isla-de-las-tentaciones-nunca-iria-alli-con-una-pareja-la-voz-de-galicia","status":"publish","type":"post","link":"https:\/\/www.europesays.com\/es\/148411\/","title":{"rendered":"M\u00f3nica Naranjo cuenta en \u00abLa revuelta\u00bb todo sobre su paso por \u00abLa isla de las tentaciones\u00bb: \u00abNunca ir\u00eda all\u00ed con una pareja\u00bb &#8211; La Voz de Galicia"},"content":{"rendered":"<ol>\n<li><a href=\"https:\/\/news.google.com\/rss\/articles\/CBMi9gFBVV95cUxNN1V6WGpWRWs2YS0wQXdPUHBtMU4zdlBpVHRhZ29rNVJNc3ZKc0JDNDYzVkhKRS1jNUFfandNemR4dXctZDdFR0xlcjVsYV8ybGJERXBnRDZrUmFFWmU1OEVKOWFKX1kzOXhSZ0xrVlNRU0VLMV9oUnh2YnJQUnVfMFFYYWFXX0xEdDBVNDN4NS1YeWxpa1c1YjRuZWQwRy13TG9mMzNfVnh0UlhIajlWWnJOVTZfM1pPLWZiSWZxczNGbElkcXBBNktJZUNSb2ZkOC1zRzlkSWlVa2M4WWhkVUZ3OVpQemtBMno1cE85Q0FnbDJGckHSAZICQVVfeXFMUF85OURWQ3pPbnJOVjVRYlgwWm5YOUdSTUxhbmR3NjBzekoycEwtcmxwZ0FmZU1ReUk1WnZVdzdfdWtjYjVQaV9FZzY4MnZ4Nm40MllyTUNseEY3S0p5RS0wNG85X1FTWEhfNF9jcUo0djU0UGc5VDNMc0MtWWhVQUp0M1hEcnlDQlNIa0JESTZsSjRnWTU2Q3VmMUE5MkFmWFhacjRQX3V3RmxUelBFcE54WkEzRzF2bEdKRVpaSjdZVEkxMlhiTVdOVXlKcHhjU1NwbWpBMU9TQWRxbVVBNmZ4N0xabmpJTTVsOGdma1d1MXhfRU4zZWNjRHBWSkhaU2E4N1RwU0dWdUhFY3RJT1o1Zw?oc=5\" target=\"_blank\" rel=\"nofollow noopener\">M\u00f3nica Naranjo cuenta en \u00abLa revuelta\u00bb todo sobre su paso por \u00abLa isla de las tentaciones\u00bb: \u00abNunca ir\u00eda all\u00ed con una pareja\u00bb<\/a>&nbsp;&nbsp;La Voz de Galicia<\/li>\n<li><a href=\"https:\/\/news.google.com\/rss\/articles\/CBMiygFBVV95cUxOeGtTZkpYVjRtWGVHVHNFM2oyWWo3MnR5UHNlaFNwV1cydmZSa2k5VEM3dk9kNTZLVklmMnRtS3lpdUdJYlBqQjNyNXdZVVJBcDRTQ2FNZmVsOWE3SEhNaTlNVE1YbHhiUHktTXZWbUtORHlLTHllWWMtdUQ2WHUtZm5SRGxoNUMzUlV3UVNfUDAyM1prd1d0a1hmSmRHUDRkaF83NkhtRXlBc3VWdHNSeUtOSXJmdElpN3FpTGJhQnJVUzN3Vk9zUkpB?oc=5\" target=\"_blank\" rel=\"nofollow noopener\">M\u00f3nica Naranjo narr\u00f3 a Broncano c\u00f3mo vivi\u00f3 presentar las &#8216;Tentaciones&#8217;: \u00abLo que voy a contar es delicado\u00bb<\/a>&nbsp;&nbsp;elDiario.es<\/li>\n<li><a href=\"https:\/\/news.google.com\/rss\/articles\/CBMi9gFBVV95cUxNQ0JYSXZiWFJuZm5ycDk3dXRtbnhxV18xa3dfMmM1bFRoU0JGNXZ1OWVlT1EtaEtwWnFrTFFLQ2NGMjA4ZXAtZWhfQ3hNZDRRc3hQSkdTalhaRG5Pc3hCSFZWRkFQQktwZ2o0MWFuTm8yTFM5MTJVWFhqNVN5SWlRbnpyNnk1b1Jja0tiTWM2UTZMWHFxdUZoM3YtWl90dHMwYk1IUkRaQ2F0Q0tocTMtMFJodmo4dWhaQzJUeXJKemZXOXllWjBKeW1yVGtuRVZKU09EZTJDSWRCUVpUVjRVMlJTbVZzWXRKU0p2NnZoUGEtdl9fekHSAfsBQVVfeXFMUENnYlN6bTlrNWFFZXBhVkIwU1FFZGNEOHpqY0ZSTEZ2YVRjbGlQc0ZTaXF4WE1Td09aVWViVC1LZFJkLWgtSXU0YUc0UnNXVERpVkNESUZ1WEw0eU15OGc5MFNkS1owTm5YVVBzZXgwaHpvNXo5MFNqQzNCelgwdFFHdzVoWlZ4TW5qVm44clQ0WXlaR0VqeTFra3dNcU1ZZGVrMmo3eHZSNzgtdnV0WVc0UEtkOXNleU1yTURHeC1fcEtocmtmdnVrZ3RjX3k4TkdkUnBHM29KM3dWNmNrZGY4ZVNPNWRrWF9BYVhMZnlsdEl1ZE9UZEE1UlU?oc=5\" target=\"_blank\" rel=\"nofollow noopener\">\u00abEstaban desatadas\u00bb: la brutal reacci\u00f3n de M\u00f3nica Naranjo, en &#8216;La revuelta&#8217;, a la hist\u00f3rica primera edici\u00f3n de &#8216;La isla de las tentaciones&#8217;<\/a>&nbsp;&nbsp;El Confidencial<\/li>\n<li><a href=\"https:\/\/news.google.com\/rss\/articles\/CBMi7gFBVV95cUxNRy1kMlVEMGQ3dFZ5blkybFJGS0MzMXJkZ0FBbjhPbko0VzNYSnRWYnVXYTdRMXFYbXJxbW1wZDIxaFJoRk8xVTd1ZkdUd0VodldsNWlLajF6OUdlSm5LOWtVOEw1RWNXaGRWeDZqQng4MzVNZWtLWG0yX0g0cmpsblQ2S1ZZOWxRems5aV9CcXhYOXE2aG1KMGlSN1lqUHRoYmx1T3cyUmh1SzltQlZMRkxxMWl6NVhuUlB1LVVxWmxXRWN1SUlHZzVhNno3WHpvbGVaUFJKdk40Y0g2aE5Sa01pY0ZWNzlGNUtIN0F30gGCAkFVX3lxTE9UVDJnWlgyMTVoRFhLSDFaMHVUQnc0NGptRjJ5Y1lUSTlhUlljS05HeWNFR1JPVnhHZzRpekZSbzN5NEhLYnBob2ZONkc0U0dxLXdsXzV4SUVmTmNLMjhRaGFNNGZ5OGROV3BmaERhdzFEcEkza2IzbzRvdE5tM3lYM3otOTM0ejZjc1RoM0VnSnRQT2VDUnBzSW1CVmM3Z1I5ZFRpTy1JeUlDMkhfSkF1d2hmVzZweUNDelJPQlY4MkRZTlFLYzBZc3dSeDFxUWNNZDNhYWtJdlFRXzVtSVAtTmJoeWxoQmxiZ0tKOW1xV01tLUlFQXEtQ05xUjdrcFZ5Zw?oc=5\" target=\"_blank\" rel=\"nofollow noopener\">M\u00f3nica Naranjo desvela en \u2018La Revuelta\u2019 c\u00f3mo fue su experiencia en \u2018La isla de las tentaciones\u2019: \u201cPensaba que<\/a>&nbsp;&nbsp;Diario AS<\/li>\n<li><a href=\"https:\/\/news.google.com\/rss\/articles\/CBMilAJBVV95cUxOQVRrcko0d2lyczc5MEVJUzFkam1xejlrSk9EZFBwa21TQzV1VGpkSU1xWjZkN0ljaHFwcjY5ZTlDQUZNQTdwSkZhdm55UlN0LTVHNDdaR0dqN3lKNWJsYXc1eFEzSmJrYzZYbFZOUmt5VkFGbmNKbVhZcTdkX2FIeVZkbVhmeGlwOVlCS3hROTFzVkUwZkVOMW8zdmktZEMwZ05hNk5MWWZWQ2dtZ01IYzl2ckphTmR5R2k3VEMxY1VVMS04RVl2T0ZKb1pyMWwwMHpQSVA2V1lCVGZ2OVBjQlJPRl9fYlBCRENhWFRQREN6RFR4UzVLeW5tMDJKQUxmRGJ0X1hJdzVtcVM2eDB3dW8zVW3SAf8BQVVfeXFMTXVGemR2dEpCRzdxWjRLV0VtSG9fWnU0UWlNeDhudGtaV1N0NXVrenNXOG1oZUZmd0Z3VWVGS3Jra2hXV1NFbDFiMVZSWkNlUEJ6U0ZoOFRvak9MVU9PMkxqOXZiUlFrcWpyRHFZV2VkZ19WZXpaZ1E4VVY1eEJwVXZ1eGJPeUVWemNfREw0WC1DSHMyUFJ3a0pWbzIzc29aV3pmdldQdGYtT285QXZBRmhDa09IRkt6LXVpbEY3dEJFU0xHeGRwZVlLbVFOb2d2RldBRV9jMlM2Yng4ZnVubEtXbXRTSDg3UHhMd1BFb3QtX2Q1WFN2QjJHb2tudHpB?oc=5\" target=\"_blank\" rel=\"nofollow noopener\">M\u00f3nica Naranjo pone contra las cuerdas a Broncano y revela la primera impresi\u00f3n que le dio: \u00abYo ser\u00eda incapaz\u00bb<\/a>&nbsp;&nbsp;El Economista<\/li>\n<\/ol>\n","protected":false},"excerpt":{"rendered":"M\u00f3nica Naranjo cuenta en \u00abLa revuelta\u00bb todo sobre su paso por \u00abLa isla de las tentaciones\u00bb: \u00abNunca ir\u00eda&hellip;\n","protected":false},"author":2,"featured_media":148412,"comment_status":"","ping_status":"","sticky":false,"template":"","format":"standard","meta":{"footnotes":""},"categories":[91],"tags":[9029,146,147,25,24,185,23],"class_list":{"0":"post-148411","1":"post","2":"type-post","3":"status-publish","4":"format-standard","5":"has-post-thumbnail","7":"category-entretenimiento","8":"tag-david-broncano","9":"tag-entertainment","10":"tag-entretenimiento","11":"tag-es","12":"tag-espana","13":"tag-musica","14":"tag-spain"},"share_on_mastodon":{"url":"","error":""},"_links":{"self":[{"href":"https:\/\/www.europesays.com\/es\/wp-json\/wp\/v2\/posts\/148411","targetHints":{"allow":["GET"]}}],"collection":[{"href":"https:\/\/www.europesays.com\/es\/wp-json\/wp\/v2\/posts"}],"about":[{"href":"https:\/\/www.europesays.com\/es\/wp-json\/wp\/v2\/types\/post"}],"author":[{"embeddable":true,"href":"https:\/\/www.europesays.com\/es\/wp-json\/wp\/v2\/users\/2"}],"replies":[{"embeddable":true,"href":"https:\/\/www.europesays.com\/es\/wp-json\/wp\/v2\/comments?post=148411"}],"version-history":[{"count":0,"href":"https:\/\/www.europesays.com\/es\/wp-json\/wp\/v2\/posts\/148411\/revisions"}],"wp:featuredmedia":[{"embeddable":true,"href":"https:\/\/www.europesays.com\/es\/wp-json\/wp\/v2\/media\/148412"}],"wp:attachment":[{"href":"https:\/\/www.europesays.com\/es\/wp-json\/wp\/v2\/media?parent=148411"}],"wp:term":[{"taxonomy":"category","embeddable":true,"href":"https:\/\/www.europesays.com\/es\/wp-json\/wp\/v2\/categories?post=148411"},{"taxonomy":"post_tag","embeddable":true,"href":"https:\/\/www.europesays.com\/es\/wp-json\/wp\/v2\/tags?post=148411"}],"curies":[{"name":"wp","href":"https:\/\/api.w.org\/{rel}","templated":true}]}}