{"id":148417,"date":"2025-09-30T11:07:09","date_gmt":"2025-09-30T11:07:09","guid":{"rendered":"https:\/\/www.europesays.com\/es\/148417\/"},"modified":"2025-09-30T11:07:09","modified_gmt":"2025-09-30T11:07:09","slug":"ucrania-reporta-la-muerte-de-una-familia-de-cuatro-personas-en-un-ataque-ruso-con-drones","status":"publish","type":"post","link":"https:\/\/www.europesays.com\/es\/148417\/","title":{"rendered":"Ucrania reporta la muerte de una familia de cuatro personas en un ataque ruso con drones"},"content":{"rendered":"<p>    <img src=\"https:\/\/www.europesays.com\/es\/wp-content\/uploads\/2025\/09\/2025-09-30T083A493A42Z-90090639.jpg\" width=\"1024\" height=\"683\" alt=\"\" loading=\"eager\" decoding=\"sync\" fetchpriority=\"high\"\/><\/p>\n<p>            afp_tickers        <\/p>\n<p>        Este contenido fue publicado en    <\/p>\n<p>        30 septiembre 2025 &#8211; 10:49\n<\/p>\n<p>Una familia de cuatro personas muri\u00f3 en un ataque con drones rusos en la regi\u00f3n de Sumi, en el norte de Ucrania, inform\u00f3 el martes el jefe de la administraci\u00f3n militar de esa zona, Oleg Grigorov.<\/p>\n<p>\u00abEsta noche, el enemigo atac\u00f3 un edificio residencial en la aldea de Chernechchina, en la comunidad de Krasnopillia\u00bb, asegur\u00f3 el funcionario en la plataforma Telegram.<\/p>\n<p>\u00abLos equipos de rescate (recuperaron) los cuerpos de cuatro personas fallecidas de entre los escombros: los padres y sus hijos de seis y cuatro a\u00f1os\u00bb, dijo.<\/p>\n<p>Por su parte, el Ministerio de Defensa ruso afirm\u00f3 que \u00abintercept\u00f3 y destruy\u00f3\u00bb 81 drones ucranianos durante la noche.\u00a0<\/p>\n<p>El gobernador de Volgogrado, Andr\u00e9i Bocharov, dijo que el ej\u00e9rcito repeli\u00f3 un \u00abmasivo\u00bb ataque con drones ucranianos sobre la regi\u00f3n sur. No hubo da\u00f1os ni heridos.<\/p>\n<p>En la noche del s\u00e1bado al domingo, un amplio ataque con cientos de drones y misiles rusos contra Ucrania caus\u00f3 al menos cuatro muertos en Kiev, entre ellos una ni\u00f1a de 12 a\u00f1os, y decenas de heridos en todo el pa\u00eds.<\/p>\n<p>Rusia lanz\u00f3 una ofensiva en la regi\u00f3n de Sumi tras haber terminado en abril de repeler a las fuerzas ucranianas de su regi\u00f3n de Kursk, de la que ocupaban una peque\u00f1a parte desde el verano de 2024.<\/p>\n<p>Sin embargo, la mayor parte de los combates tienen lugar en el este del pa\u00eds.<\/p>\n<p>Tras tres a\u00f1os y medio de guerra, los esfuerzos diplom\u00e1ticos del presidente estadounidense, Donald Trump, para poner fin a los ataques se encuentran en punto muerto.<\/p>\n<p>bur-mjw\/arm\/mas<\/p>\n","protected":false},"excerpt":{"rendered":"afp_tickers Este contenido fue publicado en 30 septiembre 2025 &#8211; 10:49 Una familia de cuatro personas muri\u00f3 en&hellip;\n","protected":false},"author":2,"featured_media":148418,"comment_status":"","ping_status":"","sticky":false,"template":"","format":"standard","meta":{"footnotes":""},"categories":[42],"tags":[17,18,636,13,14,11,61,62,63,64,19,20,9,10,15,16,90,12,21,22,65,66,67],"class_list":{"0":"post-148417","1":"post","2":"type-post","3":"status-publish","4":"format-standard","5":"has-post-thumbnail","7":"category-internacional","8":"tag-breaking-news","9":"tag-breakingnews","10":"tag-conflict","11":"tag-featured-news","12":"tag-featurednews","13":"tag-headlines","14":"tag-internacional","15":"tag-international","16":"tag-international-news","17":"tag-internationalnews","18":"tag-latest-news","19":"tag-latestnews","20":"tag-news","21":"tag-noticias","22":"tag-noticias-destacadas","23":"tag-noticiasdestacadas","24":"tag-ticker","25":"tag-titulares","26":"tag-ultimas-noticias","27":"tag-ultimasnoticias","28":"tag-world","29":"tag-world-news","30":"tag-worldnews"},"share_on_mastodon":{"url":"","error":""},"_links":{"self":[{"href":"https:\/\/www.europesays.com\/es\/wp-json\/wp\/v2\/posts\/148417","targetHints":{"allow":["GET"]}}],"collection":[{"href":"https:\/\/www.europesays.com\/es\/wp-json\/wp\/v2\/posts"}],"about":[{"href":"https:\/\/www.europesays.com\/es\/wp-json\/wp\/v2\/types\/post"}],"author":[{"embeddable":true,"href":"https:\/\/www.europesays.com\/es\/wp-json\/wp\/v2\/users\/2"}],"replies":[{"embeddable":true,"href":"https:\/\/www.europesays.com\/es\/wp-json\/wp\/v2\/comments?post=148417"}],"version-history":[{"count":0,"href":"https:\/\/www.europesays.com\/es\/wp-json\/wp\/v2\/posts\/148417\/revisions"}],"wp:featuredmedia":[{"embeddable":true,"href":"https:\/\/www.europesays.com\/es\/wp-json\/wp\/v2\/media\/148418"}],"wp:attachment":[{"href":"https:\/\/www.europesays.com\/es\/wp-json\/wp\/v2\/media?parent=148417"}],"wp:term":[{"taxonomy":"category","embeddable":true,"href":"https:\/\/www.europesays.com\/es\/wp-json\/wp\/v2\/categories?post=148417"},{"taxonomy":"post_tag","embeddable":true,"href":"https:\/\/www.europesays.com\/es\/wp-json\/wp\/v2\/tags?post=148417"}],"curies":[{"name":"wp","href":"https:\/\/api.w.org\/{rel}","templated":true}]}}