{"id":148419,"date":"2025-09-30T11:08:09","date_gmt":"2025-09-30T11:08:09","guid":{"rendered":"https:\/\/www.europesays.com\/es\/148419\/"},"modified":"2025-09-30T11:08:09","modified_gmt":"2025-09-30T11:08:09","slug":"rebajan-la-alerta-por-lluvias-en-valencia-la-aumentan-a-rojo-en-baleares","status":"publish","type":"post","link":"https:\/\/www.europesays.com\/es\/148419\/","title":{"rendered":"Rebajan la alerta por lluvias en Valencia, la aumentan a rojo en Baleares"},"content":{"rendered":"<p>    <img src=\"https:\/\/www.europesays.com\/es\/wp-content\/uploads\/2025\/09\/2025-09-30T083A583A16Z-90090702.jpg\" width=\"1024\" height=\"615\" alt=\"\" loading=\"eager\" decoding=\"sync\" fetchpriority=\"high\"\/><\/p>\n<p>            afp_tickers        <\/p>\n<p>        Este contenido fue publicado en    <\/p>\n<p>        30 septiembre 2025 &#8211; 12:45\n<\/p>\n<p>La agencia estatal de meteorolog\u00eda de Espa\u00f1a (Aemet) rebaj\u00f3 este martes el nivel de alerta por lluvias para Valencia, regi\u00f3n que sufri\u00f3 mort\u00edferas inundaciones hace casi un a\u00f1o, pero lanz\u00f3 la alerta roja por precipitaciones en Ibiza y Formentera, en el archipi\u00e9lago de Baleares.<\/p>\n<p>El nivel de alerta para la regi\u00f3n mediterr\u00e1nea de Valencia se redujo dos escalones, a amarillo. El lunes lleg\u00f3 a estar en rojo, el nivel m\u00e1s alto, inform\u00f3 la Aemet en un comunicado.<\/p>\n<p>La agencia meteorol\u00f3gica subi\u00f3 a rojo este martes el nivel de alerta en las islas de Ibiza y Formentera, al advertir del \u00abpeligro extraordinario\u00bb por la posibilidad de \u00abinundaciones y crecidas repentinas de cauces\u00bb por las \u00ablluvias torrenciales\u00bb, seg\u00fan indic\u00f3 en X.<\/p>\n<p>Las precipitaciones del lunes provocaron algunas inundaciones y llegaron a desbordar un barranco en Aldaia, una de las localidades en Valencia m\u00e1s afectadas por las riadas que dejaron m\u00e1s de 230 muertos a finales de octubre del a\u00f1o pasado, pero sin causar perjuicios personales.<\/p>\n<p>Como medida de precauci\u00f3n, las escuelas cerraron el lunes y m\u00e1s de medio mill\u00f3n de estudiantes en 243 municipios de Valencia no tuvieron clases.<\/p>\n<p>Jordi Mayor, el alcalde de Cullera, otra de las poblaciones afectadas en Valencia, estim\u00f3 que el hecho de que las personas hubieran atendido los llamados de las autoridades a permanecer en casa \u00abevit\u00f3 cualquier desgracia\u00bb.<\/p>\n<p>La cat\u00e1strofe de octubre de 2024 provoc\u00f3 la ira de los afectados, que criticaron la falta de avisos y la gesti\u00f3n de la emergencia, en un contexto de pol\u00e9mica entre el gobierno central de izquierda y las autoridades regionales de derecha sobre las competencias de unos y otros.<\/p>\n<p>Pa\u00eds en primera l\u00ednea del calentamiento global, Espa\u00f1a es regularmente golpeada por lluvias torrenciales a finales del verano y en oto\u00f1o, que tienen dificultades para penetrar en el suelo y hacen que el cauce de los r\u00edos crezca bruscamente.<\/p>\n<p>ds-du\/mdm\/avl<\/p>\n","protected":false},"excerpt":{"rendered":"afp_tickers Este contenido fue publicado en 30 septiembre 2025 &#8211; 12:45 La agencia estatal de meteorolog\u00eda de Espa\u00f1a&hellip;\n","protected":false},"author":2,"featured_media":148420,"comment_status":"","ping_status":"","sticky":false,"template":"","format":"standard","meta":{"footnotes":""},"categories":[8],"tags":[17,18,25,24,13,14,11,19,20,9,10,15,16,45353,23,90,12,21,22,15537,45354],"class_list":{"0":"post-148419","1":"post","2":"type-post","3":"status-publish","4":"format-standard","5":"has-post-thumbnail","7":"category-espana","8":"tag-breaking-news","9":"tag-breakingnews","10":"tag-es","11":"tag-espana","12":"tag-featured-news","13":"tag-featurednews","14":"tag-headlines","15":"tag-latest-news","16":"tag-latestnews","17":"tag-news","18":"tag-noticias","19":"tag-noticias-destacadas","20":"tag-noticiasdestacadas","21":"tag-report","22":"tag-spain","23":"tag-ticker","24":"tag-titulares","25":"tag-ultimas-noticias","26":"tag-ultimasnoticias","27":"tag-weather","28":"tag-weather-news"},"share_on_mastodon":{"url":"","error":""},"_links":{"self":[{"href":"https:\/\/www.europesays.com\/es\/wp-json\/wp\/v2\/posts\/148419","targetHints":{"allow":["GET"]}}],"collection":[{"href":"https:\/\/www.europesays.com\/es\/wp-json\/wp\/v2\/posts"}],"about":[{"href":"https:\/\/www.europesays.com\/es\/wp-json\/wp\/v2\/types\/post"}],"author":[{"embeddable":true,"href":"https:\/\/www.europesays.com\/es\/wp-json\/wp\/v2\/users\/2"}],"replies":[{"embeddable":true,"href":"https:\/\/www.europesays.com\/es\/wp-json\/wp\/v2\/comments?post=148419"}],"version-history":[{"count":0,"href":"https:\/\/www.europesays.com\/es\/wp-json\/wp\/v2\/posts\/148419\/revisions"}],"wp:featuredmedia":[{"embeddable":true,"href":"https:\/\/www.europesays.com\/es\/wp-json\/wp\/v2\/media\/148420"}],"wp:attachment":[{"href":"https:\/\/www.europesays.com\/es\/wp-json\/wp\/v2\/media?parent=148419"}],"wp:term":[{"taxonomy":"category","embeddable":true,"href":"https:\/\/www.europesays.com\/es\/wp-json\/wp\/v2\/categories?post=148419"},{"taxonomy":"post_tag","embeddable":true,"href":"https:\/\/www.europesays.com\/es\/wp-json\/wp\/v2\/tags?post=148419"}],"curies":[{"name":"wp","href":"https:\/\/api.w.org\/{rel}","templated":true}]}}