{"id":148421,"date":"2025-09-30T11:09:13","date_gmt":"2025-09-30T11:09:13","guid":{"rendered":"https:\/\/www.europesays.com\/es\/148421\/"},"modified":"2025-09-30T11:09:13","modified_gmt":"2025-09-30T11:09:13","slug":"castilla-la-mancha-presenta-la-campana-de-vacunacion-de-la-gripe-y-vrs-para-la-temporada-2025-2026-gobierno-de-castilla-la-mancha","status":"publish","type":"post","link":"https:\/\/www.europesays.com\/es\/148421\/","title":{"rendered":"Castilla-La Mancha presenta la campa\u00f1a de vacunaci\u00f3n de la gripe y VRS para la temporada 2025-2026 &#8211; Gobierno de Castilla-La Mancha"},"content":{"rendered":"<ol>\n<li><a href=\"https:\/\/news.google.com\/rss\/articles\/CBMi-AFBVV95cUxNRlFSSFpsc19BbXdYQWotek1nUFpkSzNPbXBTakxlc0lUMlF3eU5Pc2hsTWFhUUdYcXIxOUdHV3ozcURyaHFhM0k5OEJmejdmX2thSlhiZ0xWaVJKVVNNVjd2dWYzeG9mUWpfTkI0V0R2akkxOUVBeHJNZVpMNGhTU1FjRl9wNDRtamdEaTBXc2pSV3FVVkVrclBQa0d4cS12RHZhVWc4X2JNbzJVeDZHZnhIdVRha0ZPdHFMdmczY2dHM1dXQ21xb1N2VVh1UUVsN3Z4Wk5HeEk0NnZPSTJqdmIyazNsekhZX0NJZnRxaXh1Z29FckI5Tg?oc=5\" target=\"_blank\" rel=\"nofollow noopener\">Castilla-La Mancha presenta la campa\u00f1a de vacunaci\u00f3n de la gripe y VRS para la temporada 2025-2026<\/a>&nbsp;&nbsp;Gobierno de Castilla-La Mancha<\/li>\n<li><a href=\"https:\/\/news.google.com\/rss\/articles\/CBMiwAFBVV95cUxPR0h2YnRLd1B0a3c0OF9peXh6NUlaajl0Y18zaFpDdG9vT3YzM1lVN25UYWJXR0F3M2pBX2lUZktPT2NRRGdxVDd5djVqQi1uN1h3dDVKeHh0RUg3Y2JPZmY0TkJ1YkdELWhxUTRwYnBOZ0h6bHlJUVJ3MzRFdDVLcHZ4LU5ETm1YamR5ZXJWRDlyOXFPX1VBRExjUm9qNmxFS0VIRW9Fa0Z1Zmo0bThEN2MtN2hjMWlhSWtDbmVDeHo?oc=5\" target=\"_blank\" rel=\"nofollow noopener\">Arranca la vacunaci\u00f3n de la gripe, cuya campa\u00f1a para los ni\u00f1os se adelanta al 1 de octubre en Castilla-La Mancha<\/a>&nbsp;&nbsp;ABC<\/li>\n<li><a href=\"https:\/\/news.google.com\/rss\/articles\/CBMixAFBVV95cUxNY2RBTE9fcEpEdFBVMkRjdFZrdmo0SVFVV21wNl9NcWhSRFdkQmdjdkxLeDVERnFPYURMZmZHMjhMcWtGOGQ0Vk02OXJKZVl5NkZuLUsxVGZJcWExcUNQeGY4T0t4MWltN05hQS0tb3FMNEVtUjdqckRoS2VTNTluOGloLW1wZ0w5SGt5U2I0SkZuM2NyRWRpS1pRdm9OQ1lyTlluQjlxUGZ0Z2xaLVNKY3N4a3A1LUpOVGhJRE1RaEw2c1ps?oc=5\" target=\"_blank\" rel=\"nofollow noopener\">Sanidad recomienda a estas personas vacunarse contra la gripe para la temporada 2025\/2026<\/a>&nbsp;&nbsp;20Minutos<\/li>\n<li><a href=\"https:\/\/news.google.com\/rss\/articles\/CBMi2wFBVV95cUxNRzlieW14ckFIOTJ5cGxkMU9JVlJHdDl4QVdDX2VJZ0t0c1g2dUZ6dDJzbGljUFFvclcwbElwVG9LNldzLWdfc3hYMlNzVy1iT2NkUDFqUUY1RURVbjBqQUpvS2dOQng0YjdpeFJndTlTZFM1MDdUc2d1dXlqb2lnZURRT1hGalVSTEpfLXVvTTVhVHV5NmFnRzNGN1BDam1QdkNHQk01QXU3RDhGTmZEWWNPR2pXcDVjVVpaT0NESkprTnRRZ2lQSWktNVJsTk5QMHZ1OXY4TTBfQmc?oc=5\" target=\"_blank\" rel=\"nofollow noopener\">Sanidad explica cambios en recomendaciones de vacunaci\u00f3n contra gripe y Covid-19 este a\u00f1o<\/a>&nbsp;&nbsp;consalud.es<\/li>\n<li><a href=\"https:\/\/news.google.com\/rss\/articles\/CBMijgFBVV95cUxQVEVzOG16TGlyLUhGZlpRRXpVT3VLZks4S2RXd3VlWTdiUkR0bVhzbmhoWkYyMk03S1N4TERaR0dac2VCT25meVY4SFBNc1E3bWV4MXZoVnI5OC0xY1I1cHcwNjJrWWswS1JoTElibkFtZTZQSURoMjE0bHVzcklKSVpYNUpOb1B5ZVlBVGNn0gGTAUFVX3lxTE4yWmp5X3dQQWplcWZKb0JlcUJ4R2FxM1dxLU9DMU9zZzFiamFpelZpUW5sUmFWeTgwSlE0TGZobVpwZXZ5TDNNLU14OS1fajdCQWVQNnJQd3hYZFFndjZza2xUNlJ5THZ4a21mdWxXelAybHdyS0tQZnhpOUZSVzJKRWNDQ20zbTdYU2xoOC1CSFNZUQ?oc=5\" target=\"_blank\" rel=\"nofollow noopener\">Castilla-La Mancha arranca la campa\u00f1a de vacunaci\u00f3n frente a la gripe con los ni\u00f1os de hasta 5 a\u00f1os<\/a>&nbsp;&nbsp;Castilla-La Mancha Media<\/li>\n<\/ol>\n","protected":false},"excerpt":{"rendered":"Castilla-La Mancha presenta la campa\u00f1a de vacunaci\u00f3n de la gripe y VRS para la temporada 2025-2026&nbsp;&nbsp;Gobierno de Castilla-La&hellip;\n","protected":false},"author":2,"featured_media":147755,"comment_status":"","ping_status":"","sticky":false,"template":"","format":"standard","meta":{"footnotes":""},"categories":[5],"tags":[17,18,25,24,13,14,11,19,20,9,10,15,16,23,12,21,22],"class_list":{"0":"post-148421","1":"post","2":"type-post","3":"status-publish","4":"format-standard","5":"has-post-thumbnail","7":"category-titulares","8":"tag-breaking-news","9":"tag-breakingnews","10":"tag-es","11":"tag-espana","12":"tag-featured-news","13":"tag-featurednews","14":"tag-headlines","15":"tag-latest-news","16":"tag-latestnews","17":"tag-news","18":"tag-noticias","19":"tag-noticias-destacadas","20":"tag-noticiasdestacadas","21":"tag-spain","22":"tag-titulares","23":"tag-ultimas-noticias","24":"tag-ultimasnoticias"},"share_on_mastodon":{"url":"","error":""},"_links":{"self":[{"href":"https:\/\/www.europesays.com\/es\/wp-json\/wp\/v2\/posts\/148421","targetHints":{"allow":["GET"]}}],"collection":[{"href":"https:\/\/www.europesays.com\/es\/wp-json\/wp\/v2\/posts"}],"about":[{"href":"https:\/\/www.europesays.com\/es\/wp-json\/wp\/v2\/types\/post"}],"author":[{"embeddable":true,"href":"https:\/\/www.europesays.com\/es\/wp-json\/wp\/v2\/users\/2"}],"replies":[{"embeddable":true,"href":"https:\/\/www.europesays.com\/es\/wp-json\/wp\/v2\/comments?post=148421"}],"version-history":[{"count":0,"href":"https:\/\/www.europesays.com\/es\/wp-json\/wp\/v2\/posts\/148421\/revisions"}],"wp:featuredmedia":[{"embeddable":true,"href":"https:\/\/www.europesays.com\/es\/wp-json\/wp\/v2\/media\/147755"}],"wp:attachment":[{"href":"https:\/\/www.europesays.com\/es\/wp-json\/wp\/v2\/media?parent=148421"}],"wp:term":[{"taxonomy":"category","embeddable":true,"href":"https:\/\/www.europesays.com\/es\/wp-json\/wp\/v2\/categories?post=148421"},{"taxonomy":"post_tag","embeddable":true,"href":"https:\/\/www.europesays.com\/es\/wp-json\/wp\/v2\/tags?post=148421"}],"curies":[{"name":"wp","href":"https:\/\/api.w.org\/{rel}","templated":true}]}}