{"id":148425,"date":"2025-09-30T11:12:08","date_gmt":"2025-09-30T11:12:08","guid":{"rendered":"https:\/\/www.europesays.com\/es\/148425\/"},"modified":"2025-09-30T11:12:08","modified_gmt":"2025-09-30T11:12:08","slug":"una-union-rentable-para-un-evento-historico-en-la-casa-blanca","status":"publish","type":"post","link":"https:\/\/www.europesays.com\/es\/148425\/","title":{"rendered":"una uni\u00f3n rentable para un evento hist\u00f3rico en la Casa Blanca"},"content":{"rendered":"<p><img decoding=\"async\" class=\"voc-author__img\" src=\"https:\/\/s2.abcstatics.com\/comun\/2015\/img\/autor\/autor-1617-foto-9.jpeg\" alt=\"\u00c1lvaro Colmenero\"\/><\/p>\n<p class=\"voc-p\" style=\"\">\u00abAs\u00ed ser\u00e1 definitivamente, es algo seguro.<a href=\"https:\/\/www.abc.es\/deportes\/mma\/conor-mcgregor-camina-casa-blanca-obra-maestra-20250928045040-nt.html\" target=\"_self\" data-voc-vtm-id=\"in-text-traffic\" title=\" Ese es mi evento\" rel=\"nofollow noopener\"> Ese es mi evento<\/a>\u00bb. Con esas contundentes palabras se expres\u00f3 la superestrella de las artes marciales mixtas, Conor McGregor, cuando fue preguntado acerca de su regreso al oct\u00e1gono en la velada que prev\u00e9 organizar la UFC en la Casa Blanca, en junio del pr\u00f3ximo a\u00f1o. El irland\u00e9s, muy cercano al presidente de Estados Unidos, Donald Trump, <a href=\"https:\/\/www.abc.es\/deportes\/mma\/conor-mcgregor-camina-casa-blanca-obra-maestra-20250928045040-nt.html\" target=\"_self\" data-voc-vtm-id=\"in-text-traffic\" title=\"tiene muy claro que ese es el lugar\" rel=\"nofollow noopener\">tiene muy claro que ese es el lugar<\/a> donde quiere regresar despu\u00e9s de cuatro a\u00f1os fuera del oct\u00e1gono.<\/p>\n<p class=\"voc-p\" style=\"\">McGregor estuvo muy cerca de competir en verano del a\u00f1o pasado, pero una lesi\u00f3n le empuj\u00f3 a salir del combate contra Michael Chandler. Ahora, The Notorious ha se\u00f1alado que <strong>la Casa Blanca ser\u00eda un escenario perfecto<\/strong> para terminar disputando esa pelea que estuvo tan cerca de suceder. Lo cierto es que numerosos aficionados recelan de que McGregor vuelva a pisar una jaula para pelear, pero de sus palabras se desprende una gran seguridad en que terminar\u00e1 ocurriendo.<\/p>\n<p class=\"voc-p\" style=\"\">Para ello, ha apuntado el irland\u00e9s, est\u00e1 en conversaciones directamente con el Gobierno estadounidense, pues el evento se celebrar\u00e1 en la residencia presidencial. <strong>\u00abNo estoy negociando con la UFC para esta pelea como de costumbre. Estoy negociando con los Estados Unidos de Am\u00e9rica\u00bb<\/strong>, ha apuntado en una pregunta recogida por SecondsOutLive en uno de las veladas de Bare Knuckle, la compa\u00f1\u00eda de boxeo sin guantes de la que es co-propietario McGregor.<\/p>\n<p class=\"voc-p\" style=\"\">Las negociaciones, en cualquier caso, prometen ser duras. El irland\u00e9s ha <a href=\"https:\/\/www.abc.es\/deportes\/mma\/desorbitadas-condiciones-conor-mcgregor-pelear-casa-blanca-20250927124848-nt.html\" target=\"_self\" data-voc-vtm-id=\"in-text-traffic\" title=\"impuesto un par de condiciones m\u00e1s que comprometidas\" rel=\"nofollow noopener\">impuesto un par de condiciones m\u00e1s que comprometidas<\/a> tanto para el CEO de la UFC, Dana White, como para Donald Trump. \u00ab<strong>Quiero 100 millones de d\u00f3lares para luchar en la Casa Blanca, junto con 100 &#8216;Golden Visas&#8217;<\/strong> estadounidenses para m\u00ed, mi familia y mis amigos. Tengo muchas ganas de volver a entretener al mundo de la lucha. \u00a1Un placer que nunca doy por sentado!\u00bb, ha escrito en sus redes sociales. <\/p>\n<p class=\"voc-p\" style=\"\">Sea como fuere, la alianza entre Conor McGregor, Dana White y Donald Trump se estima muy rentable para todos. Por un lado, el irland\u00e9s aportar\u00eda un aumento del foco medi\u00e1tico en el evento, el CEO de la UFC impulsar\u00e1 un evento hist\u00f3rico y el presidente de Estados Unidos habr\u00e1 logrado atraer todas las miradas en el panorama internacional. <\/p>\n<p>Reportar un error<\/p>\n","protected":false},"excerpt":{"rendered":"\u00abAs\u00ed ser\u00e1 definitivamente, es algo seguro. Ese es mi evento\u00bb. Con esas contundentes palabras se expres\u00f3 la superestrella&hellip;\n","protected":false},"author":2,"featured_media":148426,"comment_status":"","ping_status":"","sticky":false,"template":"","format":"standard","meta":{"footnotes":""},"categories":[276],"tags":[386,385,350,1681,168,12069,25,24,933,1903,351,45355,23,167,936,343,2079,3797],"class_list":{"0":"post-148425","1":"post","2":"type-post","3":"status-publish","4":"format-standard","5":"has-post-thumbnail","7":"category-ufc","8":"tag-blanca","9":"tag-casa","10":"tag-conor","11":"tag-dana","12":"tag-deportes","13":"tag-donald","14":"tag-es","15":"tag-espana","16":"tag-evento","17":"tag-historico","18":"tag-mcgregor","19":"tag-rentable","20":"tag-spain","21":"tag-sports","22":"tag-trump","23":"tag-ufc","24":"tag-union","25":"tag-white"},"share_on_mastodon":{"url":"","error":""},"_links":{"self":[{"href":"https:\/\/www.europesays.com\/es\/wp-json\/wp\/v2\/posts\/148425","targetHints":{"allow":["GET"]}}],"collection":[{"href":"https:\/\/www.europesays.com\/es\/wp-json\/wp\/v2\/posts"}],"about":[{"href":"https:\/\/www.europesays.com\/es\/wp-json\/wp\/v2\/types\/post"}],"author":[{"embeddable":true,"href":"https:\/\/www.europesays.com\/es\/wp-json\/wp\/v2\/users\/2"}],"replies":[{"embeddable":true,"href":"https:\/\/www.europesays.com\/es\/wp-json\/wp\/v2\/comments?post=148425"}],"version-history":[{"count":0,"href":"https:\/\/www.europesays.com\/es\/wp-json\/wp\/v2\/posts\/148425\/revisions"}],"wp:featuredmedia":[{"embeddable":true,"href":"https:\/\/www.europesays.com\/es\/wp-json\/wp\/v2\/media\/148426"}],"wp:attachment":[{"href":"https:\/\/www.europesays.com\/es\/wp-json\/wp\/v2\/media?parent=148425"}],"wp:term":[{"taxonomy":"category","embeddable":true,"href":"https:\/\/www.europesays.com\/es\/wp-json\/wp\/v2\/categories?post=148425"},{"taxonomy":"post_tag","embeddable":true,"href":"https:\/\/www.europesays.com\/es\/wp-json\/wp\/v2\/tags?post=148425"}],"curies":[{"name":"wp","href":"https:\/\/api.w.org\/{rel}","templated":true}]}}