{"id":148431,"date":"2025-09-30T11:16:11","date_gmt":"2025-09-30T11:16:11","guid":{"rendered":"https:\/\/www.europesays.com\/es\/148431\/"},"modified":"2025-09-30T11:16:11","modified_gmt":"2025-09-30T11:16:11","slug":"piastri-no-se-preocupa-por-verstappen-en-lucha-por-el-titulo-plaza-de-armas","status":"publish","type":"post","link":"https:\/\/www.europesays.com\/es\/148431\/","title":{"rendered":"Piastri no se preocupa por Verstappen en lucha por el t\u00edtulo &#8211; Plaza de Armas"},"content":{"rendered":"<p class=\"p2\">Aunque Max Verstappen si representa una amenaza, despu\u00e9s de su repunte en Monza y Azerbaiy\u00e1n, el australiano a\u00fan tiene 69 puntos de ventaja y sabe qu\u00e9 tiene que hacer en las \u00faltimas siete carreras del calendario para evitar una sorpresa.<\/p>\n<p class=\"p3\">\u201cNo lo voy a descartar, pero honestamente no estoy demasiado preocupado por eso. Solo estoy tratando de recuperarme de ese fin de semana y hacer las mejores actuaciones que pueda.<\/p>\n<p class=\"p3\">S\u00e9 que si vuelvo a donde s\u00e9 que puedo estar, entonces estar\u00e9 m\u00e1s que bien, as\u00ed que en eso me voy a centrar\u201d, mencion\u00f3 el l\u00edder del Campeonato de Pilotos con 324 puntos.<\/p>\n<p class=\"p3\">El piloto de McLaren ha tenido un par de inconvenientes en las \u00faltimas dos citas, en Monza le cedi\u00f3 el segundo puesto a su compa\u00f1ero Lando Norris y en Bak\u00fa se estrell\u00f3 contra el muro en la primera vuelta, as\u00ed que debe recuperarse en Singapur.<\/p>\n<p class=\"p3\">\u201cTengo muchas ganas de volver a pilotar. Sobre el papel y con las temperaturas de Singapur, nuestro coche ha demostrado ser c\u00f3modo en el pasado y, con eso en mente, espero un fin de semana realmente positivo.<\/p>\n<p class=\"p3\">\u201cSingapur es la carrera m\u00e1s cercana a Australia en cuanto a distancia, as\u00ed que siempre hemos visto un gran contingente australiano animando a sus pilotos en una de las mejores carreras nocturnas de la temporada. Es fant\u00e1stico contar con ese apoyo adicional\u201d, agreg\u00f3.<\/p>\n","protected":false},"excerpt":{"rendered":"Aunque Max Verstappen si representa una amenaza, despu\u00e9s de su repunte en Monza y Azerbaiy\u00e1n, el australiano a\u00fan&hellip;\n","protected":false},"author":2,"featured_media":148432,"comment_status":"","ping_status":"","sticky":false,"template":"","format":"standard","meta":{"footnotes":""},"categories":[270],"tags":[168,25,24,306,271,272,23,167],"class_list":{"0":"post-148431","1":"post","2":"type-post","3":"status-publish","4":"format-standard","5":"has-post-thumbnail","7":"category-formula-1","8":"tag-deportes","9":"tag-es","10":"tag-espana","11":"tag-f1","12":"tag-formula-1","13":"tag-formula1","14":"tag-spain","15":"tag-sports"},"share_on_mastodon":{"url":"","error":""},"_links":{"self":[{"href":"https:\/\/www.europesays.com\/es\/wp-json\/wp\/v2\/posts\/148431","targetHints":{"allow":["GET"]}}],"collection":[{"href":"https:\/\/www.europesays.com\/es\/wp-json\/wp\/v2\/posts"}],"about":[{"href":"https:\/\/www.europesays.com\/es\/wp-json\/wp\/v2\/types\/post"}],"author":[{"embeddable":true,"href":"https:\/\/www.europesays.com\/es\/wp-json\/wp\/v2\/users\/2"}],"replies":[{"embeddable":true,"href":"https:\/\/www.europesays.com\/es\/wp-json\/wp\/v2\/comments?post=148431"}],"version-history":[{"count":0,"href":"https:\/\/www.europesays.com\/es\/wp-json\/wp\/v2\/posts\/148431\/revisions"}],"wp:featuredmedia":[{"embeddable":true,"href":"https:\/\/www.europesays.com\/es\/wp-json\/wp\/v2\/media\/148432"}],"wp:attachment":[{"href":"https:\/\/www.europesays.com\/es\/wp-json\/wp\/v2\/media?parent=148431"}],"wp:term":[{"taxonomy":"category","embeddable":true,"href":"https:\/\/www.europesays.com\/es\/wp-json\/wp\/v2\/categories?post=148431"},{"taxonomy":"post_tag","embeddable":true,"href":"https:\/\/www.europesays.com\/es\/wp-json\/wp\/v2\/tags?post=148431"}],"curies":[{"name":"wp","href":"https:\/\/api.w.org\/{rel}","templated":true}]}}