{"id":148437,"date":"2025-09-30T11:19:11","date_gmt":"2025-09-30T11:19:11","guid":{"rendered":"https:\/\/www.europesays.com\/es\/148437\/"},"modified":"2025-09-30T11:19:11","modified_gmt":"2025-09-30T11:19:11","slug":"boris-izaguirre-cumple-60-anos-y-lo-celebra-por-todo-lo-alto-con-eugenia-martinez-de-irujo-amaia-salamanca-y-raquel-sanchez-silva","status":"publish","type":"post","link":"https:\/\/www.europesays.com\/es\/148437\/","title":{"rendered":"Boris Izaguirre cumple 60 a\u00f1os y lo celebra por todo lo alto con Eugenia Mart\u00ednez de Irujo, Amaia Salamanca y Raquel S\u00e1nchez Silva"},"content":{"rendered":"<p id=\"eXmTQFSYwe\" data-wc=\"71\"><strong>Boris Izaguirre\u00a0<\/strong>celebr\u00f3 su <a class=\"hm-link ho-link\" href=\"https:\/\/www.hola.com\/actualidad\/20250929858389\/boris-izaguirre-cumple-60\/\" data-mrf-recirculation=\"article-body-link\" rel=\"nofollow noopener\" target=\"_blank\">60 cumplea\u00f1os<\/a> con una gran fiesta a la que asistieron algunos de sus mejores amigos. El escritor y guionista venezolano, autor de Un jard\u00edn al norte, reuni\u00f3 en su piso del barrio de Salamanca, en Madrid, a varias parejas muy conocidas: <a class=\"hm-link ho-link\" href=\"https:\/\/www.hola.com\/actualidad\/20250731847405\/amaia-salamanca-rosauro-verano-verano-mas-sorprendente\/\" data-mrf-recirculation=\"article-body-link\" rel=\"nofollow noopener\" target=\"_blank\">Amaia Salamanca y Rosauro Varo<\/a>, Eugenia Mart\u00ednez de Irujo y Narc\u00eds Rebollo, Ana Bel\u00e9n y V\u00edctor Manuel, adem\u00e1s de <a class=\"hm-link ho-link\" href=\"https:\/\/www.hola.com\/actualidad\/20240820713355\/carolina-bang-foto-madre-hermanas\/\" data-mrf-recirculation=\"article-body-link\" rel=\"nofollow noopener\" target=\"_blank\">\u00c1lex de la Iglesia y Carolina Bang<\/a>.<\/p>\n<p> <img src=\"https:\/\/www.europesays.com\/es\/wp-content\/uploads\/2025\/09\/ad583d89033b-dlu592185011.jpg\"   width=\"1080\" height=\"1800\" loading=\"lazy\" decoding=\"async\" alt=\"Amaia Salamanca y Rosauro Varo en el 60 cumplea\u00f1os de Boris Izaguirre en Madrid. 29 de septiembre de 2025\" fetchpriority=\"auto\" class=\"image ho-image\"\/>\u00a9 GTRES<\/p>\n<p id=\"eubzgyioRI\" data-wc=\"27\">Tambi\u00e9n acudi\u00f3 <strong>Raquel S\u00e1nchez Silva<\/strong>, que asisti\u00f3 sin <a class=\"hm-link ho-link\" href=\"https:\/\/www.hola.com\/viajes\/20250821851421\/ruta-de-raquel-sanchez-silva-familia-matias-dumont-japon\/\" data-mrf-recirculation=\"article-body-link\" rel=\"nofollow noopener\" target=\"_blank\">su pareja, el argentino Mat\u00edas Dumont<\/a>, padre de sus dos hijos, Bruno y Mateo, que ya tienen 10 a\u00f1os.<\/p>\n<p> <img src=\"https:\/\/www.europesays.com\/es\/wp-content\/uploads\/2025\/09\/9f7570b4b615-dlu592185014.jpg\"   width=\"681\" height=\"1024\" loading=\"lazy\" decoding=\"async\" alt=\"Raquel S\u00e1nchez Silva en el 60 cumplea\u00f1os de Boris Izaguirre en Madrid. 29 de septiembre de 2025\" fetchpriority=\"auto\" class=\"image ho-image\"\/>\u00a9 GTRES<\/p>\n<p id=\"emfnxyNX2L\" data-wc=\"91\">Todos llegaron a la celebraci\u00f3n con una gran sonrisa, regalos y sus mejores deseos para el anfitri\u00f3n. \u00ab<strong>Boris es una persona que ha influido much\u00edsimo, en much\u00edsimas cosas buenas que han ocurrido en Espa\u00f1a<\/strong>\u00ab, dijo \u00c1lex de la Iglesia, que llevaba una bolsa de Taschen, editorial alemana fundada en 1980 y especializada en publicaciones de arte, dise\u00f1o, arquitectura, fotograf\u00eda y cine. Su mujer, Carolina Bang, se sorprendi\u00f3 al descubrir la edad de Boris. \u00ab<strong>A Boris le vemos estupendo. No sab\u00eda que eran 60, me lo acabas de decir t\u00fa<\/strong>\u00ab, confes\u00f3 divertida.\u00a0<\/p>\n<p> <img src=\"https:\/\/www.europesays.com\/es\/wp-content\/uploads\/2025\/09\/b8385d05b584-europapress6991335carolinabangalexiglesialleganfiestacelebraborisizagu.jpg\"   width=\"692\" height=\"1024\" loading=\"lazy\" decoding=\"async\" alt=\"Carolina Bang y Alex de la Iglesia llegan a la fiesta que celebra Boris Izaguirre con motivo de su sesenta cumplea\u00f1os, a 29 de septiembre de 2025, en Madrid \" fetchpriority=\"auto\" class=\"image ho-image\"\/>\u00a9 Europa Press<\/p>\n<p id=\"eYerqK4-pYM\" data-wc=\"75\"><strong>Amaia y Rosauro<\/strong>, cuya amistad con Boris se remonta a\u00f1os atr\u00e1s -ya coincidieron juntos en <a class=\"hm-link ho-link\" href=\"https:\/\/www.hola.com\/hemeroteca\/20211016305189\/boda-rafael-medina-laura-vecino-palacio-tavera-toledo\/\" data-mrf-recirculation=\"article-body-link\" rel=\"nofollow noopener\" target=\"_blank\">la boda de Rafael Medina y Laura Vecino en 2010<\/a>&#8211; evitaron hacer declaraciones a su llegada, pero su rostro reflejaba la felicidad de acompa\u00f1ar al escritor en un d\u00eda tan especial. La pareja, que tiene tres hijos, no suele dejarse ver junta en p\u00fablico, pero anoche la ocasi\u00f3n lo merec\u00eda: no todos los d\u00edas un buen amigo celebra 60 a\u00f1os.<\/p>\n<p> <img src=\"https:\/\/www.europesays.com\/es\/wp-content\/uploads\/2025\/09\/c641dd778495-europapress6991342amaiasalamancarosaurovarolleganfiestacelebraborisiza.jpg\"   width=\"1080\" height=\"1800\" loading=\"lazy\" decoding=\"async\" alt=\"Amaia Salamanca y Rosauro Varo en el 60 cumplea\u00f1os de Boris Izaguirre en Madrid. 29 de septiembre de 2025\" fetchpriority=\"auto\" class=\"image ho-image\"\/>\u00a9 Europa Press<\/p>\n<p> <img src=\"https:\/\/www.europesays.com\/es\/wp-content\/uploads\/2025\/09\/483db3d8e561-dlu592185007.jpg\"   width=\"1080\" height=\"1800\" loading=\"lazy\" decoding=\"async\" alt=\"Amaia Salamanca y Rosauro Varo en el 60 cumplea\u00f1os de Boris Izaguirre en Madrid. 29 de septiembre de 2025\" fetchpriority=\"auto\" class=\"image ho-image\"\/>\u00a9 GTRES<\/p>\n<p> <img src=\"https:\/\/www.europesays.com\/es\/wp-content\/uploads\/2025\/09\/8f58d712c7ec-europapress6991345amaiasalamancarosaurovarolleganfiestacelebraborisiza.jpg\"   width=\"653\" height=\"1024\" loading=\"lazy\" decoding=\"async\" alt=\"Amaia Salamanca y Rosauro Varo llegan a la fiesta que celebra Boris Izaguirre con motivo de su sesenta cumplea\u00f1os, a 29 de septiembre de 2025, en Madrid (Espa\u00f1a)&#10;&#10;Jos\u00e9 Oliva \/ Europa Press&#10;29\/9\/2025\" fetchpriority=\"auto\" class=\"image ho-image\"\/>\u00a9 Europa Press<\/p>\n<p class=\"\" id=\"eLz1_Lhka1O\" data-wc=\"21\"><a class=\"hm-link ho-link\" href=\"https:\/\/www.hola.com\/actualidad\/20240509253708\/victor-manuel-nietos\/\" data-mrf-recirculation=\"article-body-link\" rel=\"nofollow noopener\" target=\"_blank\">V\u00edctor Manuel y Ana Bel\u00e9n<\/a> tambi\u00e9n acudieron con un regalo de Taschen para Boris, a quien definieron como un gran amigo.<\/p>\n<p> <img src=\"https:\/\/www.europesays.com\/es\/wp-content\/uploads\/2025\/09\/445ac698412c-europapress6991339victormanuelanabelenlleganfiestacelebraborisizaguirr.jpg\"   width=\"678\" height=\"1024\" loading=\"lazy\" decoding=\"async\" alt=\"V\u00edctor Manuel y Ana Bel\u00e9n llegan a la fiesta que celebra Boris Izaguirre con motivo de su 60 cumplea\u00f1os, a 29 de septiembre de 2025, en Madrid  \" fetchpriority=\"auto\" class=\"image ho-image\"\/>\u00a9 Europa Press<\/p>\n<p id=\"eV3MzPw8ga\" data-wc=\"40\">La duquesa de Montoro y su marido tampoco faltaron a la cita. La pareja, que ya tiene todo listo para <a class=\"hm-link ho-link\" href=\"https:\/\/www.hola.com\/actualidad\/20250319820739\/cayetano-martinez-de-irujo-barbara-mirjan-se-casan-tras-10-anyos-juntos\/\" data-mrf-recirculation=\"article-body-link\" rel=\"nofollow noopener\" target=\"_blank\">la inminente boda de Cayetano Mart\u00ednez de Irujo y B\u00e1rbara Mirjan<\/a>, mantiene una estrecha amistad con Boris desde hace a\u00f1os.\u00a0<\/p>\n<p> <img src=\"https:\/\/www.europesays.com\/es\/wp-content\/uploads\/2025\/09\/bf5f23a296d0-dlu592185015.jpg\"   width=\"1080\" height=\"1080\" loading=\"lazy\" decoding=\"async\" alt=\"Narc\u00eds Rebollo y Eugenia Mart\u00ednez de Irujo en el 60 cumplea\u00f1os de Boris Izaguirre en Madrid. 29 de septiembre de 2025\" fetchpriority=\"auto\" class=\"image ho-image\"\/>\u00a9 GTRES<\/p>\n<p id=\"eT6d4ehFNJe\" data-wc=\"65\">Eugenia siempre se ha referido al escritor como \u00ab<strong>mi querid\u00edsimo Boris<\/strong>\u00ab, y este, durante su paso por MasterChef Celebrity, no dud\u00f3 en definir a la hija de la duquesa de Alba como una de sus mejores \u00abamigas herederas\u00bb. \u00ab<strong>No persigo conocerlas, pero una vez que las conozco, para ellas es como si se encontraran a esa hermana perdida que las comprende<\/strong>\u00ab, explic\u00f3 sobre su amistad.\u00a0<\/p>\n<p> <img src=\"https:\/\/www.europesays.com\/es\/wp-content\/uploads\/2025\/09\/2ee635d883e2-europapress6991318eugeniamartinezirujonarcisrebollolleganfiestacelebra.jpg\"   width=\"1080\" height=\"1800\" loading=\"lazy\" decoding=\"async\" alt=\"Eugenia Mart\u00ed\u00adnez de Irujo y Narc\u00ed\u00ads  Rebollo llegan a la fiesta que celebra Boris Izaguirre con motivo de su sesenta cumplea\u00f1os, a 29 de septiembre de 2025, en Madrid \" fetchpriority=\"auto\" class=\"image ho-image\"\/>\u00a9 Europa Press<\/p>\n<p id=\"e3uDRYOrCj-\" data-wc=\"50\">Horas antes de la celebraci\u00f3n, Boris fue fotografiado a las puertas de su domicilio mientras ultimaba los preparativos de la gran noche, en la que no faltaron los globos de color rosa. Visiblemente ilusionado, agradeci\u00f3 a los reporteros sus felicitaciones y <strong>confes\u00f3 que cumplir un n\u00famero tan redondo era \u00abfant\u00e1stico\u00bb<\/strong>.\u00a0<\/p>\n<p> <img src=\"https:\/\/www.europesays.com\/es\/wp-content\/uploads\/2025\/09\/1384bed6b3cb-dlu592183011.jpg\"   width=\"1024\" height=\"682\" loading=\"lazy\" decoding=\"async\" alt=\"Boris Izaguirre during his birthday in Madrid on Monday, 29 September 2025.&#10;&#10;&#10;******EXCLUSIVE**********\" fetchpriority=\"auto\" class=\"image ho-image\"\/>\u00a9 GTRES<\/p>\n<p> <img src=\"https:\/\/www.europesays.com\/es\/wp-content\/uploads\/2025\/09\/5c3559139175-dlu592183003.jpg\"   width=\"682\" height=\"1024\" loading=\"lazy\" decoding=\"async\" alt=\" during his birthday in Madrid on Monday, 29 September 2025.&#10;&#10;&#10;******EXCLUSIVE**********\" fetchpriority=\"auto\" class=\"image ho-image\"\/>\u00a9 GTRES<\/p>\n<p> <img src=\"https:\/\/www.europesays.com\/es\/wp-content\/uploads\/2025\/09\/5e5c422992b6-dlu592183005.jpg\"   width=\"682\" height=\"1024\" loading=\"lazy\" decoding=\"async\" alt=\"Boris Izaguirre during his 60 birthday in Madrid on Monday, 29 September 2025.&#10;\" fetchpriority=\"auto\" class=\"image ho-image\"\/>\u00a9 GTRES<\/p>\n<p id=\"e6rl-DKIKe\" data-wc=\"61\">Eso s\u00ed, asegur\u00f3 que \u00e9l no hab\u00eda tenido nada que ver con la organizaci\u00f3n de la fiesta, ya que todo hab\u00eda corrido a cargo de su marido, el interiorista gallego Rub\u00e9n Nogueira. \u00ab<strong>Rub\u00e9n lo ha organizado todo. Yo soy un invitado m\u00e1s<\/strong>\u00ab, afirm\u00f3 con humor, aunque reconoci\u00f3 que le hab\u00eda tocado hacer alg\u00fan recado. \u00ab<strong>Ahora voy a buscar jam\u00f3n<\/strong>\u00ab, a\u00f1adi\u00f3 divertido.<\/p>\n","protected":false},"excerpt":{"rendered":"Boris Izaguirre\u00a0celebr\u00f3 su 60 cumplea\u00f1os con una gran fiesta a la que asistieron algunos de sus mejores amigos.&hellip;\n","protected":false},"author":2,"featured_media":148438,"comment_status":"","ping_status":"","sticky":false,"template":"","format":"standard","meta":{"footnotes":""},"categories":[174],"tags":[517,15202,19187,17306,44520,255,146,147,25,24,20221,256,45358,45356,45357,23,42290],"class_list":{"0":"post-148437","1":"post","2":"type-post","3":"status-publish","4":"format-standard","5":"has-post-thumbnail","7":"category-famosos","8":"tag-actualidad","9":"tag-alex-de-la-iglesia","10":"tag-amaia-salamanca","11":"tag-ana-belen","12":"tag-boris-izaguirre","13":"tag-celebrities","14":"tag-entertainment","15":"tag-entretenimiento","16":"tag-es","17":"tag-espana","18":"tag-eugenia-martinez-de-irujo","19":"tag-famosos","20":"tag-narcis-rebollo","21":"tag-raquel-sanchez-silva","22":"tag-rosauro-varo","23":"tag-spain","24":"tag-victor-manuel"},"share_on_mastodon":{"url":"","error":""},"_links":{"self":[{"href":"https:\/\/www.europesays.com\/es\/wp-json\/wp\/v2\/posts\/148437","targetHints":{"allow":["GET"]}}],"collection":[{"href":"https:\/\/www.europesays.com\/es\/wp-json\/wp\/v2\/posts"}],"about":[{"href":"https:\/\/www.europesays.com\/es\/wp-json\/wp\/v2\/types\/post"}],"author":[{"embeddable":true,"href":"https:\/\/www.europesays.com\/es\/wp-json\/wp\/v2\/users\/2"}],"replies":[{"embeddable":true,"href":"https:\/\/www.europesays.com\/es\/wp-json\/wp\/v2\/comments?post=148437"}],"version-history":[{"count":0,"href":"https:\/\/www.europesays.com\/es\/wp-json\/wp\/v2\/posts\/148437\/revisions"}],"wp:featuredmedia":[{"embeddable":true,"href":"https:\/\/www.europesays.com\/es\/wp-json\/wp\/v2\/media\/148438"}],"wp:attachment":[{"href":"https:\/\/www.europesays.com\/es\/wp-json\/wp\/v2\/media?parent=148437"}],"wp:term":[{"taxonomy":"category","embeddable":true,"href":"https:\/\/www.europesays.com\/es\/wp-json\/wp\/v2\/categories?post=148437"},{"taxonomy":"post_tag","embeddable":true,"href":"https:\/\/www.europesays.com\/es\/wp-json\/wp\/v2\/tags?post=148437"}],"curies":[{"name":"wp","href":"https:\/\/api.w.org\/{rel}","templated":true}]}}