{"id":148439,"date":"2025-09-30T11:21:09","date_gmt":"2025-09-30T11:21:09","guid":{"rendered":"https:\/\/www.europesays.com\/es\/148439\/"},"modified":"2025-09-30T11:21:09","modified_gmt":"2025-09-30T11:21:09","slug":"juanma-moreno-publica-en-octubre-su-primer-libro-manual-de-convivencia","status":"publish","type":"post","link":"https:\/\/www.europesays.com\/es\/148439\/","title":{"rendered":"Juanma Moreno publica en octubre su primer libro, &#8216;Manual de convivencia&#8217;"},"content":{"rendered":"<p><img decoding=\"async\" class=\"voc-author__img\" src=\"https:\/\/www.europesays.com\/es\/wp-content\/uploads\/2025\/09\/autor-3915-foto-2.jpeg\" alt=\"Mercedes Ben\u00edtez\"\/><\/p>\n<p>30\/09\/2025<br \/>\n<br \/><strong><br \/>\nActualizado a las 12:47h.<br \/>\n<\/strong><\/p>\n<p class=\"voc-p\" style=\"\">Juama Moreno hace su primera incursi\u00f3n en el mundo editorial. El pr\u00f3ximo d\u00eda 29 de octubre saldr\u00e1 a la venta un libro, el primero del presidente de la Junta de Andaluc\u00eda. Se titular\u00e1 <strong>&#8216;Manual de Convivencia&#8217; y lleva como subt\u00edtulo &#8216;La v\u00eda andaluza&#8217;. <\/strong><\/p>\n<p class=\"voc-p\" style=\"\">Publicado por la editorial Espasa, el texto tratar\u00e1 sobre el cambio pol\u00edtico en Andaluc\u00eda. y llega cuando Juanma Moreno ha cumplido seis a\u00f1os gobernando la comunidad aut\u00f3noma y en un momento en el que las elecciones auton\u00f3micas se aproximan ya que la legislatura concluye oficialmente el pr\u00f3ximo mes de junio.<\/p>\n<p class=\"voc-p\" style=\"\">En el libro el presidente de la Junta de Andaluc\u00eda, una de las figuras m\u00e1s relevantes del actual panorama pol\u00edtico espa\u00f1ol, ofrece \u00abun <strong>testimonio sincero y humano\u00bb<\/strong> que combina sus memorias personales con su trayectoria pol\u00edtica, seg\u00fan informa la editorial Espasa.<\/p>\n<p><img decoding=\"async\" loading=\"lazy\" src=\"https:\/\/www.europesays.com\/es\/wp-content\/uploads\/2025\/09\/juanma-libro-manual-U58576533607PUm-624x385@diario_abc.png\" class=\"voc-img\" width=\"624\" height=\"385\" alt=\"Juanma Moreno publica en octubre su primer libro, 'Manual de convivencia'\" data-voc-vtm-id=\"in-text-traffic\"\/><\/p>\n<p class=\"voc-p\" style=\"\">Seg\u00fan la editorial, en estas p\u00e1ginas que saldr\u00e1n a la venta el pr\u00f3ximo d\u00eda 30 de octubre, el autor defiende la puesta en pr\u00e1ctica de lo que denomina \u00abla v\u00eda andaluza\u00bb: <strong>una forma sosegada, sin estridencias ni ataques agresivos<\/strong>, de relacionarse con los dem\u00e1s, basada en la escucha, el respeto y la eficacia en la gesti\u00f3n, con lo que ha conseguido afianzar su posici\u00f3n frente a otras opciones pol\u00edticas en la comunidad aut\u00f3noma m\u00e1s poblada de Espa\u00f1a.<\/p>\n<p>\nCambio pol\u00edtico\n<\/p>\n<p class=\"voc-p\" style=\"\">\u00abGracias a esa f\u00f3rmula, en 2018 consigui\u00f3 lo que parec\u00eda imposible: el cambio pol\u00edtico en Andaluc\u00eda y que, cuatro a\u00f1os despu\u00e9s, los propios andaluces refrendaran esa buena gesti\u00f3n otorg\u00e1ndole la mayor\u00eda absoluta\u00bb, dice la rese\u00f1a que ha hecho p\u00fablica la editorial. <\/p>\n<p class=\"voc-p\" style=\"\">El nombre del volumen parece hacer un gui\u00f1o al que public\u00f3 el presidente del Gobierno, Pedro S\u00e1nchez que llevaba por t\u00edtulo &#8216;Manual de resistencia&#8217;.  Un titular que adem\u00e1s pretende poner de manifiesto el contraste de formas de hacer pol\u00edtica, entre la moderaci\u00f3n de Juanma Moreno, que repite insistentemente que<strong> hay que huir de la polarizaci\u00f3n de las formaciones extremas<\/strong>, y la de  resistencia de S\u00e1nchez tras siete a\u00f1os en La Moncloa apoy\u00e1ndose en partidos independentistas y aguantando pese a los esc\u00e1ndalos de corrupci\u00f3n que le rodean. <\/p>\n<p class=\"voc-p\" style=\"\">En cuanto al subt\u00edtulo, &#8216;la v\u00eda andaluza&#8217;, a la espera de que el libro salga a la venta, se intuye una clara defensa de la f\u00f3rmula por la que el presidente andaluz ha optado en los \u00faltimos tiempos consistente en hacer notar que era posible ponerse de acuerdo con el Gobierno central <strong>para as\u00ed diferenciarse de otras comunidades aut\u00f3nomas del PP<\/strong> y mantener que era posible el acuerdo y el consenso frente a la confrontaci\u00f3n.<\/p>\n<p class=\"voc-p\" style=\"\">Juanma Moreno tiene 55 a\u00f1os y lleg\u00f3 a la Presidencia de la Junta de Andaluc\u00eda en 2019 convirti\u00e9ndose en el primer jefe del ejecutivo andaluz de la historia auton\u00f3mica tras ganar las elecciones despu\u00e9s de d\u00e9cadas de gobiernos socialistas y desbancando del palacio de San Telmo a la socialistas Susana D\u00edaz. <\/p>\n<p class=\"voc-p\" style=\"\">El libro llega en un momento en el que todo son especulaciones acerca de un posible adelanto electoral que el presidente niega insistiendo en que las elecciones ser\u00e1n en la primavera, probablemente en el mes de junio. La publicaci\u00f3n del manual se produce en la recta final de su segunda legislatura en la que gobierna por mayor\u00eda absoluta.<\/p>\n<p>Reportar un error<\/p>\n","protected":false},"excerpt":{"rendered":"30\/09\/2025 Actualizado a las 12:47h. Juama Moreno hace su primera incursi\u00f3n en el mundo editorial. El pr\u00f3ximo d\u00eda&hellip;\n","protected":false},"author":2,"featured_media":148440,"comment_status":"","ping_status":"","sticky":false,"template":"","format":"standard","meta":{"footnotes":""},"categories":[172],"tags":[224,146,147,25,24,20482,1496,225,1712,9072,977,4500,23],"class_list":{"0":"post-148439","1":"post","2":"type-post","3":"status-publish","4":"format-standard","5":"has-post-thumbnail","7":"category-libros","8":"tag-books","9":"tag-entertainment","10":"tag-entretenimiento","11":"tag-es","12":"tag-espana","13":"tag-juanma","14":"tag-libro","15":"tag-libros","16":"tag-moreno","17":"tag-octubre","18":"tag-primer","19":"tag-publica","20":"tag-spain"},"share_on_mastodon":{"url":"","error":""},"_links":{"self":[{"href":"https:\/\/www.europesays.com\/es\/wp-json\/wp\/v2\/posts\/148439","targetHints":{"allow":["GET"]}}],"collection":[{"href":"https:\/\/www.europesays.com\/es\/wp-json\/wp\/v2\/posts"}],"about":[{"href":"https:\/\/www.europesays.com\/es\/wp-json\/wp\/v2\/types\/post"}],"author":[{"embeddable":true,"href":"https:\/\/www.europesays.com\/es\/wp-json\/wp\/v2\/users\/2"}],"replies":[{"embeddable":true,"href":"https:\/\/www.europesays.com\/es\/wp-json\/wp\/v2\/comments?post=148439"}],"version-history":[{"count":0,"href":"https:\/\/www.europesays.com\/es\/wp-json\/wp\/v2\/posts\/148439\/revisions"}],"wp:featuredmedia":[{"embeddable":true,"href":"https:\/\/www.europesays.com\/es\/wp-json\/wp\/v2\/media\/148440"}],"wp:attachment":[{"href":"https:\/\/www.europesays.com\/es\/wp-json\/wp\/v2\/media?parent=148439"}],"wp:term":[{"taxonomy":"category","embeddable":true,"href":"https:\/\/www.europesays.com\/es\/wp-json\/wp\/v2\/categories?post=148439"},{"taxonomy":"post_tag","embeddable":true,"href":"https:\/\/www.europesays.com\/es\/wp-json\/wp\/v2\/tags?post=148439"}],"curies":[{"name":"wp","href":"https:\/\/api.w.org\/{rel}","templated":true}]}}