{"id":148453,"date":"2025-09-30T11:31:19","date_gmt":"2025-09-30T11:31:19","guid":{"rendered":"https:\/\/www.europesays.com\/es\/148453\/"},"modified":"2025-09-30T11:31:19","modified_gmt":"2025-09-30T11:31:19","slug":"detenida-por-intentar-matar-a-su-hija-de-10-anos-dandole-pastillas-se-encontraba-sumida-en-un-estado-de-depresion-el-mundo","status":"publish","type":"post","link":"https:\/\/www.europesays.com\/es\/148453\/","title":{"rendered":"Detenida por intentar matar a su hija de 10 a\u00f1os d\u00e1ndole pastillas: &quot;Se encontraba sumida en un estado de depresi\u00f3n&quot; &#8211; El Mundo"},"content":{"rendered":"<ol>\n<li><a href=\"https:\/\/news.google.com\/rss\/articles\/CBMiekFVX3lxTE9GZVVZUXVtWG5VVk96aTB6VXVvNlZzV2xBQXZ1NXNuWXJnMkhBakdMR3VTWFE0eW1GbWZFWWdTb3B6TzZxTzFSZkNkMnZoZEZjZ0wyLUU0R1JoX1kzWTB6SW9BZF9lTG1QQ3ozcWt2ZEhTTDRiaUpXMm5R?oc=5\" target=\"_blank\" rel=\"nofollow noopener\">Detenida por intentar matar a su hija de 10 a\u00f1os d\u00e1ndole pastillas: \u00abSe encontraba sumida en un estado de depresi\u00f3n\u00bb<\/a>&nbsp;&nbsp;El Mundo<\/li>\n<li><a href=\"https:\/\/news.google.com\/rss\/articles\/CBMixAFBVV95cUxORkVIaWNBdjNPSDZMZjBKU1FWc1ZJMVY2UFFJcGZaaHZRV1lEY0JMTHBZQlY5YUc2TkdLdUhxRHUxOUJXR0lhLWZrczFPQzdnYlZ6ci0ySFhlQmVFeWZlMWtOeWJaQllJTVgyazlqN2EwSEFqQktnNGhnZUFSZ0E3R1lfR3ppRTBnUnZZWmFzaEZEejNIamFPclR0RnRuR3N0VXpGblRXQmwzUWhlcENuUzBEQkkwYTRqa3ExN01CMjdaSzhS0gHKAUFVX3lxTE1iNEdlVkxrMkZoRExaazBUNWpFV3dUNFo1cXY4UjYtMHNHRWw2NG1xclI4WGZKOEJ2MUhVNDFCdmVmNXNqS25TcGRXWEVzbkNMYXhFTzZQT3lnb0x0TGJvRl8wTUdySzRENkZpa1JtRDEzMjFhaHV3ZndjVm0yN0sxYWwtd3FrTjMtOVd2ZTlxZDk1ODJXejlZUVgwVFRHc3pWcGUtTlZYN0w2b3AxOHoxQnhjWnY4M3dHOGFvMENsQzZoSC13V2dxMVE?oc=5\" target=\"_blank\" rel=\"nofollow noopener\">Detenida una mujer por intentar matar a su hija de 10 a\u00f1os con medicamentos en el yogur<\/a>&nbsp;&nbsp;La Vanguardia<\/li>\n<li><a href=\"https:\/\/news.google.com\/rss\/articles\/CBMirAFBVV95cUxONGNkdG4yeTd2Qmk4Rlh4MlBtQlp1N25RTUJmX19RaTVHbDlsa1pXbGxBbGZGcHlXUnk5MC12M0NTWUJvZ2Y2eUVZNFVIejNpM0JJUjM3bE43UkljMURsVWFWeFlSekRXMENrQVFUUTVJVVNsdTR5YkE3R1hGRExhVkM1d0J3V2ZNMTU2M3drZmwtdndHNnNSRnkyUmJZT2lDRzRhaDlEc2N5REFV?oc=5\" target=\"_blank\" rel=\"nofollow noopener\">Detenida por intentar asesinar a su hija de 10 a\u00f1os con pastillas en un yogur en Ciudad Lineal<\/a>&nbsp;&nbsp;ABC<\/li>\n<li><a href=\"https:\/\/news.google.com\/rss\/articles\/CBMihgJBVV95cUxOYXNaRWRZakdfeklUNExEN2taakVxN3BGSVlaLWJXZHktLXNGZkhLODZQb2pFWTgzcHd5X2hWQ1ExZEFZUFlBd1lqWEdVQnlNdDQwWDdmT0h5MjJnaERQRDNfbDN0WUZUY1A1cC1qcVJDVkppWWg0R1lWTkdDQ19ubGg1TmpuRmVIb0t5NUkzR1lvUlNRVkZfTjR0akJkYWIzUG1PSnNwR0Jmd2pRSzNQenFEZWI4TWdMeXlVeTFVaFJ4M3JMaExpNlliTS1nRXVWMF9nMS05ZzhsUHphSFBEUzJkZHgxMVd2dVhUdGdfbldDdWlPN3YzZ0Vxc01GQnJXamE1NWFB0gGLAkFVX3lxTFA1WXZ6THpMZm1KMnBVNlY4SHViRUczeXlObmJIdy1qZE54SHBtRnlYRTRBdXBOTjRxQ09oUEZmZmhpVFJNUWYyNjgxVWtBTlBNbVFQb19nZnRZdzEtaUtJcmZoajUtS3A5cFp1NS04UXl1RGJqMnVidTVpblpmMlAzYm5xblRYX01nRkNsdTJINy1OSWlSYkhmNVlTSURDNG1iY0hmODJFVDVIV0JqcktvSGNYUmdoYjd2QlJGTmZjbkNmR3NHVUc3SVNPRmhmZldqdmhCdTdYZ0ZnUE5NUDFSTjdHcmhJVDg4Zk0xZVA4bTdhNThrT0NYYlRkVUtzbFZPZ2ZpVldnQWdBWQ?oc=5\" target=\"_blank\" rel=\"nofollow noopener\">La Polic\u00eda detiene a una madre por intentar matar a su hija de 10 a\u00f1os en Pueblo Nuevo<\/a>&nbsp;&nbsp;Telemadrid<\/li>\n<li><a href=\"https:\/\/news.google.com\/rss\/articles\/CBMizAFBVV95cUxQYkgta2pQbU0zUVN2bXNrank1VG5iejA3Y1kyVmxJeVpUR1dYd1JPc3pzUGhlekxISzlpN05hS1hSRUU2TjVTV0ZvZ3Z3cTFheE5wQWJoRVBuMzZORlFEUklmaW01YVl6a00yb2g1VzJrRlFkd3RGUXlfRkMyQ3JNSEREUngyYURCUWtOUk04QUc1eGhTWlZFbFVEQWxSSTdITG9UR0tMRXNiUWtiNVZpSDczRU8yaEgxV1hVQnhaUGRaQ3hfaV92MS1jdk_SAdgBQVVfeXFMTzBaWFFJcHRUR051WHpWeWRlUV9wNEFMcU5HT1AwdzVjNFBVbnowS09ScTZnS0xWM3dGZ2hiNjNwYVVsNERydzFlV1p1eS1UOWlGd0NINFlMWUMyOXJfM0VZWUJGX2FqREhZWmkwYlVxbURtRnFQYXYzU2VaaUJtdktneThpMTBTSTFkVENnTGpKTDV4dzVCZ0NwbUloUXc5WHVMZ2M5dVdXdjd6Nnk0YU00c09QejhZVk1Pc0o4cGNKbXQzMks2OU1ISlp5UVp2QXRadGVHRWk2?oc=5\" target=\"_blank\" rel=\"nofollow noopener\">Detenida por intentar matar a su hija con pastillas antidepresivas en Ciudad Lineal<\/a>&nbsp;&nbsp;Telecinco<\/li>\n<\/ol>\n","protected":false},"excerpt":{"rendered":"Detenida por intentar matar a su hija de 10 a\u00f1os d\u00e1ndole pastillas: \u00abSe encontraba sumida en un estado&hellip;\n","protected":false},"author":2,"featured_media":148454,"comment_status":"","ping_status":"","sticky":false,"template":"","format":"standard","meta":{"footnotes":""},"categories":[8],"tags":[17,18,25,24,13,14,11,19,20,205,9,10,15,16,23,12,21,22],"class_list":{"0":"post-148453","1":"post","2":"type-post","3":"status-publish","4":"format-standard","5":"has-post-thumbnail","7":"category-espana","8":"tag-breaking-news","9":"tag-breakingnews","10":"tag-es","11":"tag-espana","12":"tag-featured-news","13":"tag-featurednews","14":"tag-headlines","15":"tag-latest-news","16":"tag-latestnews","17":"tag-madrid","18":"tag-news","19":"tag-noticias","20":"tag-noticias-destacadas","21":"tag-noticiasdestacadas","22":"tag-spain","23":"tag-titulares","24":"tag-ultimas-noticias","25":"tag-ultimasnoticias"},"share_on_mastodon":{"url":"","error":""},"_links":{"self":[{"href":"https:\/\/www.europesays.com\/es\/wp-json\/wp\/v2\/posts\/148453","targetHints":{"allow":["GET"]}}],"collection":[{"href":"https:\/\/www.europesays.com\/es\/wp-json\/wp\/v2\/posts"}],"about":[{"href":"https:\/\/www.europesays.com\/es\/wp-json\/wp\/v2\/types\/post"}],"author":[{"embeddable":true,"href":"https:\/\/www.europesays.com\/es\/wp-json\/wp\/v2\/users\/2"}],"replies":[{"embeddable":true,"href":"https:\/\/www.europesays.com\/es\/wp-json\/wp\/v2\/comments?post=148453"}],"version-history":[{"count":0,"href":"https:\/\/www.europesays.com\/es\/wp-json\/wp\/v2\/posts\/148453\/revisions"}],"wp:featuredmedia":[{"embeddable":true,"href":"https:\/\/www.europesays.com\/es\/wp-json\/wp\/v2\/media\/148454"}],"wp:attachment":[{"href":"https:\/\/www.europesays.com\/es\/wp-json\/wp\/v2\/media?parent=148453"}],"wp:term":[{"taxonomy":"category","embeddable":true,"href":"https:\/\/www.europesays.com\/es\/wp-json\/wp\/v2\/categories?post=148453"},{"taxonomy":"post_tag","embeddable":true,"href":"https:\/\/www.europesays.com\/es\/wp-json\/wp\/v2\/tags?post=148453"}],"curies":[{"name":"wp","href":"https:\/\/api.w.org\/{rel}","templated":true}]}}