{"id":148457,"date":"2025-09-30T11:35:10","date_gmt":"2025-09-30T11:35:10","guid":{"rendered":"https:\/\/www.europesays.com\/es\/148457\/"},"modified":"2025-09-30T11:35:10","modified_gmt":"2025-09-30T11:35:10","slug":"fecha-confirmada-de-su-pelea","status":"publish","type":"post","link":"https:\/\/www.europesays.com\/es\/148457\/","title":{"rendered":"fecha confirmada de su pelea"},"content":{"rendered":"<p data-mrf-recirculation=\"Links P\u00e1rrafos\" class=\"ue-c-article__paragraph paragraph ue-c-article--first-letter-highlighted\">Lo que era un<strong> secreto a voces <\/strong>ya se ha confirmado. <strong>Joel \u00c1lvarez (22-3)<\/strong> est\u00e1 de vuelta. Tal y como adelant\u00f3 el periodista \u00c1lvaro Colmenero hace unos d\u00edas, &#8216;El Fen\u00f3meno&#8217; debutar\u00e1 en <strong>peso w\u00e9lter <\/strong>ante <strong>Vicente Luque<\/strong>\u00a0(23-11-1) el pr\u00f3ximo 11 de octubre en UFC R\u00edo. Durante la retransmisi\u00f3n del UFC Perth de este s\u00e1bado, la promotora comparti\u00f3 una foto de la <strong>cartelera estelar,<\/strong> y el peleador asturiano ocupar\u00e1 el lugar que ha dejado vacante<strong> Santiago Ponzinibbio<\/strong> -lesi\u00f3n- en el tercer combate m\u00e1s importante de la velada.<\/p>\n<p data-mrf-recirculation=\"Links P\u00e1rrafos\" class=\"ue-c-article__paragraph paragraph\">Tras<strong> noquear <\/strong>a Drakkar Klose en el primer asalto en diciembre, Joel confes\u00f3 que le quedaba como mucho <strong>una pelea m\u00e1s <\/strong>en peso ligero. Despu\u00e9s de mucho esfuerzo, &#8216;El Fen\u00f3meno&#8217; hab\u00eda vuelto al <strong>top 15 <\/strong>de las 155 libras, pero su cuerpo sufr\u00eda demasiado con el <strong>corte de peso.<\/strong>\u00a0<\/p>\n<p data-mrf-recirculation=\"Links P\u00e1rrafos\" class=\"ue-c-article__paragraph paragraph\">Ese \u00faltimo combate en la divisi\u00f3n lo iba a disputar ante <strong>Benoit Saint Denis<\/strong> el pasado mayo en el UFC 315, pero una<strong> lesi\u00f3n en la mano <\/strong>le oblig\u00f3 a cancelar la pelea. El gijon\u00e9s entendi\u00f3 esto como una <strong>se\u00f1al<\/strong>, y decidi\u00f3 que era el momento de cambiar de categor\u00eda.<\/p>\n<p data-mrf-recirculation=\"Links P\u00e1rrafos\" class=\"ue-c-article__paragraph paragraph\">Luque no es un <strong>peleador rankeado<\/strong> en el peso w\u00e9lter, pero s\u00ed que lo ha estado durante mucho tiempo y una victoria ante \u00e9l le asegurar\u00eda quedarse <strong>a las puertas<\/strong> del top 15 de esta divisi\u00f3n. Al no tener que cortar tanto peso, Joel ha podido aceptar la pelea en<strong> corto aviso<\/strong> y en menos de dos semanas estar\u00e1 presente en <strong>R\u00edo de Janeiro<\/strong> para intentar sumar su <strong>cuarta victoria seguida<\/strong> y mantener ese porcentaje de 100% de finalizaciones.<\/p>\n<p><img decoding=\"async\" width=\"768\" height=\"512\" class=\"ue-c-article__image lazyload\" alt=\"Charles Oliveira, en una imagen de archivo.\" loading=\"lazy\" src=\"https:\/\/www.europesays.com\/es\/wp-content\/uploads\/2025\/09\/67331cd484368.jpeg\"\/><\/p>\n<p>Charles Oliveira, en una imagen de archivo.UFC.<\/p>\n<p>Una cartelera con bajas importantes<\/p>\n<p data-mrf-recirculation=\"Links P\u00e1rrafos\" class=\"ue-c-article__paragraph paragraph\">Este evento parece <strong>maldito<\/strong>, ya que <strong>Rafael Fiziev<\/strong> tambi\u00e9n tuvo que bajarse del combate estelar frente a Charles Oliveira por una<strong> lesi\u00f3n en la rodilla.<\/strong> El reemplazo de &#8216;Ataman&#8217; ser\u00e1 <strong>Mateusz Gamrot<\/strong>, al que le ha surgido una <strong>oportunidad de oro<\/strong> para escalar de manera notable en los r\u00e1nkings. Sin embargo, el <strong>ex campe\u00f3n<\/strong> de peso ligero vuelve a pelear frente a su p\u00fablico m\u00e1s de <strong>cinco a\u00f1os despu\u00e9s<\/strong>, por lo que le pondr\u00e1 las cosas dif\u00edciles a pesar de haber sufrido un brutal K.O. a manos de<strong> Ilia Topuria<\/strong> hace tres meses.<\/p>\n<p data-mrf-recirculation=\"Links P\u00e1rrafos\" class=\"ue-c-article__paragraph paragraph\">Obviamente, la cartelera tendr\u00e1 varios <strong>\u00eddolos locales<\/strong>, como el ex campe\u00f3n de peso mosca <strong>Deiveson Figueiredo.<\/strong> &#8216;Figgy&#8217; se lesion\u00f3 en su combate ante Cory Sandhagen el pasado mayo, pero parece haberse <strong>recuperado <\/strong>antes de lo previsto y est\u00e1 preparado para enfrentarse a un buen prospecto como <strong>Montel Jackson. <\/strong>Gabriel Bonfim se enfrentar\u00e1 a Randy Brown, Jhonata Diniz a <strong>Mario Pinto<\/strong>&#8230; Buenos enfrentamientos que har\u00e1n que el evento no defraude.<\/p>\n<p data-mrf-recirculation=\"Links P\u00e1rrafos\" class=\"ue-c-article__paragraph paragraph\">Joel \u00c1lvarez quer\u00eda volver<strong> lo antes posible<\/strong> al oct\u00e1gono para recuperar el terreno perdido estos \u00faltimos meses y para que su nombre vuelva a sonar con fuerza, y esta oportunidad le llega en el <strong>momento indicado<\/strong>. A pesar de que la divisi\u00f3n de peso w\u00e9lter es posiblemente la <strong>m\u00e1s dura<\/strong> de toda la UFC, el gijon\u00e9s es lo suficientemente <strong>completo<\/strong> para hacerse hueco en la <strong>parte alta<\/strong> del r\u00e1nking. Su primer escollo ser\u00e1 un <strong>veterano<\/strong> que definir\u00e1 el futuro inmediato de &#8216;El Fen\u00f3meno&#8217; en la compa\u00f1\u00eda.<\/p>\n","protected":false},"excerpt":{"rendered":"Lo que era un secreto a voces ya se ha confirmado. Joel \u00c1lvarez (22-3) est\u00e1 de vuelta. Tal&hellip;\n","protected":false},"author":2,"featured_media":148458,"comment_status":"","ping_status":"","sticky":false,"template":"","format":"standard","meta":{"footnotes":""},"categories":[276],"tags":[168,25,24,23,167,343],"class_list":{"0":"post-148457","1":"post","2":"type-post","3":"status-publish","4":"format-standard","5":"has-post-thumbnail","7":"category-ufc","8":"tag-deportes","9":"tag-es","10":"tag-espana","11":"tag-spain","12":"tag-sports","13":"tag-ufc"},"share_on_mastodon":{"url":"","error":""},"_links":{"self":[{"href":"https:\/\/www.europesays.com\/es\/wp-json\/wp\/v2\/posts\/148457","targetHints":{"allow":["GET"]}}],"collection":[{"href":"https:\/\/www.europesays.com\/es\/wp-json\/wp\/v2\/posts"}],"about":[{"href":"https:\/\/www.europesays.com\/es\/wp-json\/wp\/v2\/types\/post"}],"author":[{"embeddable":true,"href":"https:\/\/www.europesays.com\/es\/wp-json\/wp\/v2\/users\/2"}],"replies":[{"embeddable":true,"href":"https:\/\/www.europesays.com\/es\/wp-json\/wp\/v2\/comments?post=148457"}],"version-history":[{"count":0,"href":"https:\/\/www.europesays.com\/es\/wp-json\/wp\/v2\/posts\/148457\/revisions"}],"wp:featuredmedia":[{"embeddable":true,"href":"https:\/\/www.europesays.com\/es\/wp-json\/wp\/v2\/media\/148458"}],"wp:attachment":[{"href":"https:\/\/www.europesays.com\/es\/wp-json\/wp\/v2\/media?parent=148457"}],"wp:term":[{"taxonomy":"category","embeddable":true,"href":"https:\/\/www.europesays.com\/es\/wp-json\/wp\/v2\/categories?post=148457"},{"taxonomy":"post_tag","embeddable":true,"href":"https:\/\/www.europesays.com\/es\/wp-json\/wp\/v2\/tags?post=148457"}],"curies":[{"name":"wp","href":"https:\/\/api.w.org\/{rel}","templated":true}]}}