{"id":148483,"date":"2025-09-30T11:50:09","date_gmt":"2025-09-30T11:50:09","guid":{"rendered":"https:\/\/www.europesays.com\/es\/148483\/"},"modified":"2025-09-30T11:50:09","modified_gmt":"2025-09-30T11:50:09","slug":"la-cultura-argentina-llena-madrid-en-octubre-con-danza-musica-cine-y-teatro","status":"publish","type":"post","link":"https:\/\/www.europesays.com\/es\/148483\/","title":{"rendered":"La cultura argentina llena Madrid en octubre con danza, m\u00fasica, cine y teatro"},"content":{"rendered":"<p>Este mes de octubre, la oferta cultural en los espacios municipales de Madrid dedicar\u00e1 un amplio espacio a Argentina. 21 DISTRITOS, el programa de dinamizaci\u00f3n del \u00c1rea de Cultura, Turismo y Deporte, tendr\u00e1 una programaci\u00f3n especial de actividades en Latina, Retiro, Arganzuela, Puente de Vallecas y Moncloa con la Ciudad Aut\u00f3noma de Buenos Aires (CABA), dentro del programa \u2018Buenos Aires en Madrid\u2019. En este \u00faltimo se incluyen otras propuestas en espacios como Matadero Madrid y Cineteca, adem\u00e1s de un concierto especial de la Banda Sinf\u00f3nica municipal.<\/p>\n<p>\u2018Buenos Aires en Madrid\u2019: la riqueza de la cultura porte\u00f1a<\/p>\n<p>Gracias a la colaboraci\u00f3n con el Ministerio de Cultura de CABA, el programa \u2018Buenos Aires en Madrid\u2019 presentar\u00e1 en 21 DISTRITOS una selecci\u00f3n de expresiones art\u00edsticas: obras de teatro que reflejan la vitalidad de la escena porte\u00f1a, una exposici\u00f3n de artes visuales con diversas t\u00e9cnicas y estilos, y el tango como expresi\u00f3n cultural central.<\/p>\n<p>El 5 de octubre, a las 12:00 horas, el Centro Cultural Paco de Luc\u00eda (Latina) recibir\u00e1 a la compa\u00f1\u00eda Galaxias Creativas con su espect\u00e1culo Cuentopos de Gulub\u00fa, una representaci\u00f3n de cuentos y canciones de la novelista y escritora argentina Mar\u00eda Elena Walsh. El 10 de octubre, a las 18:30 h, la terraza del Centro Cultural Casa de Vacas (Retiro) ser\u00e1 escenario de un espect\u00e1culo de tango participativo de la mano de La Orquesta del Plata, y el 13 de octubre, a las 19:00 h, se celebrar\u00e1 en el Faro de Moncloa (Moncloa-Aravaca) una experiencia sonora y visual junto al Cuarteto Divergente, Los misterios, propuesta que cruza m\u00fasica cl\u00e1sica, repertorio popular y creaci\u00f3n contempor\u00e1nea.<\/p>\n<p>Adem\u00e1s, del 7 al 15 de octubre, la Central de Dise\u00f1o de Matadero Madrid, en colaboraci\u00f3n con Dimad \u2013Asociaci\u00f3n de Dise\u00f1adores de Madrid\u2013, acoger\u00e1 la exposici\u00f3n Suavidad y color del mito, del artista argentino Tadeo Muleiro. Una muestra que entrelaza el imaginario de diversas culturas ancestrales de Argentina y Latinoam\u00e9rica con el arte contempor\u00e1neo mediante esculturas textiles de gran tama\u00f1o. La exposici\u00f3n se acompa\u00f1a de la performance realizada por el artista, Sangre de semilla, quien tambi\u00e9n confecciona y pinta los trajes utilizados. Se podr\u00e1 disfrutar el 14 de octubre, a las 19:00 h.<\/p>\n<p>Por otra parte, tambi\u00e9n en el marco de \u2018Buenos Aires en Madrid\u2019, el 4 de octubre, de 11:30 a 14:30 h, en la plaza de Matadero Madrid, tendr\u00e1 lugar la gran fiesta del tango, donde varios instructores (campeones de tango) explicar\u00e1n nociones y pasos de baile al p\u00fablico, para terminar con un concierto a cargo de la Orquesta del Plata, donde se podr\u00e1 poner en pr\u00e1ctica lo aprendido.<\/p>\n<p>En Cineteca Madrid, el d\u00eda 7 de octubre, comenzar\u00e1 un ciclo de cine argentino rodado en Buenos Aires que incluir\u00e1 una sesi\u00f3n doble con Descansar en paz y El otro hermano, y otras dos proyecciones, el d\u00eda 8, de cine cl\u00e1sico restaurado: Rosaura a las diez y El hombre de la esquina rosada. Este mismo d\u00eda 8 est\u00e1 previsto ofrecer un c\u00f3ctel en la cantina.<\/p>\n<p>Adem\u00e1s, la Banda Sinf\u00f3nica Municipal de Madrid ofrecer\u00e1 un concierto a partir de partituras prestadas por la Banda Sinf\u00f3nica de la Ciudad de Buenos Aires, que incluir\u00e1 piezas como tangos, milongas, etc. En noviembre, el intercambio ser\u00e1, al contrario, y la banda bonaerense interpretar\u00e1 en la ciudad porte\u00f1a partituras del concierto de San Isidro con un repertorio de t\u00edtulos tradicionales madrile\u00f1os, (chotis, cupl\u00e9s\u2026) cedidos por la Banda Sinf\u00f3nica Municipal de Madrid.<\/p>\n<p>La capital argentina acoger\u00e1 tambi\u00e9n, a partir de noviembre, la muestra de ilustraci\u00f3n digital Madrid en Buenos Aires, con 16 ilustraciones en color presentadas en el Festival Ic\u00f3nica de Madrid y que muestran espacios o costumbres emblem\u00e1ticas de nuestra ciudad.<\/p>\n<p>El puente cultural Madrid-Buenos Aires en las bibliotecas<\/p>\n<p>Del 5 al 12 de octubre, las bibliotecas p\u00fablicas municipales participan con una serie de actividades, clubes de lectura, centros de inter\u00e9s y publicaciones en las redes sociales y el portal web. De esta forma, Madrid y Buenos Aires colaboran para intercambiar experiencias y promover el talento local, fortaleciendo las relaciones entre ambas capitales.<\/p>\n<p>Los autores argentinos protagonizan buena parte de los expositores destacados, como en el caso de las bibliotecas p\u00fablicas municipales Ana Mar\u00eda Matute, \u00c1ngel Gonz\u00e1lez o Benito P\u00e9rez Gald\u00f3s. <a href=\"https:\/\/www.madrid.es\/portales\/munimadrid\/es\/Inicio\/-Semana-Madrid-Buenos-Aires-en-las-bibliotecas\/?vgnextfmt=default&amp;vgnextoid=2a0a95e588589910VgnVCM100000891ecb1aRCRD&amp;vgnextchannel=1ccd566813946010VgnVCM100000dc0ca8c0RCRD\" rel=\"nofollow noopener\" target=\"_blank\">Entre otras actividades<\/a>, el cine tambi\u00e9n ocupa un papel importante a trav\u00e9s de proyecciones de pel\u00edculas como Relatos salvajes en Francisco Ayala o Jos\u00e9 Hierro.\u00a0<\/p>\n<p><strong>M\u00e1s informaci\u00f3n en <a href=\"https:\/\/21distritos.es\/\" rel=\"nofollow noopener\" target=\"_blank\">www.21distritos.es\u00a0<\/a><\/strong><\/p>\n","protected":false},"excerpt":{"rendered":"Este mes de octubre, la oferta cultural en los espacios municipales de Madrid dedicar\u00e1 un amplio espacio a&hellip;\n","protected":false},"author":2,"featured_media":148484,"comment_status":"","ping_status":"","sticky":false,"template":"","format":"standard","meta":{"footnotes":""},"categories":[91],"tags":[146,147,25,24,23],"class_list":{"0":"post-148483","1":"post","2":"type-post","3":"status-publish","4":"format-standard","5":"has-post-thumbnail","7":"category-entretenimiento","8":"tag-entertainment","9":"tag-entretenimiento","10":"tag-es","11":"tag-espana","12":"tag-spain"},"share_on_mastodon":{"url":"","error":""},"_links":{"self":[{"href":"https:\/\/www.europesays.com\/es\/wp-json\/wp\/v2\/posts\/148483","targetHints":{"allow":["GET"]}}],"collection":[{"href":"https:\/\/www.europesays.com\/es\/wp-json\/wp\/v2\/posts"}],"about":[{"href":"https:\/\/www.europesays.com\/es\/wp-json\/wp\/v2\/types\/post"}],"author":[{"embeddable":true,"href":"https:\/\/www.europesays.com\/es\/wp-json\/wp\/v2\/users\/2"}],"replies":[{"embeddable":true,"href":"https:\/\/www.europesays.com\/es\/wp-json\/wp\/v2\/comments?post=148483"}],"version-history":[{"count":0,"href":"https:\/\/www.europesays.com\/es\/wp-json\/wp\/v2\/posts\/148483\/revisions"}],"wp:featuredmedia":[{"embeddable":true,"href":"https:\/\/www.europesays.com\/es\/wp-json\/wp\/v2\/media\/148484"}],"wp:attachment":[{"href":"https:\/\/www.europesays.com\/es\/wp-json\/wp\/v2\/media?parent=148483"}],"wp:term":[{"taxonomy":"category","embeddable":true,"href":"https:\/\/www.europesays.com\/es\/wp-json\/wp\/v2\/categories?post=148483"},{"taxonomy":"post_tag","embeddable":true,"href":"https:\/\/www.europesays.com\/es\/wp-json\/wp\/v2\/tags?post=148483"}],"curies":[{"name":"wp","href":"https:\/\/api.w.org\/{rel}","templated":true}]}}