{"id":148493,"date":"2025-09-30T11:55:19","date_gmt":"2025-09-30T11:55:19","guid":{"rendered":"https:\/\/www.europesays.com\/es\/148493\/"},"modified":"2025-09-30T11:55:19","modified_gmt":"2025-09-30T11:55:19","slug":"portal-de-noticias-del-gobierno-de-canarias-151","status":"publish","type":"post","link":"https:\/\/www.europesays.com\/es\/148493\/","title":{"rendered":"Portal de Noticias del Gobierno de Canarias"},"content":{"rendered":"<blockquote>\n<p>La unidad m\u00f3vil est\u00e1 operativa hoy y ma\u00f1ana en horario de ma\u00f1ana y de tarde<\/p>\n<\/blockquote>\n<p>La Direcci\u00f3n General de Hemodonaci\u00f3n y Hemoterapia del Servicio Canario de la Salud (SCS) mantiene activa una campa\u00f1a de donaci\u00f3n de sangre junto al Centro de Salud de Adeje, en la calle Derechos Humanos, S\/N, para facilitar la extracci\u00f3n a pacientes y usuarios de las instalaciones sanitarias.<\/p>\n<p>La unidad m\u00f3vil est\u00e1 operativa\u00a0hoy\u00a0hasta las 13:15 y en horario de tarde, de 16:30 a 19:15; y\u00a0ma\u00f1ana\u00a0de 9:30 a 13:15 y de 15:30 a 19:00 horas.<\/p>\n<p>D\u00f3nde donar en Tenerife<\/p>\n<p>Tambi\u00e9n se puede acudir a donar al punto fijo de donaci\u00f3n de sangre de Santa Cruz de Tenerife, situado en la calle M\u00e9ndez N\u00fa\u00f1ez, n\u00famero 14. El horario es de\u00a0lunes\u00a0a\u00a0viernes\u00a0de 9:15 a 20:30 horas.<\/p>\n<p>En el punto fijo situado en el Centro de Salud de San Isidro, en Granadilla de Abona, localizado en la calle Arguayoda, n\u00famero 2, se puede donar de\u00a0lunes\u00a0a\u00a0viernes\u00a0de 9:15 a 19:30 horas. Este punto cuenta con plaza de aparcamiento reservada para donantes y la atenci\u00f3n telef\u00f3nica se realiza a trav\u00e9s del n\u00famero 677980518, excepto festivos.<\/p>\n<p>En lo que se refiere a los puntos fijos de la Red Transfusional Canaria, en el Hospital Universitario de Canarias, situado en la carretera general C-822, de La Cuesta-Taco, se puede colaborar sin cita previa en la planta 0, junto a los ascensores, de\u00a0domingo\u00a0a\u00a0viernes\u00a0y festivos de 8:30 a 21:30 y los\u00a0s\u00e1bados de 8:30 a 14:30 y de 15:30 a 20:00 horas. El tel\u00e9fono de contacto es el 922 678 670.<\/p>\n<p>En el Hospital Universitario Nuestra Se\u00f1ora de Candelaria, en la carretera del Rosario sin n\u00famero, los profesionales atienden sin cita previa en la planta 0 del Bloque Central, de\u00a0lunes\u00a0a\u00a0viernes, de 8:00 a 20:00 y los\u00a0s\u00e1bados de 9:00 a 13:00 horas, excepto festivos. El tel\u00e9fono de informaci\u00f3n es el 922 602 060.<\/p>\n<p>Requisitos para donar<\/p>\n<p>Para poder ser donante hay que cumplir unos requisitos indispensables. Es necesario tener entre dieciocho y 65 a\u00f1os (hasta sesenta si es su primera donaci\u00f3n), pesar m\u00e1s de cincuenta kilos, gozar de buena salud general y no estar embarazada. Con el objetivo de resolver cualquier duda, la Direcci\u00f3n General de Hemodonaci\u00f3n y Hemoterapia cuenta con un tel\u00e9fono gratuito de atenci\u00f3n al donante, el 900 234 061.<\/p>\n","protected":false},"excerpt":{"rendered":"La unidad m\u00f3vil est\u00e1 operativa hoy y ma\u00f1ana en horario de ma\u00f1ana y de tarde La Direcci\u00f3n General&hellip;\n","protected":false},"author":2,"featured_media":148494,"comment_status":"","ping_status":"","sticky":false,"template":"","format":"standard","meta":{"footnotes":""},"categories":[5],"tags":[17,18,25,24,13,14,11,19,20,9,10,15,16,23,12,21,22],"class_list":{"0":"post-148493","1":"post","2":"type-post","3":"status-publish","4":"format-standard","5":"has-post-thumbnail","7":"category-titulares","8":"tag-breaking-news","9":"tag-breakingnews","10":"tag-es","11":"tag-espana","12":"tag-featured-news","13":"tag-featurednews","14":"tag-headlines","15":"tag-latest-news","16":"tag-latestnews","17":"tag-news","18":"tag-noticias","19":"tag-noticias-destacadas","20":"tag-noticiasdestacadas","21":"tag-spain","22":"tag-titulares","23":"tag-ultimas-noticias","24":"tag-ultimasnoticias"},"share_on_mastodon":{"url":"","error":""},"_links":{"self":[{"href":"https:\/\/www.europesays.com\/es\/wp-json\/wp\/v2\/posts\/148493","targetHints":{"allow":["GET"]}}],"collection":[{"href":"https:\/\/www.europesays.com\/es\/wp-json\/wp\/v2\/posts"}],"about":[{"href":"https:\/\/www.europesays.com\/es\/wp-json\/wp\/v2\/types\/post"}],"author":[{"embeddable":true,"href":"https:\/\/www.europesays.com\/es\/wp-json\/wp\/v2\/users\/2"}],"replies":[{"embeddable":true,"href":"https:\/\/www.europesays.com\/es\/wp-json\/wp\/v2\/comments?post=148493"}],"version-history":[{"count":0,"href":"https:\/\/www.europesays.com\/es\/wp-json\/wp\/v2\/posts\/148493\/revisions"}],"wp:featuredmedia":[{"embeddable":true,"href":"https:\/\/www.europesays.com\/es\/wp-json\/wp\/v2\/media\/148494"}],"wp:attachment":[{"href":"https:\/\/www.europesays.com\/es\/wp-json\/wp\/v2\/media?parent=148493"}],"wp:term":[{"taxonomy":"category","embeddable":true,"href":"https:\/\/www.europesays.com\/es\/wp-json\/wp\/v2\/categories?post=148493"},{"taxonomy":"post_tag","embeddable":true,"href":"https:\/\/www.europesays.com\/es\/wp-json\/wp\/v2\/tags?post=148493"}],"curies":[{"name":"wp","href":"https:\/\/api.w.org\/{rel}","templated":true}]}}