{"id":148513,"date":"2025-09-30T12:06:31","date_gmt":"2025-09-30T12:06:31","guid":{"rendered":"https:\/\/www.europesays.com\/es\/148513\/"},"modified":"2025-09-30T12:06:31","modified_gmt":"2025-09-30T12:06:31","slug":"el-eclipse-solar-total-mas-largo-del-siglo","status":"publish","type":"post","link":"https:\/\/www.europesays.com\/es\/148513\/","title":{"rendered":"El eclipse solar total m\u00e1s largo del siglo"},"content":{"rendered":"<p>Este <strong>eclipse solar total m\u00e1s largo del siglo<\/strong> es un evento esperado por todos. Alguna vez pudimos presenciar uno un poco m\u00e1s largo, pero fue en el siglo pasado, en el a\u00f1o 1991. Lo mejor de todo es que podr\u00e1 verse desde distintas partes del planeta.<\/p>\n<p>El recorrido del <strong>eclipse solar total m\u00e1s largo del siglo<\/strong> comenzar\u00e1 en el oc\u00e9ano Atl\u00e1ntico, a partir de ah\u00ed cruzar\u00e1 el norte de \u00c1frica atravesando Marruecos, T\u00fanez, Libia y Egipto. Su viaje seguir\u00e1 por <strong>Arabia Saudita y Yemen<\/strong> y dejaremos de verlo en el oc\u00e9ano \u00cdndico.<\/p>\n<p><img decoding=\"async\" alt=\"Luna con sombra roja cielo oscuro.\" loading=\"lazy\" class=\"ResponsiveImageContainer-eNxvmU cfBbTk responsive-image__image\"   src=\"https:\/\/www.europesays.com\/es\/wp-content\/uploads\/2025\/09\/pexels-duc-nguyen-2149183346-33927252.jpg\"\/><\/p>\n<p>Qu\u00e9 simboliza el eclipse m\u00e1s largo del siglo.Duc Nguyen \/ Pexels<\/p>\n<p>\u00bfCu\u00e1ndo ser\u00e1 el eclipse solar total m\u00e1s largo del siglo?<\/p>\n<p>El <strong>eclipse solar total m\u00e1s largo del siglo<\/strong> tendr\u00e1 lugar en este cielo el <strong>2 de agosto de 2027<\/strong>. Si eres un <a href=\"https:\/\/www.admagazine.com\/articulos\/fases-de-la-luna-importancia-y-rituales-que-se-pueden-hacer\" rel=\"nofollow noopener\" target=\"_blank\">aficionado de la astronom\u00eda<\/a> o le atribuyes a este evento otro simbolismo, est\u00e1s a tiempo de planear alg\u00fan viaje, equipo profesional para verlo con propiedad, organizar alguna salida especial o invitar a tus personas importantes a acompa\u00f1arte para ver este regalo del Universo.<\/p>\n<p>Puedes ubicar lugares ideales, sintonizarlo en l\u00ednea, preparar rituales, organizar tu hogar, hacer limpieza y muchas depuraciones en caso de que el eclipse signifique transformaci\u00f3n y transici\u00f3n seg\u00fan la espiritualidad. Siendo <strong>Egipto el epicentro de este evento<\/strong> con una presencia del espect\u00e1culo en el cielo de 6 minutos y 23 segundos, esta energ\u00eda y la historia y tradiciones de Egipto pueden influenciar el el mensaje esot\u00e9rico del eclipse. En la Antig\u00fcedad eventos como esto anunciaban <strong>transformaciones y cambios radicales<\/strong>; en base a eso preparaban rituales por d\u00edas y organizaban ceremonias especiales, t\u00fa puedes seguir alguna de estas costumbres en casa y ab rir tu mente a las posibilidades y dejar la inseguridad.<\/p>\n<p><img decoding=\"async\" alt=\"Luna llena con sombra roja cielo oscuro.\" loading=\"lazy\" class=\"ResponsiveImageContainer-eNxvmU cfBbTk responsive-image__image\"   src=\"https:\/\/www.europesays.com\/es\/wp-content\/uploads\/2025\/09\/pexels-julia-barthold-61520-1322728.jpg\"\/><\/p>\n<p>Este eclipse ser\u00e1 el evento del siglo.Julia Barthold \/ Pexels<\/p>\n<p>\u00bfD\u00f3nde se podr\u00e1 ver el eclipse solar total m\u00e1s largo del siglo?<\/p>\n<p>Seg\u00fan la <strong>informaci\u00f3n publicada por la NASA<\/strong>, el eclipse solar total del 2 de agosto de 2027 ser\u00e1 visible parcialmente en pa\u00edses de Europa, \u00c1frica y el sur de Asia como Espa\u00f1a, Marruecos, Argelia, T\u00fanez, Libia, Egipto, Espa\u00f1a, Marruecos, Argelia, Sud\u00e1n, Arabia Saudita, Yemen y Somalia. Para poder apreciarlo necesitas gafas especiales o equipo profesional para no da\u00f1arte la vista.<\/p>\n<p>El eclipse solar total m\u00e1s largo del siglo nos dar\u00e1 unos minutos de oscuridad que no volver\u00e1n a repetirse mientras vivamos. Sinb\u00f3licamente, <a href=\"https:\/\/www.admagazine.com\/articulos\/mushin-que-es-como-aplicarlo\" rel=\"nofollow noopener\" target=\"_blank\">la oscuridad es el lugar desde donde podemos ver con mayor claridad<\/a>, porque se trata de instinto y emociones; cuando aprender a gestionar este lado tuyo podr\u00e1s conocerte en la oscuridad sin miedo. En un plano m\u00e1s cercano; la oscuridad que nos dar\u00e1 el eclipseno significa que no da\u00f1e la vista; todo <strong>evento astron\u00f3mico<\/strong> tiene riesgos si no se observa con <strong>equipo profesional<\/strong>.<\/p>\n","protected":false},"excerpt":{"rendered":"Este eclipse solar total m\u00e1s largo del siglo es un evento esperado por todos. Alguna vez pudimos presenciar&hellip;\n","protected":false},"author":2,"featured_media":148514,"comment_status":"","ping_status":"","sticky":false,"template":"","format":"standard","meta":{"footnotes":""},"categories":[173],"tags":[229,233,231,230,45367,232,234,146,147,25,24,2400,33047,23],"class_list":{"0":"post-148513","1":"post","2":"type-post","3":"status-publish","4":"format-standard","5":"has-post-thumbnail","7":"category-arte-y-diseno","8":"tag-arte","9":"tag-arte-y-diseno","10":"tag-arts","11":"tag-arts-and-design","12":"tag-consejos-ad","13":"tag-design","14":"tag-diseno","15":"tag-entertainment","16":"tag-entretenimiento","17":"tag-es","18":"tag-espana","19":"tag-fortuna","20":"tag-rituales","21":"tag-spain"},"share_on_mastodon":{"url":"","error":""},"_links":{"self":[{"href":"https:\/\/www.europesays.com\/es\/wp-json\/wp\/v2\/posts\/148513","targetHints":{"allow":["GET"]}}],"collection":[{"href":"https:\/\/www.europesays.com\/es\/wp-json\/wp\/v2\/posts"}],"about":[{"href":"https:\/\/www.europesays.com\/es\/wp-json\/wp\/v2\/types\/post"}],"author":[{"embeddable":true,"href":"https:\/\/www.europesays.com\/es\/wp-json\/wp\/v2\/users\/2"}],"replies":[{"embeddable":true,"href":"https:\/\/www.europesays.com\/es\/wp-json\/wp\/v2\/comments?post=148513"}],"version-history":[{"count":0,"href":"https:\/\/www.europesays.com\/es\/wp-json\/wp\/v2\/posts\/148513\/revisions"}],"wp:featuredmedia":[{"embeddable":true,"href":"https:\/\/www.europesays.com\/es\/wp-json\/wp\/v2\/media\/148514"}],"wp:attachment":[{"href":"https:\/\/www.europesays.com\/es\/wp-json\/wp\/v2\/media?parent=148513"}],"wp:term":[{"taxonomy":"category","embeddable":true,"href":"https:\/\/www.europesays.com\/es\/wp-json\/wp\/v2\/categories?post=148513"},{"taxonomy":"post_tag","embeddable":true,"href":"https:\/\/www.europesays.com\/es\/wp-json\/wp\/v2\/tags?post=148513"}],"curies":[{"name":"wp","href":"https:\/\/api.w.org\/{rel}","templated":true}]}}