{"id":148517,"date":"2025-09-30T12:08:05","date_gmt":"2025-09-30T12:08:05","guid":{"rendered":"https:\/\/www.europesays.com\/es\/148517\/"},"modified":"2025-09-30T12:08:05","modified_gmt":"2025-09-30T12:08:05","slug":"rtve-sorprende-y-compra-top-chef-en-su-version-pastelera-con-famosos-que-sustituira-a-bake-off","status":"publish","type":"post","link":"https:\/\/www.europesays.com\/es\/148517\/","title":{"rendered":"RTVE sorprende y compra &#8216;Top Chef&#8217; en su versi\u00f3n pastelera con famosos, que sustituir\u00e1 a &#8216;Bake Off&#8217;"},"content":{"rendered":"<p class=\"article-text\">\n        Movimiento sorpresa de <strong>RTVE<\/strong>. La cadena p\u00fablica compra<strong> Top Chef<\/strong>, el formato culinario que emiti\u00f3 <strong>Antena 3<\/strong> entre 2013 y 2017, y prepara su <strong>versi\u00f3n repostera con participantes VIP<\/strong>. Llegar\u00e1, como ha sabido <a href=\"https:\/\/www.eldiario.es\/vertele\/\" target=\"_blank\" data-mrf-recirculation=\"links-noticia\" class=\"link\" rel=\"nofollow noopener\">verTele<\/a>, para \u201csustituir\u201d a <strong>Bake Off: famosos al horno<\/strong>, que no seguir\u00e1 en <strong>La 1<\/strong> tras dos temporadas.\n    <\/p>\n<p>    <a href=\"https:\/\/www.eldiario.es\/vertele\/noticias\/rtve-anuncia-primeros-concursantes-maestros-costura-celebrity-2-mario-vaquerizo-reencuentro-upa_1_12642648.html\" data-mrf-recirculation=\"saber-mas\" data-dl-event=\"saber-mas\" rel=\"nofollow noopener\" target=\"_blank\"><\/p>\n<p class=\"know-more__title\">RTVE anuncia los primeros concursantes de &#8216;Maestros de la costura Celebrity 2&#8217;, con Mario Vaquerizo y reencuentro &#8216;UPA&#8217;<\/p>\n<p>            <img decoding=\"async\" class=\"lazy\" loading=\"lazy\" data-src=\"https:\/\/static.eldiario.es\/clip\/9b04b917-4650-48f0-b7a7-952875fc7094_16-9-aspect-ratio_default_0.jpg\" src=\"data:image\/svg+xml,%3Csvg xmlns=\" http:=\"\" viewbox=\"0 0 880 495\" alt=\"RTVE anuncia los primeros concursantes de 'Maestros de la costura Celebrity 2', con Mario Vaquerizo y reencuentro 'UPA'\"\/><\/p>\n<p>                        <\/a><\/p>\n<p class=\"article-text\">\n        La Corporaci\u00f3n ha anunciado este martes la puesta en marcha de <strong>Top Chef: Dulces y Famosos<\/strong>, adaptaci\u00f3n del concurso culinario de \u00e9xito internacional Top Chef VIP Just Desserts. Lo llamativo de este movimiento es que estar\u00e1 producido por RTVE en colaboraci\u00f3n con <strong>Boxfish<\/strong>, la empresa que ha estado a los mandos de las dos ediciones de Bake Off emitidas en la p\u00fablica, que asumir\u00e1 este reto tras poner fin al otro formato repostero.\n    <\/p>\n<p class=\"article-text\">\n        Top Chef: Dulces y Famosos reunir\u00e1 a <strong>un grupo de celebridades<\/strong> con destacadas personalidades de diversos mundos como la televisi\u00f3n, el deporte, la m\u00fasica y el cine, entre otros, con el objetivo com\u00fan de convertirse en grandes pasteleros. Todos ellos competir\u00e1n entre s\u00ed en <strong>exigentes retos de reposter\u00eda, pasteles y postres creativos<\/strong>: desde perfeccionar los dulces cl\u00e1sicos hasta inventar creaciones atrevidas, estos rostros famosos tendr\u00e1n que demostrar habilidad, creatividad y temple en la cocina.\n    <\/p>\n<p class=\"article-text\">\n        Cada episodio del programa pondr\u00e1 a prueba a los concursantes con <strong>desaf\u00edos de alta presi\u00f3n <\/strong>que requerir\u00e1n precisi\u00f3n y arte, desde t\u00e9cnicas de flamb\u00e9 hasta complejos trabajos de pasteler\u00eda. Sus creaciones ser\u00e1n evaluadas por un panel de jueces expertos, que valorar\u00e1n cada plato por su sabor, t\u00e9cnica y presentaci\u00f3n.\n    <\/p>\n<p>    Vuelve &#8216;Top Chef&#8217; tras su etapa en Antena 3<\/p>\n<p class=\"article-text\">\n        Esta nueva edici\u00f3n presentar\u00e1 un giro importante respecto a la versi\u00f3n original de Top Chef que <strong>Atresmedia <\/strong>ya adapt\u00f3 hace poco m\u00e1s de una d\u00e9cada. Y es que en su formato con an\u00f3nimos, el concurso retaba a<strong> cocineros profesionales<\/strong> que peleaban por ser el mejor, diferenci\u00e1ndose as\u00ed de otro programa de cocineros &#8216;amateur&#8217; como MasterChef.\n    <\/p>\n<p class=\"article-text\">\n        En esa primera etapa en Espa\u00f1a, recordemos que el presentador era <strong>Alberto Chicote<\/strong> como miembro de un jurado que estaba compuesto tambi\u00e9n por <strong>Susi D\u00edaz y Paco Roncero<\/strong>. \u00c1ngel Le\u00f3n y Yayo Daporta tambi\u00e9n tuvieron un papel importante en otras ediciones.\n    <\/p>\n<p>            <img decoding=\"async\" class=\"lazy\" loading=\"lazy\" data-src=\"https:\/\/static.eldiario.es\/clip\/2e453eb4-cc45-40d5-be5d-d7db32cba499_16-9-discover-aspect-ratio_default_0.jpg\" src=\"data:image\/svg+xml,%3Csvg xmlns=\" http:=\"\" viewbox=\"0 0 1200 675\" alt=\"'Top Chef' en Antena 3\"\/><\/p>\n<p class=\"article-text\">\n        Estrenado originalmente en Bravo en 2006, la versi\u00f3n estadounidense de Top Chef, ganadora de<strong> dos premios Emmy<\/strong> y producida por Magical Elves Productions, acaba de concluir su temporada n\u00famero 22. Desde su debut, ha recibido a<strong> m\u00e1s de 100 chefs con estrellas Michelin<\/strong> a lo largo de los a\u00f1os y ha viajado por todo el mundo con exitosas versiones locales, incluyendo 11 temporadas en Canad\u00e1, 16 en Francia y 7 en Oriente Medio, y adaptaciones en M\u00e9xico, Italia y Sud\u00e1frica.\n    <\/p>\n<p>    <a href=\"https:\/\/www.eldiario.es\/vertele\/noticias\/masterchef-celebrity-10-expulso-aspirantes-noche-vivir-espantada-tres_1_12642943.html\" data-mrf-recirculation=\"saber-mas-abajo\" data-dl-event=\"saber-mas-abajo\" rel=\"nofollow noopener\" target=\"_blank\"><\/p>\n<p class=\"know-more__title\">&#8216;MasterChef Celebrity 10&#8217; expuls\u00f3 a dos aspirantes en una noche tras vivir una \u201cespantada\u201d masiva de concursantes\n<\/p>\n<p>            <img decoding=\"async\" class=\"lazy\" loading=\"lazy\" data-src=\"https:\/\/static.eldiario.es\/clip\/f3dc6474-9d02-47fe-92a1-c19719d04ba8_16-9-aspect-ratio_default_0.jpg\" src=\"data:image\/svg+xml,%3Csvg xmlns=\" http:=\"\" viewbox=\"0 0 880 495\" alt=\"'MasterChef Celebrity 10' expuls\u00f3 a dos aspirantes en una noche tras vivir una &quot;espantada&quot; masiva de concursantes\"\/><\/p>\n<p>                        <\/a><\/p>\n<p class=\"article-text\">\n        El formato es licenciado a nivel mundial por NBCUniversal Formats, una divisi\u00f3n de Universal Studio Group y es una de sus marcas m\u00e1s exitosas, con<strong> 30 adaptaciones internacionales<\/strong> hasta la fecha y una amplia gama de spin-offs: <strong>Top Chef VIP<\/strong>, que ha tenido tres temporadas en Chile y cuatro temporadas de su versi\u00f3n en espa\u00f1ol en Telemundo; <strong>Top Chef Junior<\/strong> en Panam\u00e1; y ahora <strong>Top Chef VIP: Just Desserts<\/strong> en Espa\u00f1a, tras el \u00e9xito de las versiones de an\u00f3nimos en Suecia y Tailandia.\n    <\/p>\n","protected":false},"excerpt":{"rendered":"Movimiento sorpresa de RTVE. La cadena p\u00fablica compra Top Chef, el formato culinario que emiti\u00f3 Antena 3 entre&hellip;\n","protected":false},"author":2,"featured_media":148518,"comment_status":"","ping_status":"","sticky":false,"template":"","format":"standard","meta":{"footnotes":""},"categories":[171],"tags":[21202,6437,6364,146,147,25,24,256,11395,45370,518,6924,23,10552,1720,214,1927],"class_list":{"0":"post-148517","1":"post","2":"type-post","3":"status-publish","4":"format-standard","5":"has-post-thumbnail","7":"category-tv","8":"tag-bake","9":"tag-chef","10":"tag-compra","11":"tag-entertainment","12":"tag-entretenimiento","13":"tag-es","14":"tag-espana","15":"tag-famosos","16":"tag-off","17":"tag-pastelera","18":"tag-rtve","19":"tag-sorprende","20":"tag-spain","21":"tag-sustituira","22":"tag-top","23":"tag-tv","24":"tag-version"},"share_on_mastodon":{"url":"","error":""},"_links":{"self":[{"href":"https:\/\/www.europesays.com\/es\/wp-json\/wp\/v2\/posts\/148517","targetHints":{"allow":["GET"]}}],"collection":[{"href":"https:\/\/www.europesays.com\/es\/wp-json\/wp\/v2\/posts"}],"about":[{"href":"https:\/\/www.europesays.com\/es\/wp-json\/wp\/v2\/types\/post"}],"author":[{"embeddable":true,"href":"https:\/\/www.europesays.com\/es\/wp-json\/wp\/v2\/users\/2"}],"replies":[{"embeddable":true,"href":"https:\/\/www.europesays.com\/es\/wp-json\/wp\/v2\/comments?post=148517"}],"version-history":[{"count":0,"href":"https:\/\/www.europesays.com\/es\/wp-json\/wp\/v2\/posts\/148517\/revisions"}],"wp:featuredmedia":[{"embeddable":true,"href":"https:\/\/www.europesays.com\/es\/wp-json\/wp\/v2\/media\/148518"}],"wp:attachment":[{"href":"https:\/\/www.europesays.com\/es\/wp-json\/wp\/v2\/media?parent=148517"}],"wp:term":[{"taxonomy":"category","embeddable":true,"href":"https:\/\/www.europesays.com\/es\/wp-json\/wp\/v2\/categories?post=148517"},{"taxonomy":"post_tag","embeddable":true,"href":"https:\/\/www.europesays.com\/es\/wp-json\/wp\/v2\/tags?post=148517"}],"curies":[{"name":"wp","href":"https:\/\/api.w.org\/{rel}","templated":true}]}}