{"id":148519,"date":"2025-09-30T12:09:09","date_gmt":"2025-09-30T12:09:09","guid":{"rendered":"https:\/\/www.europesays.com\/es\/148519\/"},"modified":"2025-09-30T12:09:09","modified_gmt":"2025-09-30T12:09:09","slug":"todos-nos-abandonamos-en-algun-punto-de-nuestras-vidas-no-hay-manera-de-escapar-al-dolor-pero-hay-que-aprender-a-reconectar-con-nuestro-interior","status":"publish","type":"post","link":"https:\/\/www.europesays.com\/es\/148519\/","title":{"rendered":"\u201cTodos nos abandonamos en alg\u00fan punto de nuestras vidas. No hay manera de escapar al dolor, pero hay que aprender a reconectar con nuestro interior\u201d"},"content":{"rendered":"<p data-gtm-element-container=\"modulo-texto-link\" class=\"paragraph\">Madonna ha concedido una extensa entrevista al popular coach estadounidense Jay Shetty. Una conversaci\u00f3n en la que la artista se sienta, por primera vez en nueve a\u00f1os, para hablar de sus sentimientos y echar una mirada a su faceta personal y m\u00e1s privada.<\/p>\n<p data-gtm-element-container=\"modulo-texto-link\" class=\"paragraph\">La apodada Reina del Pop, de 67 a\u00f1os, concede su primera entrevista para el podcast para On Purpose con Jay Shetty, en la que abre su coraz\u00f3n, repasando los \u00faltimos a\u00f1os de su vida y hablando de c\u00f3mo cambi\u00f3 todo en su interior desde el mismo nacimiento de su primog\u00e9nita, Lourdes Leon.<\/p>\n<p>                <img loading=\"lazy\" decoding=\"async\" data-full-src=\"https:\/\/www.lavanguardia.com\/uploads\/2025\/09\/30\/68db93f9cf584.png\" alt=\"Madonna abre su coraz\u00f3n al presentador y coach Jay Shetty.\" width=\"449\" height=\"253\" src=\"https:\/\/www.europesays.com\/es\/wp-content\/uploads\/2025\/09\/68db93f9cf584.png\" class=\"lazy\"\/><\/p>\n<p class=\"caption-title \">Madonna abre su coraz\u00f3n al presentador y coach Jay Shetty.<\/p>\n<p>                    On Purpose Podcast by Jay Shetty<\/p>\n<p data-gtm-element-container=\"modulo-texto-link\" class=\"paragraph\">La artista reflexiona sobre temas como la espiritualidad, el amor, el perd\u00f3n, el \u00e9xito, la culpa o el arrepentimiento. Sobre esta \u00faltima parte, adem\u00e1s, Madonna reconoce haber vivido un enorme conflicto interior con conceptos como la traici\u00f3n y el abandono.<\/p>\n<p data-gtm-element-container=\"modulo-texto-link\" class=\"paragraph\">\u201cLa traici\u00f3n y el abandono a veces van de la mano. He visto a mucha gente o he sentido y experimentado que estaba constantemente siendo abandonada o traicionada\u201d, confiesa la cantante. \u201cEsto me manten\u00eda en un estado de sentir pena por m\u00ed misma, en un punto de echar la culpa a otros y no asumir responsabilidades sobre c\u00f3mo hab\u00eda acabado en esa situaci\u00f3n yo misma\u201d.<\/p>\n<p>Madonna: \u201cPaso menos tiempo sintiendo pena por m\u00ed misma y m\u00e1s tratando de pensar en la lecci\u00f3n que he de aprender de esa situaci\u00f3n\u201d<\/p>\n<p data-gtm-element-container=\"modulo-texto-link\" class=\"paragraph\">La artista explica que a trav\u00e9s de asumir que ella ten\u00eda parte de \u201cresponsabilidad\u201d en todo lo que le estaba pasando. \u201cSi es algo que me est\u00e1 pasando continuamente, obviamente hay algo que necesito aprender\u201d, afirma. \u201cSi se piensa sobre eso, todo el mundo tiene algo. Puede ser diferente, obvio\u201d.<\/p>\n<p data-gtm-element-container=\"modulo-texto-link\" class=\"paragraph\">Madonna explica que, para ella, el tema del abandono fue lo que le ense\u00f1\u00f3 a finalmente aprender a quererse. \u201cAprend\u00ed la lecci\u00f3n de que pod\u00eda ense\u00f1arme a parar de destruirme por ello, dejar de paralizarme. \u00bfCu\u00e1nto tiempo llevo sin escucharme? \u00bfSin escuchar mi voz interior? Nos abandonamos en alg\u00fan punto de nuestras vidas, hasta que algo nos despierta. No hay manera de escapar al dolor, f\u00edsico o emocional, hay que asumirlo\u201d, indica la cantante.<\/p>\n<p>                <img loading=\"lazy\" decoding=\"async\" data-full-src=\"https:\/\/www.lavanguardia.com\/uploads\/2025\/09\/30\/68db93fb91e30.png\" alt=\"Madonna abre su coraz\u00f3n al presentador y coach Jay Shetty.\" width=\"449\" height=\"253\" src=\"https:\/\/www.europesays.com\/es\/wp-content\/uploads\/2025\/09\/68db93fb91e30.png\" class=\"lazy\"\/><\/p>\n<p class=\"caption-title \">Madonna abre su coraz\u00f3n al presentador y coach Jay Shetty.<\/p>\n<p>                    On Purpose Podcast by Jay Shetty<\/p>\n<p data-gtm-element-container=\"modulo-texto-link\" class=\"paragraph\">Madonna explica que lleva a\u00f1os de experiencia vital aprender esta lecci\u00f3n, pero finalmente se consigue el objetivo: reconectar con nuestro interior. \u201cTe das cuenta de que no eres feliz, pero si vas a ir por la vida con estas subidas y bajadas, no vas a durar. No puedes mantenerte as\u00ed sin volverte loco\u201d.<\/p>\n<p data-gtm-element-container=\"modulo-texto-link\" class=\"paragraph\">Madonna reconoce que \u201cno estar\u00eda aqu\u00ed\u201d si no hubiese encontrado y aceptado su lado m\u00e1s espiritual. \u201cNecesitas ser espiritual para tener \u00e9xito\u201d, dice la artista. \u201cEl \u00e9xito es tener una vida espiritual, y punto. No estar\u00eda aqu\u00ed si no la tuviera\u201d.<\/p>\n<p>Madonna: \u201cSi cometes un error, tr\u00e1gate tu orgullo y preg\u00fantate qu\u00e9 puedes aprender de ello\u201d<\/p>\n<p data-gtm-element-container=\"modulo-texto-link\" class=\"paragraph\">La int\u00e9rprete de \u00e9xitos como Frozen o Music a\u00f1ade que sus creencias la inspiraron a tomar una posici\u00f3n abierta sobre los derechos humanos, explicando\u201d\u00bfQu\u00e9 he hecho por los dem\u00e1s? Esa es realmente la \u00fanica manera de tener \u00e9xito en la vida\u201d, afirma la artista.<\/p>\n<p>                <img loading=\"lazy\" decoding=\"async\" data-full-src=\"https:\/\/www.lavanguardia.com\/uploads\/2025\/09\/30\/68db95209fe1c.png\" alt=\"Madonna: \" el=\"\" es=\"\" tener=\"\" una=\"\" vida=\"\" espiritual=\"\" y=\"\" punto.=\"\" no=\"\" estar=\"\" aqu=\"\" si=\"\" la=\"\" tuviera=\"\" width=\"449\" height=\"253\" src=\"https:\/\/www.europesays.com\/es\/wp-content\/uploads\/2025\/09\/68db95209fe1c.png\" class=\"lazy\"\/><\/p>\n<p class=\"caption-title \">Madonna: \u201cEl \u00e9xito es tener una vida espiritual, y punto. No estar\u00eda aqu\u00ed si no la tuviera\u201d.<\/p>\n<p>                    On Purpose Podcast by Jay Shetty.<\/p>\n<p data-gtm-element-container=\"modulo-texto-link\" class=\"paragraph\">\u201cEs como si la mayor cantidad de luz estuviera donde hay oscuridad, y t\u00fa pudieras revelar la mayor cantidad de luz. Cuando est\u00e1s en una habitaci\u00f3n oscura, enciendes la luz. Cuando est\u00e1s en una habitaci\u00f3n que ya est\u00e1 iluminada, \u00bfqu\u00e9 haces? No hay ning\u00fan esfuerzo\u201d.<\/p>\n<p data-gtm-element-container=\"modulo-texto-link\" class=\"paragraph\">Madonna revela: \u201cEl prop\u00f3sito de mi alma es revelar luz al mundo a trav\u00e9s de todo lo que hago. Lo quiero todo, pero lo quiero para compartirlo, no para guardarlo para m\u00ed\u201d.<\/p>\n","protected":false},"excerpt":{"rendered":"Madonna ha concedido una extensa entrevista al popular coach estadounidense Jay Shetty. Una conversaci\u00f3n en la que la&hellip;\n","protected":false},"author":2,"featured_media":148520,"comment_status":"","ping_status":"","sticky":false,"template":"","format":"standard","meta":{"footnotes":""},"categories":[170],"tags":[146,147,25,24,184,185,23],"class_list":{"0":"post-148519","1":"post","2":"type-post","3":"status-publish","4":"format-standard","5":"has-post-thumbnail","7":"category-musica","8":"tag-entertainment","9":"tag-entretenimiento","10":"tag-es","11":"tag-espana","12":"tag-music","13":"tag-musica","14":"tag-spain"},"share_on_mastodon":{"url":"","error":""},"_links":{"self":[{"href":"https:\/\/www.europesays.com\/es\/wp-json\/wp\/v2\/posts\/148519","targetHints":{"allow":["GET"]}}],"collection":[{"href":"https:\/\/www.europesays.com\/es\/wp-json\/wp\/v2\/posts"}],"about":[{"href":"https:\/\/www.europesays.com\/es\/wp-json\/wp\/v2\/types\/post"}],"author":[{"embeddable":true,"href":"https:\/\/www.europesays.com\/es\/wp-json\/wp\/v2\/users\/2"}],"replies":[{"embeddable":true,"href":"https:\/\/www.europesays.com\/es\/wp-json\/wp\/v2\/comments?post=148519"}],"version-history":[{"count":0,"href":"https:\/\/www.europesays.com\/es\/wp-json\/wp\/v2\/posts\/148519\/revisions"}],"wp:featuredmedia":[{"embeddable":true,"href":"https:\/\/www.europesays.com\/es\/wp-json\/wp\/v2\/media\/148520"}],"wp:attachment":[{"href":"https:\/\/www.europesays.com\/es\/wp-json\/wp\/v2\/media?parent=148519"}],"wp:term":[{"taxonomy":"category","embeddable":true,"href":"https:\/\/www.europesays.com\/es\/wp-json\/wp\/v2\/categories?post=148519"},{"taxonomy":"post_tag","embeddable":true,"href":"https:\/\/www.europesays.com\/es\/wp-json\/wp\/v2\/tags?post=148519"}],"curies":[{"name":"wp","href":"https:\/\/api.w.org\/{rel}","templated":true}]}}