{"id":148525,"date":"2025-09-30T12:13:10","date_gmt":"2025-09-30T12:13:10","guid":{"rendered":"https:\/\/www.europesays.com\/es\/148525\/"},"modified":"2025-09-30T12:13:10","modified_gmt":"2025-09-30T12:13:10","slug":"de-metalizados-a-transparencias-cuales-fueron-las-claves-de-la-moda-en-los-martin-fierro-de-television-2025","status":"publish","type":"post","link":"https:\/\/www.europesays.com\/es\/148525\/","title":{"rendered":"De metalizados a transparencias, cu\u00e1les fueron las claves de la moda en los Mart\u00edn Fierro de Televisi\u00f3n 2025"},"content":{"rendered":"<p><img alt=\"La alfombra roja de los\" class=\"global-image\" decoding=\"async\" fetchpriority=\"high\" height=\"1080\" loading=\"eager\" src=\"https:\/\/www.europesays.com\/es\/wp-content\/uploads\/2025\/09\/XBDJKXVKE5GY3LAGJA5CVJB5MI.png\" width=\"1920\"\/>La alfombra roja de los Mart\u00edn Fierro de la Televisi\u00f3n 2025 fue escenario de estilos, texturas y colores que marcaron las tendencias de la nueva temporada<\/p>\n<p class=\"paragraph\">La 53\u00aa edici\u00f3n de los <b>premios <\/b><a href=\"https:\/\/www.infobae.com\/tag\/martin-fierro-2025\/\" target=\"_blank\" rel=\"noreferrer nofollow noopener\" title=\"https:\/\/www.infobae.com\/tag\/martin-fierro-2025\/\"><b>Mart\u00edn Fierro <\/b><\/a><b>de la Televisi\u00f3n 2025<\/b> convirti\u00f3 a la <a href=\"https:\/\/www.infobae.com\/tendencias\/2025\/09\/29\/martin-fierro-de-television-2025-todos-los-looks-de-las-celebridades-en-la-alfombra-roja\/\" target=\"_blank\" rel=\"noreferrer nofollow noopener\" title=\"https:\/\/www.infobae.com\/tendencias\/2025\/09\/29\/martin-fierro-de-television-2025-todos-los-looks-de-las-celebridades-en-la-alfombra-roja\/\">alfombra roja<\/a> en el centro de atenci\u00f3n de la moda. Referentes de la televisi\u00f3n desfilaron ante las c\u00e1maras con apuestas estil\u00edsticas que ilustraron el rumbo de las <b>tendencias para la temporada.<\/b><\/p>\n<p class=\"paragraph\">Durante la gala, <b>el color negro se impuso como el tono central tanto en vestimenta femenina como masculina<\/b>, mientras apariciones de <b>metalizados, bordados y sutiles transparencias<\/b> delinearon una est\u00e9tica sofisticada y contempor\u00e1nea. As\u00ed, la noche consagr\u00f3 al glamour como protagonista junto al reconocimiento al talento televisivo.<\/p>\n<p><img alt=\"Julieta Poggio eligi\u00f3 un vestido\" class=\"global-image\" decoding=\"async\" fetchpriority=\"low\" height=\"2885\" loading=\"lazy\" src=\"https:\/\/www.europesays.com\/es\/wp-content\/uploads\/2025\/09\/2DHYQWUB6FEJ7G3W44M7TV3TUU.jpg\" width=\"1920\"\/>Julieta Poggio eligi\u00f3 un vestido largo negro de tul con escote y hombros descubiertos, su elecci\u00f3n reafirm\u00f3 la fuerza de los tonos oscuros en la gala<\/p>\n<p class=\"paragraph\">El dise\u00f1ador <b>Benito Fern\u00e1ndez<\/b> se\u00f1al\u00f3 en di\u00e1logo con <b>Infobae <\/b>que \u201cel color de la noche fue el negro, tanto para las mujeres como los hombres\u201d, lo que acompa\u00f1\u00f3 las elecciones de las celebridades, que optaron por siluetas ajustadas, muchas de corte sirena, y pocos dise\u00f1os con volumen. <\/p>\n<p class=\"paragraph\">En esta l\u00ednea,<b> Julieta Poggio <\/b>opt\u00f3 por un vestido largo negro con escote pronunciado y hombros descubiertos, un dise\u00f1o asirenado con aberturas y cruzados en el bustier que aport\u00f3 sensualidad y modernidad al conjunto. Su elecci\u00f3n destac\u00f3 y reforz\u00f3 la preeminencia del sobrio color en la alfombra roja.<\/p>\n<p class=\"paragraph\">La elecci\u00f3n del negro no fue exclusiva de los vestidos femeninos. Los trajes masculinos apostaron por smokings tradicionales y variantes dentro del mismo espectro crom\u00e1tico. Hubo coincidencias en la sobriedad y la prolijidad de los outfits, con presencia de peinados recogidos y maquillaje pulido, seg\u00fan analiz\u00f3 <b>Fern\u00e1ndez<\/b>. <\/p>\n<p><img alt=\"Pampita llev\u00f3 un Carolina Herrera\" class=\"global-image\" decoding=\"async\" fetchpriority=\"low\" height=\"2880\" loading=\"lazy\" src=\"https:\/\/www.europesays.com\/es\/wp-content\/uploads\/2025\/09\/F6XXPC5JTBDORINF6JGLUNAJCQ.jpg\" width=\"1920\"\/>Pampita llev\u00f3 un Carolina Herrera en negro y amarillo, pocos looks apostaron al color en una primavera marcada por la sobriedad. Las joyas fueron de Flo Boskis Stad<\/p>\n<p class=\"paragraph\">El experto agreg\u00f3 que <b>los metalizados y plateados, junto a los detalles en red y encaje, se destacaron en la pasarela de la gala<\/b>. \u201cAlgo de pluma se vio, que me gust\u00f3\u201d, sum\u00f3.<\/p>\n<p class=\"paragraph\">El dise\u00f1ador tambi\u00e9n remarc\u00f3 que la aparici\u00f3n de color fue casi una excepci\u00f3n en la primavera: \u201cSalvo Romina Gaetani, con un tono entre fucsia y magenta, y Pampita, que recibi\u00f3 un Carolina Herrera en negro y amarillo, vi poco color\u201d.<\/p>\n<p class=\"paragraph\"><b>Laurencio Adot<\/b> identific\u00f3 que los met\u00e1licos dominaron con tonos plata, oro y peltre, mientras que las redes bordadas y las plumas se instalaron como detalles protagonistas. \u201cPredominan los vestidos al cuerpo bordados y una inspiraci\u00f3n glam de las d\u00e9cadas de 1950 y 1960\u201d, sostuvo a <b>Infobae<\/b>.<\/p>\n<p><img alt=\"Romina Gaetani se diferenci\u00f3 con\" class=\"global-image\" decoding=\"async\" fetchpriority=\"low\" height=\"2886\" loading=\"lazy\" src=\"https:\/\/www.europesays.com\/es\/wp-content\/uploads\/2025\/09\/MTXGYB4NTVA7VOVZNO2O3ARCKM.jpg\" width=\"1920\"\/>Romina Gaetani se diferenci\u00f3 con un dise\u00f1o fucsia magenta de Fabi\u00e1n Zitta. Benito Fern\u00e1ndez se\u00f1al\u00f3 que el color puede marcar la pr\u00f3xima tendencia<\/p>\n<p class=\"paragraph\">Las figuras optaron por recursos elaborados y textiles nobles, lo que consolid\u00f3 una impronta visual de sofisticaci\u00f3n y cautela hacia los excesos formales. Los looks de <b>Juana Viale<\/b> y <b>Mariana Fabbiani<\/b> se inscribieron en esta est\u00e9tica: Viale eligi\u00f3 una pieza haute couture en tejido metalizado con falda fluida y escote palabra de honor, mientras que Fabbiani luci\u00f3 un vestido ajustado en hilos de seda bordados con cristales, dise\u00f1ado por <b>Gabriel Lage<\/b>.<\/p>\n<p><img alt=\"Mariana Fabbiani luci\u00f3 un vestido\" class=\"global-image\" decoding=\"async\" fetchpriority=\"low\" height=\"2885\" loading=\"lazy\" src=\"https:\/\/www.europesays.com\/es\/wp-content\/uploads\/2025\/09\/LGDQQQW6G5EPPJBJAQ672SW3NA.jpg\" width=\"1920\"\/>Mariana Fabbiani luci\u00f3 un vestido entallado de Gabriel Lage, confeccionado en hilos de seda bordados con cristales y corte elegante en la alfombra roja<\/p>\n<p class=\"paragraph\">La atenci\u00f3n a los detalles tambi\u00e9n se reflej\u00f3 en la elecci\u00f3n de accesorios y peinados. <b>Susana Gim\u00e9nez<\/b> se inclin\u00f3 por el plateado, y complement\u00f3 el elegante atuendo con una cartera de plumas y sus habituales piezas de joyer\u00eda, mientras que <b>Mirtha Legrand<\/b> apost\u00f3 por un vestido celeste pastel con bordados y pedrer\u00eda.<\/p>\n<p><img alt=\"&#10;Juana Viale y Susana Gim\u00e9nez\" class=\"global-image\" decoding=\"async\" fetchpriority=\"low\" height=\"2831\" loading=\"lazy\" src=\"https:\/\/www.europesays.com\/es\/wp-content\/uploads\/2025\/09\/GLLUW5J7L5ASFNIA34BHDGGERM.jpg\" width=\"1920\"\/><br \/>\nJuana Viale y Susana Gim\u00e9nez destacaron en la alfombra roja con apuestas opuestas, la primera por el metalizado y la segunda por el plateado y las plumas<\/p>\n<p class=\"paragraph\">Entre quienes se atrevieron al color, <b>Romina Gaetani<\/b> apareci\u00f3 con un dise\u00f1o de <b>Fabi\u00e1n Zitta<\/b> que, seg\u00fan <b>Fern\u00e1ndez<\/b>, \u201cse destaca mucho porque casi todas estaban de negro\u201d. El impacto visual de este look confirm\u00f3, para el dise\u00f1ador, que el fucsia y magenta pueden ser tendencia en el verano. <b>Mica Viciconte<\/b> llev\u00f3 un vestido verde agua de un solo hombro, con abrigo capa a tono y bordados brillantes, que recibi\u00f3 elogios de <b>Adot<\/b>.<\/p>\n<p class=\"paragraph\">La sastrer\u00eda cl\u00e1sica fue otro de los ejes de la noche, lo que reafirma la vigencia del smoking y el traje negro con variantes m\u00ednimas. Figuras como <b>Iv\u00e1n de Pineda, Diego Poggi, Nacho Viale y Federico Bal<\/b> apostaron a la formalidad y el corte sartorial tradicional, con sutiles diferencias en textura y accesorios.<\/p>\n<p><img alt=\"Iv\u00e1n de Pineda y Donato\" class=\"global-image\" decoding=\"async\" fetchpriority=\"low\" height=\"1080\" loading=\"lazy\" src=\"https:\/\/www.europesays.com\/es\/wp-content\/uploads\/2025\/09\/XKGJUHYRWVFSDEJ3V4EXWX7D3Y.png\" width=\"1920\"\/>Iv\u00e1n de Pineda y Donato de Santis apostaron por estilos masculinos originales, el primero con un saco petr\u00f3leo y el segundo con un saco azul brillante<\/p>\n<p class=\"paragraph\">\u201cMe encanta Iv\u00e1n. Me parece que est\u00e1 m\u00e1s en tendencia\u201d, afirm\u00f3 <b>Fern\u00e1ndez<\/b> sobre el conductor <b>Iv\u00e1n de Pineda<\/b>, quien combin\u00f3 un saco color petr\u00f3leo con mo\u00f1o y pantal\u00f3n negro, logrando un estilo elegante y moderno. El chef <b>Donato de Santis<\/b>, que eligi\u00f3 un saco azul brillante de solapas negras, se sum\u00f3 a las apuestas por variedad dentro del outfit cl\u00e1sico.<\/p>\n<p><img alt=\"Flavio Mendoza eligi\u00f3 un traje\" class=\"global-image\" decoding=\"async\" fetchpriority=\"low\" height=\"2880\" loading=\"lazy\" src=\"https:\/\/www.europesays.com\/es\/wp-content\/uploads\/2025\/09\/TMWFVDYIBNDLRKKE5OU7LCTTII.jpg\" width=\"1920\"\/>Flavio Mendoza eligi\u00f3 un traje moderno de corte entallado, su elecci\u00f3n sum\u00f3 un aire actual y elegante a la sastrer\u00eda destacada en la velada<\/p>\n<p class=\"paragraph\">Otras figuras como <b>Flavio Mendoza<\/b> y <b>Santiago Talledo<\/b> fueron elogiados por su elecci\u00f3n de trajes modernos y cortes entallados, que representaron a la perfecci\u00f3n el esp\u00edritu elegante de la ceremonia.<\/p>\n<p class=\"paragraph\">En los vestidos de noche, los encajes, los patrones de red, las transparencias, los bordados y las siluetas entalladas reafirmaron el \u00e9nfasis en <b>el trabajo artesanal y el detalle preciso<\/b>. Los comentarios de los dise\u00f1adores coincidieron en que la elecci\u00f3n de recursos brillantes actu\u00f3 como un gui\u00f1o dosificado que guio el curso de la velada hacia la coherencia formal y la presencia cuidada.<\/p>\n<p><img alt=\"Zaira Nara luci\u00f3 un vestido\" class=\"global-image\" decoding=\"async\" fetchpriority=\"low\" height=\"2880\" loading=\"lazy\" src=\"https:\/\/www.europesays.com\/es\/wp-content\/uploads\/2025\/09\/NRN5PXZHHVFP7ERVA4RFIFH2PY.jpg\" width=\"1920\"\/>Zaira Nara luci\u00f3 un vestido transparente adornado con red de apliques brillantes y plumas en el escote, destacando el trabajo artesanal<\/p>\n<p class=\"paragraph\">El ejemplo perfecto fue la elecci\u00f3n de Zaira Nara, quien opt\u00f3 por un vestido largo transparente adornado con una red de apliques brillantes y plumas blancas en el escote, una propuesta que combin\u00f3 detalles llamativos para destacar entre los estilismos de la noche.<\/p>\n<p class=\"paragraph\">La alfombra roja consolid\u00f3 un lenguaje de moda donde la elegancia y la sofisticaci\u00f3n se expresaron en la pluralidad de opciones: desde el <b>negro absoluto<\/b> hasta los destellos met\u00e1licos, pasando por toques de color que prometen nueva tendencia en la temporada primaveral. Los peinados y los maquillajes, en sinton\u00eda, se mantuvieron prolijos y arm\u00f3nicos, lo que acompa\u00f1\u00f3 la propuesta integral de cada look sin buscar protagonismo desmedido.<\/p>\n<p class=\"paragraph\">La ceremonia dirigida por <b>Santiago del Moro<\/b> no solo celebr\u00f3 las producciones televisivas, sino que represent\u00f3 un term\u00f3metro preciso de la escena de la moda argentina y sus c\u00f3digos actuales.<\/p>\n<p class=\"paragraph\">*Fotos: Jaime Olivos, RS Fotos<\/p>\n","protected":false},"excerpt":{"rendered":"La alfombra roja de los Mart\u00edn Fierro de la Televisi\u00f3n 2025 fue escenario de estilos, texturas y colores&hellip;\n","protected":false},"author":2,"featured_media":148526,"comment_status":"","ping_status":"","sticky":false,"template":"","format":"standard","meta":{"footnotes":""},"categories":[91],"tags":[146,147,25,24,23],"class_list":{"0":"post-148525","1":"post","2":"type-post","3":"status-publish","4":"format-standard","5":"has-post-thumbnail","7":"category-entretenimiento","8":"tag-entertainment","9":"tag-entretenimiento","10":"tag-es","11":"tag-espana","12":"tag-spain"},"share_on_mastodon":{"url":"","error":""},"_links":{"self":[{"href":"https:\/\/www.europesays.com\/es\/wp-json\/wp\/v2\/posts\/148525","targetHints":{"allow":["GET"]}}],"collection":[{"href":"https:\/\/www.europesays.com\/es\/wp-json\/wp\/v2\/posts"}],"about":[{"href":"https:\/\/www.europesays.com\/es\/wp-json\/wp\/v2\/types\/post"}],"author":[{"embeddable":true,"href":"https:\/\/www.europesays.com\/es\/wp-json\/wp\/v2\/users\/2"}],"replies":[{"embeddable":true,"href":"https:\/\/www.europesays.com\/es\/wp-json\/wp\/v2\/comments?post=148525"}],"version-history":[{"count":0,"href":"https:\/\/www.europesays.com\/es\/wp-json\/wp\/v2\/posts\/148525\/revisions"}],"wp:featuredmedia":[{"embeddable":true,"href":"https:\/\/www.europesays.com\/es\/wp-json\/wp\/v2\/media\/148526"}],"wp:attachment":[{"href":"https:\/\/www.europesays.com\/es\/wp-json\/wp\/v2\/media?parent=148525"}],"wp:term":[{"taxonomy":"category","embeddable":true,"href":"https:\/\/www.europesays.com\/es\/wp-json\/wp\/v2\/categories?post=148525"},{"taxonomy":"post_tag","embeddable":true,"href":"https:\/\/www.europesays.com\/es\/wp-json\/wp\/v2\/tags?post=148525"}],"curies":[{"name":"wp","href":"https:\/\/api.w.org\/{rel}","templated":true}]}}