{"id":148531,"date":"2025-09-30T12:16:05","date_gmt":"2025-09-30T12:16:05","guid":{"rendered":"https:\/\/www.europesays.com\/es\/148531\/"},"modified":"2025-09-30T12:16:05","modified_gmt":"2025-09-30T12:16:05","slug":"las-elecciones-de-moldavia-ofrecen-lecciones-a-europa-sobre-como-contrarrestar-la-interferencia-rusa","status":"publish","type":"post","link":"https:\/\/www.europesays.com\/es\/148531\/","title":{"rendered":"Las elecciones de Moldavia ofrecen lecciones a Europa sobre c\u00f3mo contrarrestar la interferencia rusa"},"content":{"rendered":"<p>      CNN<br \/>\n        \u00a0\u2014\u00a0<\/p>\n<p class=\"paragraph inline-placeholder vossi-paragraph\" data-uri=\"es.cms.cnn.com\/_components\/paragraph\/instances\/cmg6e4y8m001s26nnbbxr12a7@published\" data-editable=\"text\" data-component-name=\"paragraph\" data-article-gutter=\"true\">\n            La victoria de un partido proeuropeo en las elecciones parlamentarias de Moldavia fue una prueba de fuego en la exnaci\u00f3n sovi\u00e9tica, donde la interferencia rusa y las campa\u00f1as de desinformaci\u00f3n han gastado millones en un intento de impedir que el pa\u00eds se una a la corriente principal europea.\n    <\/p>\n<p class=\"paragraph inline-placeholder vossi-paragraph\" data-uri=\"es.cms.cnn.com\/_components\/paragraph\/instances\/cmg6eofq20005356nxd3va0rf@published\" data-editable=\"text\" data-component-name=\"paragraph\" data-article-gutter=\"true\">\n            El gobernante Partido de Acci\u00f3n y Solidaridad (PAS) derrot\u00f3 f\u00e1cilmente al Bloque Patri\u00f3tico prorruso. Aunque su margen de victoria fue mucho menor que el de hace cuatro a\u00f1os, el PAS obtuvo poco m\u00e1s del 50 % de los votos, lo que sit\u00faa a Moldavia, <a href=\"https:\/\/x.com\/stats_feed\/status\/1827248293308498065\" target=\"_blank\" rel=\"nofollow\">el pa\u00eds m\u00e1s pobre<\/a> de Europa, un paso m\u00e1s cerca de unirse a la Uni\u00f3n Europea.\n    <\/p>\n<p class=\"paragraph inline-placeholder vossi-paragraph\" data-uri=\"es.cms.cnn.com\/_components\/paragraph\/instances\/cmg6eofq20006356n5xay5ou7@published\" data-editable=\"text\" data-component-name=\"paragraph\" data-article-gutter=\"true\">\n            Hace dos a\u00f1os, una victoria del PAS parec\u00eda mucho menos probable en medio de las protestas generalizadas contra el aumento de los precios de la energ\u00eda y otros problemas b\u00e1sicos. Pero su triunfo del domingo trajo consigo algunas ense\u00f1anzas para toda Europa.\n    <\/p>\n<p class=\"paragraph inline-placeholder vossi-paragraph\" data-uri=\"es.cms.cnn.com\/_components\/paragraph\/instances\/cmg6eofq20007356ngyt8oq28@published\" data-editable=\"text\" data-component-name=\"paragraph\" data-article-gutter=\"true\">\n            Hab\u00eda mucho en juego. Justo antes de las elecciones, el Consejo Europeo de Relaciones Exteriores calific\u00f3 la votaci\u00f3n como una prueba de resistencia para la resiliencia europea. \u201cUnos partidos o bloques fortalecidos y vinculados al Kremlin crear\u00edan un riesgo directo para la seguridad en la frontera suroeste de Ucrania y proporcionar\u00edan una base central desde la cual Rusia podr\u00eda operar contra los pa\u00edses de la UE\u201d, <a href=\"https:\/\/ecfr.eu\/article\/love-thy-neighbour-moldovas-election-is-a-stress-test-for-european-resilience\/\" target=\"_blank\" rel=\"nofollow noopener\">declar\u00f3.<\/a>\n    <\/p>\n<p class=\"paragraph inline-placeholder vossi-paragraph\" data-uri=\"es.cms.cnn.com\/_components\/paragraph\/instances\/cmg6eofq20008356nmjzrgbks@published\" data-editable=\"text\" data-component-name=\"paragraph\" data-article-gutter=\"true\">\n            Polonia, Alemania y Francia dijeron en una declaraci\u00f3n conjunta el lunes que hubo \u201cuna interferencia sin precedentes por parte de Rusia, incluidos esquemas de compra de votos y desinformaci\u00f3n\u201d.\n    <\/p>\n<p class=\"paragraph inline-placeholder vossi-paragraph\" data-uri=\"es.cms.cnn.com\/_components\/paragraph\/instances\/cmg6eofq20009356nhyclyucj@published\" data-editable=\"text\" data-component-name=\"paragraph\" data-article-gutter=\"true\">\n            Dirigi\u00e9ndose al pueblo moldavo y a la presidenta Maia Sandu, el primer ministro de Polonia, Donald Tusk, dijo en X: \u201cUstedes tambi\u00e9n han frenado el intento de Rusia de tomar el control de toda la regi\u00f3n. Una buena lecci\u00f3n para todos nosotros\u201d.\n    <\/p>\n<p>       <img decoding=\"async\" src=\"https:\/\/www.europesays.com\/es\/wp-content\/uploads\/2025\/09\/ap25271172926025-20250930102346024.jpg\" alt=\"Los moldavos votan en elecci\u00f3n parlamentaria, en Chisinau, Moldavia, el domingo.\" class=\"image__dam-img image__dam-img--loading\" onload=\"this.classList.remove('image__dam-img--loading')\" onerror=\"imageLoadError(this)\" height=\"573\" width=\"860\" loading=\"lazy\"\/><\/p>\n<p class=\"paragraph inline-placeholder vossi-paragraph\" data-uri=\"es.cms.cnn.com\/_components\/paragraph\/instances\/cmg6eofq2000a356nah63i5oo@published\" data-editable=\"text\" data-component-name=\"paragraph\" data-article-gutter=\"true\">\n            Esa lecci\u00f3n: el impacto del apoyo econ\u00f3mico de la UE cuando el inter\u00e9s de Estados Unidos disminuy\u00f3 y de la amplia cooperaci\u00f3n con Moldavia contra las campa\u00f1as de desinformaci\u00f3n respaldadas por Rusia.\n    <\/p>\n<p class=\"paragraph inline-placeholder vossi-paragraph\" data-uri=\"es.cms.cnn.com\/_components\/paragraph\/instances\/cmg6eofq2000b356nwp9oy0bx@published\" data-editable=\"text\" data-component-name=\"paragraph\" data-article-gutter=\"true\">\n            En los \u00faltimos a\u00f1os, Europa y Estados Unidos han proporcionado fondos al Gobierno mientras enfrentaba protestas por las tarifas energ\u00e9ticas, la inflaci\u00f3n y una crisis econ\u00f3mica.\n    <\/p>\n<p class=\"paragraph inline-placeholder vossi-paragraph\" data-uri=\"es.cms.cnn.com\/_components\/paragraph\/instances\/cmg6eofq2000e356n1x8ejbay@published\" data-editable=\"text\" data-component-name=\"paragraph\" data-article-gutter=\"true\">\n            En 2023, USAID anunci\u00f3 US$ 300 millones en ayuda para mejorar la seguridad energ\u00e9tica de Moldavia frente a lo que <a href=\"https:\/\/md.usembassy.gov\/md-energy-security-us-aid\/\" target=\"_blank\" rel=\"nofollow noopener\">la embajada de Estados Unidos<\/a> llam\u00f3 \u201clos intentos de larga data del Kremlin de utilizar la energ\u00eda como arma para socavar la independencia de Moldavia\u201d.\n    <\/p>\n<p class=\"paragraph inline-placeholder vossi-paragraph\" data-uri=\"es.cms.cnn.com\/_components\/paragraph\/instances\/cmg6eofq2000f356nkl1wtv9k@published\" data-editable=\"text\" data-component-name=\"paragraph\" data-article-gutter=\"true\">\n            Sin embargo, los recortes de la administraci\u00f3n Trump a la financiaci\u00f3n de USAID pr\u00e1cticamente congelaron casi US$ 500 millones en ayuda, dejando a Europa a cargo, como as\u00ed lo hizo.\n    <\/p>\n<p class=\"paragraph inline-placeholder vossi-paragraph\" data-uri=\"es.cms.cnn.com\/_components\/paragraph\/instances\/cmg6eofq2000g356nkch29xr2@published\" data-editable=\"text\" data-component-name=\"paragraph\" data-article-gutter=\"true\">\n            Moldavia recibir\u00e1 m\u00e1s de US$ 2000 millones en ayuda de la UE entre 2025 y 2027, una inyecci\u00f3n crucial de fondos dise\u00f1ada en parte para <a href=\"https:\/\/enlargement.ec.europa.eu\/news\/european-commission-and-moldova-agree-2-year-comprehensive-strategy-energy-independence-and-2025-02-04_en\" target=\"_blank\" rel=\"nofollow noopener\">\u201cfortalecer su independencia energ\u00e9tica de Rusia<\/a>\u201d, seg\u00fan Bruselas.\n    <\/p>\n<p class=\"paragraph inline-placeholder vossi-paragraph\" data-uri=\"es.cms.cnn.com\/_components\/paragraph\/instances\/cmg6eofq2000h356nr0bncy27@published\" data-editable=\"text\" data-component-name=\"paragraph\" data-article-gutter=\"true\">\n            El momento tambi\u00e9n fue cr\u00edtico, ya que el gobierno proeuropeo estaba rezagado en las encuestas en medio de un aumento de los niveles de pobreza y una fuerte ca\u00edda del PIB de Moldavia.\n    <\/p>\n<p class=\"paragraph inline-placeholder vossi-paragraph\" data-uri=\"es.cms.cnn.com\/_components\/paragraph\/instances\/cmg6eofq2000i356n1ke4pu2i@published\" data-editable=\"text\" data-component-name=\"paragraph\" data-article-gutter=\"true\">\n            Adem\u00e1s, con el apoyo europeo, las autoridades moldavas han llevado a cabo una en\u00e9rgica campa\u00f1a contra la influencia rusa.\n    <\/p>\n<p class=\"paragraph inline-placeholder vossi-paragraph\" data-uri=\"es.cms.cnn.com\/_components\/paragraph\/instances\/cmg6eofq2000j356n5j1xweg7@published\" data-editable=\"text\" data-component-name=\"paragraph\" data-article-gutter=\"true\">\n            Este a\u00f1o, la UE despleg\u00f3 lo que denomin\u00f3 un Equipo H\u00edbrido de Respuesta R\u00e1pida para apoyar a Moldavia contra la injerencia extranjera y le dio acceso a la Reserva de Ciberseguridad de la UE. Tambi\u00e9n cre\u00f3 un centro regional del Observatorio Europeo de Medios Digitales (EDMO) para centrarse en la desinformaci\u00f3n rusa en Moldavia y otros lugares.\n    <\/p>\n<p>       <img decoding=\"async\" src=\"https:\/\/www.europesays.com\/es\/wp-content\/uploads\/2025\/09\/gettyimages-2236745066-20250930102559334.jpg\" alt=\"Un cartel muestra al presidente Vladimir Puting tirando de las cuerdas de los fugitivos Ilan Shor, a la derecha, y Vladimir Plahotniuc, a la izquierda, con la leyenda \" piden=\"\" su=\"\" voto=\"\" en=\"\" ungheni=\"\" moldavia.=\"\" class=\"image__dam-img image__dam-img--loading\" onload=\"this.classList.remove('image__dam-img--loading')\" onerror=\"imageLoadError(this)\" height=\"573\" width=\"860\" loading=\"lazy\"\/><\/p>\n<p class=\"paragraph inline-placeholder vossi-paragraph\" data-uri=\"es.cms.cnn.com\/_components\/paragraph\/instances\/cmg6eofq2000k356neift9igz@published\" data-editable=\"text\" data-component-name=\"paragraph\" data-article-gutter=\"true\">\n            En junio, la UE reuni\u00f3 a representantes de Google, Meta y TikTok con funcionarios moldavos y grupos de la sociedad civil para identificar campa\u00f1as de desinformaci\u00f3n. Posteriormente, el servicio de seguridad moldavo identific\u00f3 perfiles falsos generados por inteligencia artificial que difund\u00edan propaganda coordinada en Facebook, Telegram y TikTok.\n    <\/p>\n<p class=\"paragraph inline-placeholder vossi-paragraph\" data-uri=\"es.cms.cnn.com\/_components\/paragraph\/instances\/cmg6eofq2000l356ngtc7ksgb@published\" data-editable=\"text\" data-component-name=\"paragraph\" data-article-gutter=\"true\">\n            El fundador de Telegram, Pavel Durov, <a href=\"https:\/\/x.com\/durov\/status\/1972263703149002980?s=46&amp;t=ilP7KOhKimBP-MhWTX6-3Q\" target=\"_blank\" rel=\"nofollow\">dijo<\/a> durante el fin de semana que el a\u00f1o pasado \u201clos servicios de inteligencia franceses se pusieron en contacto conmigo a trav\u00e9s de un intermediario, pidi\u00e9ndome que ayudara al Gobierno moldavo a censurar ciertos canales de Telegram antes de las elecciones presidenciales en Moldavia\u201d.\n    <\/p>\n<p class=\"paragraph inline-placeholder vossi-paragraph\" data-uri=\"es.cms.cnn.com\/_components\/paragraph\/instances\/cmg6eofq2000m356nzwwko0gp@published\" data-editable=\"text\" data-component-name=\"paragraph\" data-article-gutter=\"true\">\n            Afirm\u00f3 que a cambio le hab\u00edan dicho que \u201cla inteligencia francesa \u2018dir\u00eda cosas buenas\u2019 sobre m\u00ed al juez que hab\u00eda ordenado mi arresto\u201d.\n    <\/p>\n<p class=\"paragraph inline-placeholder vossi-paragraph\" data-uri=\"es.cms.cnn.com\/_components\/paragraph\/instances\/cmg6eofq2000n356nue1i5f94@published\" data-editable=\"text\" data-component-name=\"paragraph\" data-article-gutter=\"true\">\n            El Ministerio de Asuntos Exteriores franc\u00e9s respondi\u00f3 el lunes que a Durov \u201cle gusta lanzar acusaciones durante las elecciones. Despu\u00e9s de Ruman\u00eda, Moldavia\u201d.\n    <\/p>\n<p class=\"paragraph inline-placeholder vossi-paragraph\" data-uri=\"es.cms.cnn.com\/_components\/paragraph\/instances\/cmg6eofq2000o356n4p32r3x0@published\" data-editable=\"text\" data-component-name=\"paragraph\" data-article-gutter=\"true\">\n            El Gobierno moldavo tambi\u00e9n ha tomado medidas contra los grupos prorrusos. Hace dos a\u00f1os, un partido a favor de Mosc\u00fa liderado por Ilan Shor fue ilegalizado. Shor es un empresario con v\u00ednculos con Rusia, acusado de robar miles de millones de d\u00f3lares de bancos moldavos en 2014. Fue condenado por fraude, pero neg\u00f3 haber cometido ning\u00fan delito.\n    <\/p>\n<p class=\"paragraph inline-placeholder vossi-paragraph\" data-uri=\"es.cms.cnn.com\/_components\/paragraph\/instances\/cmg6eofq2000p356n7qxzqo5u@published\" data-editable=\"text\" data-component-name=\"paragraph\" data-article-gutter=\"true\">\n            La semana pasada, las autoridades detuvieron a m\u00e1s de 70 personas e incautaron pasaportes, dinero en efectivo y armas en relaci\u00f3n con un presunto complot para provocar disturbios. La investigaci\u00f3n, que incluy\u00f3 unas 250 redadas en todo el pa\u00eds, estuvo a cargo de una fiscal\u00eda especial con estrechos v\u00ednculos con agencias europeas.\n    <\/p>\n<p class=\"paragraph inline-placeholder vossi-paragraph\" data-uri=\"es.cms.cnn.com\/_components\/paragraph\/instances\/cmg6eofq2000q356nqk7z6pxm@published\" data-editable=\"text\" data-component-name=\"paragraph\" data-article-gutter=\"true\">\n            Marta <a href=\"https:\/\/www.rferl.org\/a\/moldova-russia-parliamentary-election-arrests-provocation-marta-kos-european-commission-maia-sandu\/33539603.html\" target=\"_blank\" rel=\"nofollow noopener\">Kos,<\/a> comisaria de ampliaci\u00f3n de la UE, afirm\u00f3 que el Gobierno moldavo hab\u00eda \u201cdemostrado ser resiliente y capaz de luchar contra las fuerzas que quieren que este pa\u00eds se aleje del camino europeo\u201d.\n    <\/p>\n<p class=\"paragraph inline-placeholder vossi-paragraph\" data-uri=\"es.cms.cnn.com\/_components\/paragraph\/instances\/cmg6eofq2000r356n7e15diuk@published\" data-editable=\"text\" data-component-name=\"paragraph\" data-article-gutter=\"true\">\n            Por su parte, el Kremlin acus\u00f3 el lunes a las autoridades moldavas de sofocar el apoyo a la oposici\u00f3n, alegando que hab\u00eda muy pocos centros de votaci\u00f3n para los moldavos que viven en Rusia.\n    <\/p>\n<p>       <img decoding=\"async\" src=\"https:\/\/www.europesays.com\/es\/wp-content\/uploads\/2025\/09\/2025-09-28t114236z-1306631726-rc2x0hamg24f-rtrmadp-3-moldova-election-20250930102730124.jpg\" alt=\"La gente vota en un colegio electoral ubicado en la embajada de Moldavia en Mosc\u00fa, Rusia, el domingo.\" class=\"image__dam-img image__dam-img--loading\" onload=\"this.classList.remove('image__dam-img--loading')\" onerror=\"imageLoadError(this)\" height=\"560\" width=\"860\" loading=\"lazy\"\/><\/p>\n<p class=\"paragraph inline-placeholder vossi-paragraph\" data-uri=\"es.cms.cnn.com\/_components\/paragraph\/instances\/cmg6eofq2000s356ninqrcryr@published\" data-editable=\"text\" data-component-name=\"paragraph\" data-article-gutter=\"true\">\n            \u201cNo se trata de que Rusia intente influir en nadie. Se trata del descontento de una gran parte de la poblaci\u00f3n moldava por no tener el derecho a votar en las elecciones\u201d, dijo el portavoz del Kremlin, Dmitry Peskov, la semana pasada.\n    <\/p>\n<p class=\"paragraph inline-placeholder vossi-paragraph\" data-uri=\"es.cms.cnn.com\/_components\/paragraph\/instances\/cmg6eofq2000t356ny8e9hg6q@published\" data-editable=\"text\" data-component-name=\"paragraph\" data-article-gutter=\"true\">\n            Y la votaci\u00f3n en la regi\u00f3n separatista moldava de Transnistria, donde se encuentran m\u00e1s de 1.000 soldados rusos, se vio obstaculizada cuando la comisi\u00f3n electoral cerr\u00f3 cuatro colegios electorales debido a una \u201cposible desestabilizaci\u00f3n\u201d y amenazas. La oposici\u00f3n afirm\u00f3 el lunes que se hab\u00eda impedido votar a al menos 200.000 personas.\n    <\/p>\n<p class=\"paragraph inline-placeholder vossi-paragraph\" data-uri=\"es.cms.cnn.com\/_components\/paragraph\/instances\/cmg6eofq2000u356nbtpn9dmy@published\" data-editable=\"text\" data-component-name=\"paragraph\" data-article-gutter=\"true\">\n            La victoria del PAS dif\u00edcilmente pondr\u00e1 fin a las operaciones de influencia rusa.\n    <\/p>\n<p class=\"paragraph inline-placeholder vossi-paragraph\" data-uri=\"es.cms.cnn.com\/_components\/paragraph\/instances\/cmg6eofq2000v356nxf7fu9bj@published\" data-editable=\"text\" data-component-name=\"paragraph\" data-article-gutter=\"true\">\n            Hace dos a\u00f1os, <a href=\"https:\/\/www.cnn.com\/2023\/03\/16\/europe\/russia-moldova-secret-document-intl-cmd\" rel=\"nofollow noopener\" target=\"_blank\">CNN inform\u00f3<\/a> sobre un plan secreto elaborado por el servicio de seguridad ruso, el FSB, que establec\u00eda opciones detalladas para desestabilizar a Moldavia, incluido el apoyo a grupos prorrusos, la utilizaci\u00f3n de la Iglesia Ortodoxa y la amenaza de cortar el suministro de gas natural.\n    <\/p>\n<p class=\"paragraph inline-placeholder vossi-paragraph\" data-uri=\"es.cms.cnn.com\/_components\/paragraph\/instances\/cmg6eofq2000w356nncn63jc2@published\" data-editable=\"text\" data-component-name=\"paragraph\" data-article-gutter=\"true\">\n            El documento establece una estrategia de 10 a\u00f1os para incorporar a Moldavia a la esfera de influencia de Rusia y parece haber sido escrito en 2021 por la Direcci\u00f3n de Cooperaci\u00f3n Transfronteriza del FSB.\n    <\/p>\n<p class=\"paragraph inline-placeholder vossi-paragraph\" data-uri=\"es.cms.cnn.com\/_components\/paragraph\/instances\/cmg6eofq3000x356nvx4wc6uc@published\" data-editable=\"text\" data-component-name=\"paragraph\" data-article-gutter=\"true\">\n            En \u00e9l se establec\u00edan objetivos que inclu\u00edan \u201cla oposici\u00f3n a la pol\u00edtica expansionista de Rumania\u201d, vecino de Moldavia, y el rechazo a la cooperaci\u00f3n moldava con la OTAN, as\u00ed como la \u201ccreaci\u00f3n de grupos de influencia prorrusos estables\u201d en Moldavia.\n    <\/p>\n<p class=\"paragraph inline-placeholder vossi-paragraph\" data-uri=\"es.cms.cnn.com\/_components\/paragraph\/instances\/cmg6eofq3000y356ne3bgat6v@published\" data-editable=\"text\" data-component-name=\"paragraph\" data-article-gutter=\"true\">\n            Pero estas elecciones han demostrado que en Moldavia existen fuertes corrientes que se oponen a una retirada hacia la \u00f3rbita rusa.\n    <\/p>\n<p class=\"paragraph inline-placeholder vossi-paragraph\" data-uri=\"es.cms.cnn.com\/_components\/paragraph\/instances\/cmg6eofq3000z356nx9sq9iko@published\" data-editable=\"text\" data-component-name=\"paragraph\" data-article-gutter=\"true\">\n            Hubo una alta participaci\u00f3n entre la di\u00e1spora moldava \u2014alrededor de un tercio del electorado\u2014, quienes probablemente son m\u00e1s proeuropeos que los sectores m\u00e1s ancianos y pobres de la poblaci\u00f3n del pa\u00eds.\n    <\/p>\n<p class=\"paragraph inline-placeholder vossi-paragraph\" data-uri=\"es.cms.cnn.com\/_components\/paragraph\/instances\/cmg6eofq30010356nzdwpfecn@published\" data-editable=\"text\" data-component-name=\"paragraph\" data-article-gutter=\"true\">\n            Los moldavos m\u00e1s j\u00f3venes tambi\u00e9n est\u00e1n m\u00e1s a favor de Europa, como lo demuestra su participaci\u00f3n en el refer\u00e9ndum del a\u00f1o pasado sobre si Moldavia debiera aspirar a ser miembro o adherirse a la UE.\n    <\/p>\n<p class=\"paragraph inline-placeholder vossi-paragraph\" data-uri=\"es.cms.cnn.com\/_components\/paragraph\/instances\/cmg6eofq30011356nswfuy087@published\" data-editable=\"text\" data-component-name=\"paragraph\" data-article-gutter=\"true\">\n            Como en la vecina Ucrania y en Georgia, otra exrep\u00fablica sovi\u00e9tica, la lucha entre el abrazo de acero de Rusia y un futuro m\u00e1s cercano a Europa continuar\u00e1.\n    <\/p>\n","protected":false},"excerpt":{"rendered":"CNN \u00a0\u2014\u00a0 La victoria de un partido proeuropeo en las elecciones parlamentarias de Moldavia fue una prueba de&hellip;\n","protected":false},"author":2,"featured_media":148532,"comment_status":"","ping_status":"","sticky":false,"template":"","format":"standard","meta":{"footnotes":""},"categories":[42],"tags":[17,18,45373,700,13,14,11,45374,61,62,63,64,19,20,9,10,15,16,12,21,22,65,66,67],"class_list":{"0":"post-148531","1":"post","2":"type-post","3":"status-publish","4":"format-standard","5":"has-post-thumbnail","7":"category-internacional","8":"tag-breaking-news","9":"tag-breakingnews","10":"tag-elecciones-moldavia","11":"tag-europa","12":"tag-featured-news","13":"tag-featurednews","14":"tag-headlines","15":"tag-interferencia-rusia","16":"tag-internacional","17":"tag-international","18":"tag-international-news","19":"tag-internationalnews","20":"tag-latest-news","21":"tag-latestnews","22":"tag-news","23":"tag-noticias","24":"tag-noticias-destacadas","25":"tag-noticiasdestacadas","26":"tag-titulares","27":"tag-ultimas-noticias","28":"tag-ultimasnoticias","29":"tag-world","30":"tag-world-news","31":"tag-worldnews"},"share_on_mastodon":{"url":"","error":""},"_links":{"self":[{"href":"https:\/\/www.europesays.com\/es\/wp-json\/wp\/v2\/posts\/148531","targetHints":{"allow":["GET"]}}],"collection":[{"href":"https:\/\/www.europesays.com\/es\/wp-json\/wp\/v2\/posts"}],"about":[{"href":"https:\/\/www.europesays.com\/es\/wp-json\/wp\/v2\/types\/post"}],"author":[{"embeddable":true,"href":"https:\/\/www.europesays.com\/es\/wp-json\/wp\/v2\/users\/2"}],"replies":[{"embeddable":true,"href":"https:\/\/www.europesays.com\/es\/wp-json\/wp\/v2\/comments?post=148531"}],"version-history":[{"count":0,"href":"https:\/\/www.europesays.com\/es\/wp-json\/wp\/v2\/posts\/148531\/revisions"}],"wp:featuredmedia":[{"embeddable":true,"href":"https:\/\/www.europesays.com\/es\/wp-json\/wp\/v2\/media\/148532"}],"wp:attachment":[{"href":"https:\/\/www.europesays.com\/es\/wp-json\/wp\/v2\/media?parent=148531"}],"wp:term":[{"taxonomy":"category","embeddable":true,"href":"https:\/\/www.europesays.com\/es\/wp-json\/wp\/v2\/categories?post=148531"},{"taxonomy":"post_tag","embeddable":true,"href":"https:\/\/www.europesays.com\/es\/wp-json\/wp\/v2\/tags?post=148531"}],"curies":[{"name":"wp","href":"https:\/\/api.w.org\/{rel}","templated":true}]}}