{"id":148533,"date":"2025-09-30T12:17:06","date_gmt":"2025-09-30T12:17:06","guid":{"rendered":"https:\/\/www.europesays.com\/es\/148533\/"},"modified":"2025-09-30T12:17:06","modified_gmt":"2025-09-30T12:17:06","slug":"ultima-hora-de-la-actualidad-politica-en-directo-el-gobierno-insiste-en-que-no-hay-nada-en-el-caso-de-begona-gomez-tras-el-ultimo-informe-de-la-uco-espana","status":"publish","type":"post","link":"https:\/\/www.europesays.com\/es\/148533\/","title":{"rendered":"\u00daltima hora de la actualidad pol\u00edtica, en directo\u00a0| El Gobierno insiste en que \u201cno hay nada\u201d en el caso de Bego\u00f1a G\u00f3mez tras el \u00faltimo informe de la UCO | Espa\u00f1a"},"content":{"rendered":"<p class=\"ev-title\">El PSOE ve todav\u00eda posible sacar adelante los presupuestos pese a la compleja negociaci\u00f3n con los grupos<\/p>\n<p>El portavoz del PSOE en el Congreso, Patxi L\u00f3pez, ve todav\u00eda \u201cposible\u201d que el Gobierno pueda sacar adelante los presupuestos de 2026, a pesar de la complejidad que tiene negociarlos con fuerzas pol\u00edticas distintas y objetivos diversos. As\u00ed lo ha asegurado en una entrevista en TVE, en el d\u00eda en que finaliza el plazo constitucional para presentar ante el Congreso el proyecto de Presupuestos Generales del Estado para 2026 en tiempo y forma. La Constituci\u00f3n establece que las cuentas deben llevarse a la C\u00e1mara Baja al menos tres meses antes de que termine el a\u00f1o anterior.<\/p>\n<p>L\u00f3pez ha explicado que el borrador est\u00e1 elaborado y que, tal y como avanz\u00f3 ayer la ministra de Hacienda, Mar\u00eda Jes\u00fas Montero, est\u00e1n a falta de los \u00faltimos flecos. Dicho esto, se ha mostrado \u201cseguro\u201d de que al final podr\u00e1n \u201ccasar\u201d el \u201cpuzzle\u201d e incluir todas las exigencias de los grupos. A la pregunta de cu\u00e1ndo tienen previsto registrar el techo de gasto y la senda de estabilidad, ha dicho que eso lo decide el Gobierno y que est\u00e1 negociando \u201cpara poder hacerlo cuanto antes\u201d.<\/p>\n<p>Adem\u00e1s,\u00a0L\u00f3pez\u00a0ha rechazado la propuesta del Partido Popular\u00a0de crear un visado por puntos para migrantes. \u201cYa lo hizo (Mariano) Rajoy hace 17 a\u00f1os y en el fondo es inconstitucional porque lo que viene a decir es que hay inmigrantes de primera e inmigrantes de segunda\u201d, ha avisado. \u201cEs contraria al derecho internacional\u201d, ha advertido L\u00f3pez\u00a0al ser preguntado por el plan sobre migraci\u00f3n que ha presentado el Partido Popular este fin de semana en Murcia.\u00a0(Agencias)<\/p>\n","protected":false},"excerpt":{"rendered":"El PSOE ve todav\u00eda posible sacar adelante los presupuestos pese a la compleja negociaci\u00f3n con los grupos El&hellip;\n","protected":false},"author":2,"featured_media":148534,"comment_status":"","ping_status":"","sticky":false,"template":"","format":"standard","meta":{"footnotes":""},"categories":[8],"tags":[6069,17,18,4456,6913,25,24,13,14,582,6909,248,11,19,20,6910,9,10,15,16,957,2959,952,1670,956,1699,6914,6912,23,4453,12,21,22,624,6911,4454],"class_list":{"0":"post-148533","1":"post","2":"type-post","3":"status-publish","4":"format-standard","5":"has-post-thumbnail","7":"category-espana","8":"tag-alberto-nunez-feijoo","9":"tag-breaking-news","10":"tag-breakingnews","11":"tag-congreso-diputados","12":"tag-debates-parlamentarios","13":"tag-es","14":"tag-espana","15":"tag-featured-news","16":"tag-featurednews","17":"tag-gobierno","18":"tag-gobierno-de-coalicion","19":"tag-gobierno-de-espana","20":"tag-headlines","21":"tag-latest-news","22":"tag-latestnews","23":"tag-legislaturas-politicas","24":"tag-news","25":"tag-noticias","26":"tag-noticias-destacadas","27":"tag-noticiasdestacadas","28":"tag-partidos-politicos","29":"tag-pedro-sanchez","30":"tag-politica","31":"tag-politicos","32":"tag-pp","33":"tag-psoe","34":"tag-santiago-abascal","35":"tag-senado","36":"tag-spain","37":"tag-sumar","38":"tag-titulares","39":"tag-ultimas-noticias","40":"tag-ultimasnoticias","41":"tag-vox","42":"tag-xv-legislatura-espana","43":"tag-yolanda-diaz"},"share_on_mastodon":{"url":"","error":""},"_links":{"self":[{"href":"https:\/\/www.europesays.com\/es\/wp-json\/wp\/v2\/posts\/148533","targetHints":{"allow":["GET"]}}],"collection":[{"href":"https:\/\/www.europesays.com\/es\/wp-json\/wp\/v2\/posts"}],"about":[{"href":"https:\/\/www.europesays.com\/es\/wp-json\/wp\/v2\/types\/post"}],"author":[{"embeddable":true,"href":"https:\/\/www.europesays.com\/es\/wp-json\/wp\/v2\/users\/2"}],"replies":[{"embeddable":true,"href":"https:\/\/www.europesays.com\/es\/wp-json\/wp\/v2\/comments?post=148533"}],"version-history":[{"count":0,"href":"https:\/\/www.europesays.com\/es\/wp-json\/wp\/v2\/posts\/148533\/revisions"}],"wp:featuredmedia":[{"embeddable":true,"href":"https:\/\/www.europesays.com\/es\/wp-json\/wp\/v2\/media\/148534"}],"wp:attachment":[{"href":"https:\/\/www.europesays.com\/es\/wp-json\/wp\/v2\/media?parent=148533"}],"wp:term":[{"taxonomy":"category","embeddable":true,"href":"https:\/\/www.europesays.com\/es\/wp-json\/wp\/v2\/categories?post=148533"},{"taxonomy":"post_tag","embeddable":true,"href":"https:\/\/www.europesays.com\/es\/wp-json\/wp\/v2\/tags?post=148533"}],"curies":[{"name":"wp","href":"https:\/\/api.w.org\/{rel}","templated":true}]}}